{"id":85093,"date":"2025-09-24T19:39:14","date_gmt":"2025-09-24T19:39:14","guid":{"rendered":"https:\/\/www.europesays.com\/pt\/85093\/"},"modified":"2025-09-24T19:39:14","modified_gmt":"2025-09-24T19:39:14","slug":"cinco-anos-depois-de-lage-benfica-volta-a-passar-tres-jogos-seguidos-sem-ganhar-na-luz","status":"publish","type":"post","link":"https:\/\/www.europesays.com\/pt\/85093\/","title":{"rendered":"Cinco anos depois (de Lage), Benfica volta a passar tr\u00eas jogos seguidos sem ganhar na Luz"},"content":{"rendered":"<p style=\"margin-bottom:11px\">Nem o efeito \u00abSpecial One\u00bb valeu ao Benfica para inverter um arranque de temporada atipicamente dif\u00edcil na Luz, onde j\u00e1 n\u00e3o vence h\u00e1 tr\u00eas jogos consecutivos, juntando todas as provas, algo que n\u00e3o acontecia h\u00e1 cinco anos. Mas h\u00e1 mais: desde 2007 que n\u00e3o se via um in\u00edcio de campeonato t\u00e3o pobre das \u00e1guias\u00a0a jogar em casa.<\/p>\n<p>Na antevis\u00e3o ao jogo com o Rio Ave, que completou a jornada inaugural da Liga, Jos\u00e9 Mourinho, de regresso ao Est\u00e1dio da Luz como treinador dos encarnados 25 anos depois, dizia que o Benfica \u00abprecisa do fator casa\u00bb e que, \u00ab<a href=\"https:\/\/maisfutebol.iol.pt\/benfica\/rio-ave\/mourinho-os-jogadores-precisam-de-uma-conexao-com-os-adeptos\" target=\"_blank\" rel=\"nofollow noopener\">do ponto visto emocional, os jogadores precisam de uma conex\u00e3o com os adeptos que os fa\u00e7a sentir em casa<\/a>\u00bb, mas os resultados n\u00e3o t\u00eam ajudado a elevar essa aura.<\/p>\n<p>Apesar de se terem adiantado no marcador aos 86 minutos, por Sudakov, as \u00e1guias\u00a0n\u00e3o conseguiram segurar a vantagem at\u00e9 final, <a href=\"https:\/\/maisfutebol.iol.pt\/liga\/benfica\/benfica-rio-ave-1-1-cronica\" target=\"_blank\" rel=\"nofollow noopener\">vendo o Rio Ave empatar [1-1<\/a>]\u00a0no tempo de compensa\u00e7\u00e3o com um belo golo de Andr\u00e9 Luiz.<\/p>\n<p>E assim se deu forma ao terceiro jogo consecutivo do Benfica sem conseguir vencer no Est\u00e1dio da Luz, esta \u00e9poca. O empate com o Rio Ave foi o segundo seguido na Liga, a jogar em casa, com a particularidade de ambos terem tido o mesmo resultado [1-1] e sido consentidos com um golo sofrido no tempo de compensa\u00e7\u00e3o. No dia 12 de setembro, tinha sido <a href=\"https:\/\/maisfutebol.iol.pt\/liga\/benfica\/benfica-santa-clara-1-1-cronica\" target=\"_blank\" rel=\"nofollow noopener\">Vin\u00edcius Lopes a \u201cgelar\u201d a Luz, ao minuto 90+2<\/a>, na sequ\u00eancia de um erro crasso cometido por Otamendi.<\/p>\n<p>Pelo meio, uma \u201ctrag\u00e9dia azeri\u201d na Liga dos Campe\u00f5es, com a <a href=\"https:\/\/maisfutebol.iol.pt\/jogo\/aominuto\/benfica\/qarabag\/13830228\" target=\"_blank\" rel=\"nofollow noopener\">reviravolta impens\u00e1vel de um modesto Qarabag [3-2]<\/a>\u00a0que aos 16 minutos j\u00e1 perdia por 2-0.<\/p>\n<p><a href=\"https:\/\/maisfutebol.iol.pt\/benfica\/rui-costa\/oficial-bruno-lage-demitido-do-benfica\" target=\"_blank\" rel=\"nofollow noopener\">Bruno Lage caiu na sequ\u00eancia do desastre europeu<\/a>, desfecho que o treinador natural de Set\u00fabal j\u00e1 havia tido na \u00faltima vez que o Benfica passou mais do que tr\u00eas jogos consecutivos sem ganhar em casa.<\/p>\n<p>Aconteceu na reta final da temporada 2019\/2020, at\u00edpica pelos constrangimentos causados pela pandemia de covid-19 <a href=\"https:\/\/maisfutebol.iol.pt\/uefa\/liga\/covid-19-o-cenarios-dos-campeonatos-nacionais-na-europa\" target=\"_blank\" rel=\"nofollow noopener\">que obrigaram \u00e0 interrup\u00e7\u00e3o das competi\u00e7\u00f5es<\/a>.<\/p>\n<p>Foi precisamente nessa altura que os encarnados somaram cinco encontros consecutivos sem triunfar no Est\u00e1dio da Luz, os dois primeiros antes da paragem [derrota com o Sp. Braga (1-0) para a Liga e empate com o Shakhtar Donetsk (3-3) para a Liga Europa], e as restantes no regresso \u00e0 competi\u00e7\u00e3o [empates com Moreirense (1-1) e Tondela (0-0) e derrota com o Santa Clara (4-3)].<\/p>\n<p><a href=\"https:\/\/maisfutebol.iol.pt\/liga\/28-11-2020\/benfica-ultima-visita-ao-maritimo-levou-a-demissao-de-bruno-lage\" target=\"_blank\" rel=\"nofollow noopener\">Bruno Lage acabaria demitido na semana seguinte \u00e0 derrota com os a\u00e7orianos<\/a>, quando perdeu por 2-0, na Madeira, frente ao Mar\u00edtimo.<\/p>\n<p>Cingindo a an\u00e1lise \u00e0 pontua\u00e7\u00e3o obtida ap\u00f3s os primeiros tr\u00eas jogos em casa para a Liga em cada temporada, h\u00e1 18 anos que o Benfica n\u00e3o atingia esta fase com apenas uma vit\u00f3ria. Em 2007, com o espanhol Jos\u00e9 Ant\u00f3nio Camacho no banco, as \u00e1guias empataram com o Vit\u00f3ria de Guimar\u00e3es [0-0] e o Sporting [0-0] e venceram a Naval [3-0]. Isto numa \u00e9poca em que foram quartas classificadas, atr\u00e1s de FC Porto, que foi campe\u00e3o, Sporting e Vit\u00f3ria.<\/p>\n<p>Para se encontrar um registo pior de pontos somados para a Liga nos primeiros tr\u00eas jogos na Luz, \u00e9 preciso recuar ao ano de 2004, quando o Benfica de Trapattoni perdeu com o FC Porto [1-0], empatou com o Sp. Braga [0-0] e apenas derrotou o Moreirense [2-0]. Apesar do arranque conturbado, os encarnados acabariam por se sagrar campe\u00f5es nacionais no final dessa \u00e9poca, <a href=\"https:\/\/maisfutebol.iol.pt\/benfica-e-o-campeao-nacional-2004-05\" target=\"_blank\" rel=\"nofollow noopener\">quebrando um jejum de 11 anos<\/a>.<\/p>\n<p style=\"margin-bottom:11px\"><strong>J\u00e1 segue o <a href=\"https:\/\/eur05.safelinks.protection.outlook.com\/?url=http%3A%2F%2Fwhatsapp.com%2Fchannel%2F0029Va9lGKPGOj9nW79Pd117&amp;data=05%7C02%7Craasantos%40tvi.pt%7Cc89f401601d045b5d75d08ddfa7d0fda%7C13331a74bf1340369e500c52b4b83749%7C0%7C0%7C638942137220564686%7CUnknown%7CTWFpbGZsb3d8eyJFbXB0eU1hcGkiOnRydWUsIlYiOiIwLjAuMDAwMCIsIlAiOiJXaW4zMiIsIkFOIjoiTWFpbCIsIldUIjoyfQ%3D%3D%7C0%7C%7C%7C&amp;sdata=mvt8EGfiWBV0qeIQuLOH0DoFHBsFUuXU6%2FsJwNPYMQk%3D&amp;reserved=0\" title=\"whatsapp.com\/channel\/0029Va9lGKPGOj9nW79Pd117\" rel=\"nofollow noopener\" target=\"_blank\">canal de Whatsapp do Maisfutebol<\/a>?<\/strong><\/p>\n","protected":false},"excerpt":{"rendered":"Nem o efeito \u00abSpecial One\u00bb valeu ao Benfica para inverter um arranque de temporada atipicamente dif\u00edcil na Luz,&hellip;\n","protected":false},"author":2,"featured_media":85094,"comment_status":"","ping_status":"","sticky":false,"template":"","format":"standard","meta":{"footnotes":""},"categories":[8],"tags":[51,27,28,2923,279,15,16,524,14,1385,25,26,36,21,22,1356,46,12,13,19,20,32,23,24,33,47,17,18,29,30,31],"class_list":{"0":"post-85093","1":"post","2":"type-post","3":"status-publish","4":"format-standard","5":"has-post-thumbnail","7":"category-principais-noticias","8":"tag-benfica","9":"tag-breaking-news","10":"tag-breakingnews","11":"tag-bruno-lage","12":"tag-estadio-da-luz","13":"tag-featured-news","14":"tag-featurednews","15":"tag-futebol","16":"tag-headlines","17":"tag-jose-mourinho","18":"tag-latest-news","19":"tag-latestnews","20":"tag-liga","21":"tag-main-news","22":"tag-mainnews","23":"tag-mais-futebol","24":"tag-maisfutebol","25":"tag-news","26":"tag-noticias","27":"tag-noticias-principais","28":"tag-noticiasprincipais","29":"tag-portugal","30":"tag-principais-noticias","31":"tag-principaisnoticias","32":"tag-pt","33":"tag-pura-paixao","34":"tag-top-stories","35":"tag-topstories","36":"tag-ultimas","37":"tag-ultimas-noticias","38":"tag-ultimasnoticias"},"share_on_mastodon":{"url":"","error":""},"_links":{"self":[{"href":"https:\/\/www.europesays.com\/pt\/wp-json\/wp\/v2\/posts\/85093","targetHints":{"allow":["GET"]}}],"collection":[{"href":"https:\/\/www.europesays.com\/pt\/wp-json\/wp\/v2\/posts"}],"about":[{"href":"https:\/\/www.europesays.com\/pt\/wp-json\/wp\/v2\/types\/post"}],"author":[{"embeddable":true,"href":"https:\/\/www.europesays.com\/pt\/wp-json\/wp\/v2\/users\/2"}],"replies":[{"embeddable":true,"href":"https:\/\/www.europesays.com\/pt\/wp-json\/wp\/v2\/comments?post=85093"}],"version-history":[{"count":0,"href":"https:\/\/www.europesays.com\/pt\/wp-json\/wp\/v2\/posts\/85093\/revisions"}],"wp:featuredmedia":[{"embeddable":true,"href":"https:\/\/www.europesays.com\/pt\/wp-json\/wp\/v2\/media\/85094"}],"wp:attachment":[{"href":"https:\/\/www.europesays.com\/pt\/wp-json\/wp\/v2\/media?parent=85093"}],"wp:term":[{"taxonomy":"category","embeddable":true,"href":"https:\/\/www.europesays.com\/pt\/wp-json\/wp\/v2\/categories?post=85093"},{"taxonomy":"post_tag","embeddable":true,"href":"https:\/\/www.europesays.com\/pt\/wp-json\/wp\/v2\/tags?post=85093"}],"curies":[{"name":"wp","href":"https:\/\/api.w.org\/{rel}","templated":true}]}}