{"id":85096,"date":"2025-09-24T19:43:10","date_gmt":"2025-09-24T19:43:10","guid":{"rendered":"https:\/\/www.europesays.com\/pt\/85096\/"},"modified":"2025-09-24T19:43:10","modified_gmt":"2025-09-24T19:43:10","slug":"otavio-e-dina-na-cachoeira","status":"publish","type":"post","link":"https:\/\/www.europesays.com\/pt\/85096\/","title":{"rendered":"&#8216;Ot\u00e1vio e Din\u00e1 na cachoeira&#8217;"},"content":{"rendered":"\n<p class=\" content-text__container \" data-track-category=\"Link no Texto\" data-track-links=\"\"> A Viagem se tornou um marco na TV brasileira ao ser a primeira novela com tem\u00e1tica esp\u00edrita da Globo. Na trama, Din\u00e1, vivida por Torloni, sofre com a pris\u00e3o do irm\u00e3o, Alexandre (<strong>Guilherme Fontes<\/strong>) e procura a ajuda de um advogado, Ot\u00e1vio, papel de Fagundes. Eles, no entanto, n\u00e3o se entendem logo de cara, mas, com o tempo, as desaven\u00e7as d\u00e3o espa\u00e7o a um amor que perdura at\u00e9 ap\u00f3s a morte. <\/p>\n","protected":false},"excerpt":{"rendered":"A Viagem se tornou um marco na TV brasileira ao ser a primeira novela com tem\u00e1tica esp\u00edrita da&hellip;\n","protected":false},"author":2,"featured_media":85097,"comment_status":"","ping_status":"","sticky":false,"template":"","format":"standard","meta":{"footnotes":""},"categories":[142],"tags":[2872,21576,14885,16300,114,115,32,33,151],"class_list":{"0":"post-85096","1":"post","2":"type-post","3":"status-publish","4":"format-standard","5":"has-post-thumbnail","7":"category-tv","8":"tag-a-viagem","9":"tag-alexandra-martins","10":"tag-antonio-fagundes","11":"tag-christiane-torloni","12":"tag-entertainment","13":"tag-entretenimento","14":"tag-portugal","15":"tag-pt","16":"tag-tv"},"share_on_mastodon":{"url":"","error":""},"_links":{"self":[{"href":"https:\/\/www.europesays.com\/pt\/wp-json\/wp\/v2\/posts\/85096","targetHints":{"allow":["GET"]}}],"collection":[{"href":"https:\/\/www.europesays.com\/pt\/wp-json\/wp\/v2\/posts"}],"about":[{"href":"https:\/\/www.europesays.com\/pt\/wp-json\/wp\/v2\/types\/post"}],"author":[{"embeddable":true,"href":"https:\/\/www.europesays.com\/pt\/wp-json\/wp\/v2\/users\/2"}],"replies":[{"embeddable":true,"href":"https:\/\/www.europesays.com\/pt\/wp-json\/wp\/v2\/comments?post=85096"}],"version-history":[{"count":0,"href":"https:\/\/www.europesays.com\/pt\/wp-json\/wp\/v2\/posts\/85096\/revisions"}],"wp:featuredmedia":[{"embeddable":true,"href":"https:\/\/www.europesays.com\/pt\/wp-json\/wp\/v2\/media\/85097"}],"wp:attachment":[{"href":"https:\/\/www.europesays.com\/pt\/wp-json\/wp\/v2\/media?parent=85096"}],"wp:term":[{"taxonomy":"category","embeddable":true,"href":"https:\/\/www.europesays.com\/pt\/wp-json\/wp\/v2\/categories?post=85096"},{"taxonomy":"post_tag","embeddable":true,"href":"https:\/\/www.europesays.com\/pt\/wp-json\/wp\/v2\/tags?post=85096"}],"curies":[{"name":"wp","href":"https:\/\/api.w.org\/{rel}","templated":true}]}}