{"id":85179,"date":"2025-09-24T21:11:10","date_gmt":"2025-09-24T21:11:10","guid":{"rendered":"https:\/\/www.europesays.com\/pt\/85179\/"},"modified":"2025-09-24T21:11:10","modified_gmt":"2025-09-24T21:11:10","slug":"colo-de-avo-e-sempre-melhor-maria-botelho-moniz-mostra-foto-unica-da-mae-com-o-filho-vicente-secret-story","status":"publish","type":"post","link":"https:\/\/www.europesays.com\/pt\/85179\/","title":{"rendered":"\u00abColo de av\u00f3 \u00e9 sempre melhor\u00bb: Maria Botelho Moniz mostra foto \u00fanica da m\u00e3e com o filho Vicente &#8211; Secret Story"},"content":{"rendered":"<p><strong>Maria Botelho Moniz<\/strong>\u00a0brindou os f\u00e3s com uma fotografia muito especial do filho Vicente, mas desta vez o menino n\u00e3o surge sozinho. Nesta ter\u00e7a-feira, 23 de setembro, a apresentadora <a href=\"http:\/\/Maria Botelho Moniz voltou a derreter os f\u00e3s com um novo registo fotogr\u00e1fico do filho Vicente. Nesta ter\u00e7a-feira, 23 de setembro, a apresentadora partilhou uma imagem em que surge a sua m\u00e3e com o neto ao colo.   \u00abColo de av\u00f3 \u00e9 sempre o melhor\u00bb, escreveu a comunicadora da TVI, na descri\u00e7\u00e3o da foto, divulgada no Instagram.     Os f\u00e3s ficaram rendidos \u00e0 fotografia e encheram a caixa de coment\u00e1rios de rasgados elogios. \u00abOs av\u00f3s deveriam de ser eternos\u2764\ufe0f\u00bb, \u00abAinda n\u00e3o inventaram nada melhor que o colo dos av\u00f3s \u2764\ufe0f\u00bb, \u00abFoto linda av\u00f3 e neto\u2764\ufe0f\u00bb, \u00abQue foto linda nao h\u00e1 nada melhor do que as av\u00f3s \ud83d\ude0d\u00bb, \u00abColinho de av\u00f3 \u00e9 uma maravilha\u00bb, \u00abMomentos doces \u2764\ufe0f\u00bb, pode ler-se.  Pedro Bianchi Prata, o noivo de Maria Botelho Moniz, tamb\u00e9m n\u00e3o ficou indiferente \u00e0 fotografia amorosa e comentou com um emoji em forma de cora\u00e7\u00e3o.  Percorra a nossa galeria e veja a fotografia que est\u00e1 a fazer furor nas redes sociais.\" rel=\"nofollow\">partilhou um registo fotogr\u00e1fico em que mostra a sua m\u00e3e com o seu filho\u00a0<\/a>nos bra\u00e7os.<\/p>\n<p><strong>\u00abColo de av\u00f3 \u00e9 sempre o melhor\u00bb,<\/strong> escreveu a comunicadora da TVI, na descri\u00e7\u00e3o da foto, divulgada no Instagram.<\/p>\n<p>Os<a href=\"https:\/\/tvi.iol.pt\/secretstory\/maria-botelho-moniz\/pedro-bianchi-prata\/20-mil-gostos-esta-e-a-foto-de-familia-de-maria-botelho-moniz-que-esta-a-explodir-no-instagram\" rel=\"nofollow noopener\" target=\"_blank\"> f\u00e3s ficaram rendidos \u00e0 imagem\u00a0<\/a>e encheram a caixa de coment\u00e1rios de rasgados elogios. <strong>\u00abOs av\u00f3s deveriam de ser eternos\u2764\ufe0f\u00bb,<\/strong> \u00abAinda n\u00e3o inventaram nada melhor que o colo dos av\u00f3s \u2764\ufe0f\u00bb, <strong>\u00abFoto linda av\u00f3 e neto\u2764\ufe0f\u00bb<\/strong>,<strong> \u00abQue foto linda n\u00e3o h\u00e1 nada melhor do que as av\u00f3s \ud83d\ude0d\u00bb<\/strong>, \u00abColinho de av\u00f3 \u00e9 uma maravilha\u00bb, \u00abMomentos doces \u2764\ufe0f\u00bb, \u00abAv\u00f3 \u00e9 m\u00e3e com a\u00e7\u00facar&#8230; \ud83d\ude0d\u00bb, pode ler-se.<\/p>\n<p><strong>Pedro Bianchi Prata, o noivo de Maria Botelho Moniz, <\/strong>tamb\u00e9m n\u00e3o <a href=\"https:\/\/tvi.iol.pt\/secretstory\/fotos\/maria-botelho-moniz-abraca-o-noivo-nos-bastidores-da-gala-final-do-big-brother-e-as-imagens-sao-apaixonantes\/68c4a176d34e58bc6795ac0b\" rel=\"nofollow noopener\" target=\"_blank\">ficou indiferente \u00e0 fotografia amorosa<\/a> e comentou com um emoji em forma de cora\u00e7\u00e3o.<\/p>\n<p><strong>Percorra a nossa galeria e veja a fotografia que est\u00e1 a fazer furor nas redes sociais.<\/strong><\/p>\n<p>\u00a0<\/p>\n<blockquote class=\"instagram-media\" data-instgrm-captioned=\"\" data-instgrm-permalink=\"https:\/\/www.instagram.com\/p\/DO9ZrtvCM1Z\/?utm_source=ig_embed&amp;utm_campaign=loading\" data-instgrm-version=\"14\" style=\" background:#FFF; border:0; border-radius:3px; box-shadow:0 0 1px 0 rgba(0,0,0,0.5),0 1px 10px 0 rgba(0,0,0,0.15); margin: 1px; max-width:540px; min-width:326px; padding:0; width:99.375%; width:-webkit-calc(100% - 2px); width:calc(100% - 2px);\">\n<\/blockquote>\n<p>                        <script async src=\"\/\/www.instagram.com\/embed.js\"><\/script><\/p>\n","protected":false},"excerpt":{"rendered":"Maria Botelho Moniz\u00a0brindou os f\u00e3s com uma fotografia muito especial do filho Vicente, mas desta vez o menino&hellip;\n","protected":false},"author":2,"featured_media":85180,"comment_status":"","ping_status":"","sticky":false,"template":"","format":"standard","meta":{"footnotes":""},"categories":[142],"tags":[8113,2632,329,333,328,335,336,114,115,334,330,1326,338,19019,13,32,33,1315,8174,151,162,19020,227],"class_list":{"0":"post-85179","1":"post","2":"type-post","3":"status-publish","4":"format-standard","5":"has-post-thumbnail","7":"category-tv","8":"tag-alice-alves","9":"tag-casa-dos-segredos","10":"tag-claudio-ramos","11":"tag-comentadores","12":"tag-concorrentes","13":"tag-confrontos","14":"tag-discussoes","15":"tag-entertainment","16":"tag-entretenimento","17":"tag-exclusivos","18":"tag-gala","19":"tag-mafalda-castro","20":"tag-maria-botelho-moniz","21":"tag-marta-cardoso","22":"tag-noticias","23":"tag-portugal","24":"tag-pt","25":"tag-secret-story","26":"tag-segredos","27":"tag-tv","28":"tag-tvi","29":"tag-video-do-dia","30":"tag-videos"},"share_on_mastodon":{"url":"","error":""},"_links":{"self":[{"href":"https:\/\/www.europesays.com\/pt\/wp-json\/wp\/v2\/posts\/85179","targetHints":{"allow":["GET"]}}],"collection":[{"href":"https:\/\/www.europesays.com\/pt\/wp-json\/wp\/v2\/posts"}],"about":[{"href":"https:\/\/www.europesays.com\/pt\/wp-json\/wp\/v2\/types\/post"}],"author":[{"embeddable":true,"href":"https:\/\/www.europesays.com\/pt\/wp-json\/wp\/v2\/users\/2"}],"replies":[{"embeddable":true,"href":"https:\/\/www.europesays.com\/pt\/wp-json\/wp\/v2\/comments?post=85179"}],"version-history":[{"count":0,"href":"https:\/\/www.europesays.com\/pt\/wp-json\/wp\/v2\/posts\/85179\/revisions"}],"wp:featuredmedia":[{"embeddable":true,"href":"https:\/\/www.europesays.com\/pt\/wp-json\/wp\/v2\/media\/85180"}],"wp:attachment":[{"href":"https:\/\/www.europesays.com\/pt\/wp-json\/wp\/v2\/media?parent=85179"}],"wp:term":[{"taxonomy":"category","embeddable":true,"href":"https:\/\/www.europesays.com\/pt\/wp-json\/wp\/v2\/categories?post=85179"},{"taxonomy":"post_tag","embeddable":true,"href":"https:\/\/www.europesays.com\/pt\/wp-json\/wp\/v2\/tags?post=85179"}],"curies":[{"name":"wp","href":"https:\/\/api.w.org\/{rel}","templated":true}]}}