{"id":85297,"date":"2025-09-24T22:57:12","date_gmt":"2025-09-24T22:57:12","guid":{"rendered":"https:\/\/www.europesays.com\/pt\/85297\/"},"modified":"2025-09-24T22:57:12","modified_gmt":"2025-09-24T22:57:12","slug":"setembro-vermelho-hospital-de-messejana-reforca-cuidados-com-a-saude-do-coracao-e-destaca-servicos-especializados","status":"publish","type":"post","link":"https:\/\/www.europesays.com\/pt\/85297\/","title":{"rendered":"Setembro Vermelho: Hospital de Messejana refor\u00e7a cuidados com a sa\u00fade do cora\u00e7\u00e3o e destaca servi\u00e7os especializados"},"content":{"rendered":"<p>&#13;<br \/>\n        &#13;<br \/>\n            &#13;<br \/>\n&#13;<br \/>\n            &#13;<br \/>\n&#13;<br \/>\n            &#13;<br \/>\n                <a href=\"\">24 de setembro de 2025 &#8211; 14:47<\/a>&#13;<br \/>\n                                      #<a href=\"https:\/\/www.ceara.gov.br\/tag\/coracao\/\" rel=\"tag nofollow noopener\" target=\"_blank\">cora\u00e7\u00e3o<\/a> #<a href=\"https:\/\/www.ceara.gov.br\/tag\/hospital-de-messejana\/\" rel=\"tag nofollow noopener\" target=\"_blank\">Hospital de Messejana<\/a> #<a href=\"https:\/\/www.ceara.gov.br\/tag\/servicos-especializados\/\" rel=\"tag nofollow noopener\" target=\"_blank\">Servi\u00e7os especializados<\/a> #<a href=\"https:\/\/www.ceara.gov.br\/tag\/setembro-vermelho\/\" rel=\"tag nofollow noopener\" target=\"_blank\">Setembro Vermelho<\/a> &#13;<br \/>\n                            &#13;<br \/>\n&#13;<\/p>\n<p>Jessica Fortes- Ascom HM  &#8211; Texto e Fotos<br \/>&#13;\n<\/p>\n<p>                &#13;<br \/>\n            &#13;<\/p>\n<p>As doen\u00e7as cardiovasculares s\u00e3o a principal causa de morte no Brasil e no mundo, segundo a Organiza\u00e7\u00e3o Mundial da Sa\u00fade (OMS). No pa\u00eds, cerca de 400 mil pessoas morrem anualmente devido a problemas que poderiam ser prevenidos com h\u00e1bitos de vida saud\u00e1veis, acompanhamento m\u00e9dico regular e diagn\u00f3stico precoce.<\/p>\n<p>O Hospital de Messejana Dr. Carlos Alberto Studart Gomes (HM), da Rede da Secretaria da Sa\u00fade do Cear\u00e1 (Sesa), refer\u00eancia no atendimento de infartos e em tratamentos card\u00edacos de alta complexidade, refor\u00e7a, durante a Campanha Setembro Vermelho, a import\u00e2ncia do autocuidado para reduzir os riscos de doen\u00e7as do cora\u00e7\u00e3o.<\/p>\n<p><img fetchpriority=\"high\" decoding=\"async\" class=\"size-full wp-image-294999 aligncenter\" src=\"https:\/\/www.europesays.com\/pt\/wp-content\/uploads\/2025\/09\/Reabilitacao-Cardiaca-1200x676-1.jpg\" alt=\"\" width=\"1200\" height=\"676\"  \/><\/p>\n<p style=\"text-align: center\">A atividade f\u00edsica melhora a fun\u00e7\u00e3o do cora\u00e7\u00e3o, controla fatores de risco como obesidade, hipertens\u00e3o e colesterol alto, e pode ser usada tanto na preven\u00e7\u00e3o quanto para quem j\u00e1 tem a doen\u00e7a<\/p>\n<p>\u201cO cuidado com a sa\u00fade deve ser di\u00e1rio. \u00c9 poss\u00edvel diminuir os riscos de infarto mantendo uma alimenta\u00e7\u00e3o equilibrada, praticando atividades f\u00edsicas regularmente e controlando fatores como hipertens\u00e3o, colesterol e diabetes. Devemos tamb\u00e9m considerar a obesidade, o sono e a sa\u00fade mental, temas recentes relacionados \u00e0 sa\u00fade cardiovascular\u201d, afirma a cardiologista e coordenadora do Servi\u00e7o de Cardiologia do HM, Danielli Lino.<\/p>\n<p>A m\u00e9dica ressalta ainda a import\u00e2ncia de ficar atento aos sinais de alerta. \u201cQuem tem hist\u00f3rico familiar, fatores de risco ou j\u00e1 passou dos 40 anos precisa realizar check-ups peri\u00f3dicos. O diagn\u00f3stico precoce pode salvar vidas\u201d, acrescenta.<\/p>\n<p>Preven\u00e7\u00e3o \u00e9 o melhor caminho<\/p>\n<p>Entre os principais fatores de risco para doen\u00e7as do cora\u00e7\u00e3o est\u00e3o hipertens\u00e3o, colesterol elevado, diabetes, tabagismo, obesidade, estresse, sedentarismo e consumo excessivo de \u00e1lcool.<\/p>\n<p>\u201cQuando a popula\u00e7\u00e3o entende que a sa\u00fade cardiovascular depende de escolhas di\u00e1rias, conseguimos reduzir interna\u00e7\u00f5es, complica\u00e7\u00f5es e \u00f3bitos. A preven\u00e7\u00e3o \u00e9 o caminho mais eficaz para evitar o agravamento das doen\u00e7as card\u00edacas\u201d, destaca Danielli Lino.<\/p>\n<p>Estrutura especializada<\/p>\n<p>O Hospital de Messejana \u00e9 uma unidade terci\u00e1ria de alta complexidade, 100% SUS, que atua de forma decisiva no atendimento a pacientes em situa\u00e7\u00f5es de urg\u00eancia, como infarto agudo do mioc\u00e1rdio, e no acompanhamento de longo prazo de diversas doen\u00e7as card\u00edacas, incluindo transplantes. De janeiro a agosto de 2025, o Servi\u00e7o de Emerg\u00eancia realizou 1.670 atendimentos por infarto, e o Servi\u00e7o de Pacientes Externos, 26 mil consultas ambulatoriais em 13 especialidades card\u00edacas.<\/p>\n<p><img loading=\"lazy\" decoding=\"async\" class=\"size-full wp-image-295001 aligncenter\" src=\"https:\/\/www.europesays.com\/pt\/wp-content\/uploads\/2025\/09\/HemodinAmica-1200x835-1.jpg\" alt=\"\" width=\"1200\" height=\"835\"  \/><\/p>\n<p style=\"text-align: center\">As angioplastias prim\u00e1rias s\u00e3o um procedimento m\u00e9dico emergencial e de salvamento de vidas, usado para tratar o infarto agudo do mioc\u00e1rdio (IAM)<\/p>\n<p>O Hospital de Messejana (HM) \u00e9 refer\u00eancia nacional na realiza\u00e7\u00e3o de angioplastia coronariana prim\u00e1ria e ocupa o primeiro lugar entre os hospitais do SUS que mais realizam cateterismos card\u00edacos \u2014 procedimento essencial para o diagn\u00f3stico e o tratamento das doen\u00e7as coronarianas. De janeiro a agosto de 2025, o Servi\u00e7o de Hemodin\u00e2mica realizou 5.466 procedimentos diagn\u00f3sticos e 3.055 terap\u00eauticos, entre os quais 740 angioplastias, interven\u00e7\u00e3o destinada \u00e0 abertura de art\u00e9rias do cora\u00e7\u00e3o obstru\u00eddas.<\/p>\n<p><img loading=\"lazy\" decoding=\"async\" class=\"size-full wp-image-295002 aligncenter\" src=\"https:\/\/www.europesays.com\/pt\/wp-content\/uploads\/2025\/09\/20220503_111050-1200x915-1.jpg\" alt=\"\" width=\"1200\" height=\"915\"  \/><\/p>\n<p style=\"text-align: center\">A institui\u00e7\u00e3o tamb\u00e9m oferece exames de alta complexidade, interna\u00e7\u00f5es, cirurgias card\u00edacas e intervencionistas, al\u00e9m de programas de reabilita\u00e7\u00e3o e transplante<\/p>\n<p>\u201cDispomos de uma infraestrutura que acompanha o paciente desde a chegada no Servi\u00e7o de Emerg\u00eancia at\u00e9 a alta, incluindo a reabilita\u00e7\u00e3o. A realiza\u00e7\u00e3o de exames e interven\u00e7\u00f5es de alta complexidade, como cateterismos, abla\u00e7\u00f5es, implantes de dispositivos e transplantes card\u00edacos, s\u00f3 \u00e9 poss\u00edvel gra\u00e7as aos investimentos constantes em tecnologia e em nossa equipe. \u00c9 um orgulho ver o que nosso hospital proporciona no cuidado a pacientes com doen\u00e7as cardiovasculares\u201d, refor\u00e7a Danielli Lino.<\/p>\n<p>Campanha mundial<\/p>\n<p>O Setembro Vermelho \u00e9 uma iniciativa mundial voltada \u00e0 conscientiza\u00e7\u00e3o sobre a sa\u00fade cardiovascular. A escolha do m\u00eas est\u00e1 relacionada ao Dia Mundial do Cora\u00e7\u00e3o, celebrado em 29 de setembro, uma data criada pela Federa\u00e7\u00e3o Mundial do Cora\u00e7\u00e3o, com apoio da Organiza\u00e7\u00e3o das Na\u00e7\u00f5es Unidas (ONU).<\/p>\n<p>&#13;<br \/>\n            &#13;<br \/>\n&#13;<br \/>\n&#13;<\/p>\n","protected":false},"excerpt":{"rendered":"&#13; &#13; &#13; &#13; &#13; &#13; &#13; 24 de setembro de 2025 &#8211; 14:47&#13; #cora\u00e7\u00e3o #Hospital de Messejana&hellip;\n","protected":false},"author":2,"featured_media":85298,"comment_status":"","ping_status":"","sticky":false,"template":"","format":"standard","meta":{"footnotes":""},"categories":[86],"tags":[1222,1218,1221,1220,1217,1224,1223,1225,1219,116,32,33,117],"class_list":{"0":"post-85297","1":"post","2":"type-post","3":"status-publish","4":"format-standard","5":"has-post-thumbnail","7":"category-saude","8":"tag-aplicativo-ceara","9":"tag-aplicativos","10":"tag-atendimento-online","11":"tag-cagece","12":"tag-ceara-app","13":"tag-corona","14":"tag-corona-virus","15":"tag-covid19","16":"tag-detran","17":"tag-health","18":"tag-portugal","19":"tag-pt","20":"tag-saude"},"share_on_mastodon":{"url":"","error":""},"_links":{"self":[{"href":"https:\/\/www.europesays.com\/pt\/wp-json\/wp\/v2\/posts\/85297","targetHints":{"allow":["GET"]}}],"collection":[{"href":"https:\/\/www.europesays.com\/pt\/wp-json\/wp\/v2\/posts"}],"about":[{"href":"https:\/\/www.europesays.com\/pt\/wp-json\/wp\/v2\/types\/post"}],"author":[{"embeddable":true,"href":"https:\/\/www.europesays.com\/pt\/wp-json\/wp\/v2\/users\/2"}],"replies":[{"embeddable":true,"href":"https:\/\/www.europesays.com\/pt\/wp-json\/wp\/v2\/comments?post=85297"}],"version-history":[{"count":0,"href":"https:\/\/www.europesays.com\/pt\/wp-json\/wp\/v2\/posts\/85297\/revisions"}],"wp:featuredmedia":[{"embeddable":true,"href":"https:\/\/www.europesays.com\/pt\/wp-json\/wp\/v2\/media\/85298"}],"wp:attachment":[{"href":"https:\/\/www.europesays.com\/pt\/wp-json\/wp\/v2\/media?parent=85297"}],"wp:term":[{"taxonomy":"category","embeddable":true,"href":"https:\/\/www.europesays.com\/pt\/wp-json\/wp\/v2\/categories?post=85297"},{"taxonomy":"post_tag","embeddable":true,"href":"https:\/\/www.europesays.com\/pt\/wp-json\/wp\/v2\/tags?post=85297"}],"curies":[{"name":"wp","href":"https:\/\/api.w.org\/{rel}","templated":true}]}}