{"id":85415,"date":"2025-09-25T00:28:08","date_gmt":"2025-09-25T00:28:08","guid":{"rendered":"https:\/\/www.europesays.com\/pt\/85415\/"},"modified":"2025-09-25T00:28:08","modified_gmt":"2025-09-25T00:28:08","slug":"zelensky-alerta-para-corrida-as-armas-mais-destrutiva-da-historia-jornal-de-noticias","status":"publish","type":"post","link":"https:\/\/www.europesays.com\/pt\/85415\/","title":{"rendered":"Zelensky alerta para &quot;corrida \u00e0s armas mais destrutiva da Hist\u00f3ria&quot; &#8211; Jornal de Not\u00edcias"},"content":{"rendered":"<ol>\n<li><a href=\"https:\/\/news.google.com\/rss\/articles\/CBMiqAFBVV95cUxQYS1QTjhaeXJOQ01EOVY0dWNvR0ZHVFN5NkVCUzhuQmF6dURMYW9QTlZzY0lqR2VycGhkdC1CWU05THlRRkJYOWNfUmFxM1A3VWRYOEd4YUpBaGdMU3gxN2lEcGFFdUVRWUtXOVIxYW43RXQxcHpCYUd4SmR5eHRlRHI3VnhsR2lLYmdfVGZhcjROZEZieUNMVGZ3cE1QS3dRUlQ2LW5RM0o?oc=5\" target=\"_blank\" rel=\"nofollow noopener\">Zelensky alerta para &#8220;corrida \u00e0s armas mais destrutiva da Hist\u00f3ria&#8221;<\/a>&nbsp;&nbsp;Jornal de Not\u00edcias<\/li>\n<li><a href=\"https:\/\/news.google.com\/rss\/articles\/CBMi5AFBVV95cUxOZ3hhbGJqczRjSXJDbTdNZ1ZUOXd6a1FpdFhwd0hXQzJpVnBZcHRvNW5zUl8zU0pjMkJBRkNuS01tOElEU1ZmbUswS1RKQnpoaWJrRHhIbDZ2RG1QSmRlS2ZIbUZadGpObWpJYVJkYTFlZzlxZ1FmaW4tMHZoODk2cDNBWXpOOXRxS1pzcUlDQXBMTld0cHVnS09xVTN4bExqMm9tQmQtM0hTN2l2Y3hCUFRKREpIVlpSNVFxVHMyUGxXU0VsODgxWVFIYnlaWEljOFdvOFRFQWFLRW9TOVpaZ0hsVHDSAfMBQVVfeXFMTlAzbS1oSkVWT3c2YVJsQ2dUTXRSbi15cF9kblpuMzNERmFOSmp0VTNHaGJjRDRTN1dqVV8xSlVrQ0ZCMG9JTVlPT1pQMDJnMFZsTFI2N1llcFVKeVE5eUZxdEhETThJZ2pQVUExM2tkUWpKcE5KSjVLNkhQT2RIQ3hsNzZrVTMxWnJXMFFkNnZKeWFWXzY2TTRUN0lGdkkzc0JEc0xZRUJjd3ZiODU2ZEs4ZEpFOTZicHJxZUF3dElWQXNwOUlLWEExRjFtVXRSTHZGNFBCWlp3ajUwbG5BQVB6NWY0UGtPVnRPVWtlenB3U2Z3?oc=5\" target=\"_blank\" rel=\"nofollow noopener\">Mundo vive guerra de drones e corrida armamentista mais destrutiva da hist\u00f3ria, diz Zelensky na ONU<\/a>&nbsp;&nbsp;G1<\/li>\n<li><a href=\"https:\/\/news.google.com\/rss\/articles\/CBMiwAFBVV95cUxNUTUweDJmLWxWRHRaa1o4SWcwYzduanFrNk44d1I3Y0VZSjRGUS16MnpBYWNXUXhtc0xEYVhoR3BOcDZ2UWs3M3NzSUhQMFRzSGVyYkxGS3ZDbGo2Rm8xYVphZzFyYVJtdFRFTzl2REJ5ZUpMVW95MHNsQTJCZmI0eWhvZTkyMHRsN3J5ak91NVMzc1JhUUlXcG5FYk9TanBFLUR2ZFd4bTdZSUJJcno4ejdCUlA5MHN6YXdXRkZXUVo?oc=5\" target=\"_blank\" rel=\"nofollow noopener\">Zelenski questiona import\u00e2ncia da ONU e Milei bajula Trump; Veja o que aconteceu na Assembleia-Geral<\/a>&nbsp;&nbsp;Estad\u00e3o<\/li>\n<li><a href=\"https:\/\/news.google.com\/rss\/articles\/CBMiqwFBVV95cUxQY2lrT3B4M2xzdG41VGtSWGhrZUlMc2tiZWY1RUVlMElNX21ab1Q4OFhqY1JKUHNjcDFiX1lCSDg2YTk0RmU4TDRaVE16VFZuYnNEMkZZTmF4MWRVMExpOGVnZ3UwbTBha0QtS20zYU9yTWFjT2M3c3JOYl9NeWpFcWJXQTMzdXl4cWI0c2R3b1FNekxHcVZNNmJvNXVmQnY5cDhJQkZTSEdnTEk?oc=5\" target=\"_blank\" rel=\"nofollow noopener\">Na ONU, Zelensky diz que n\u00e3o h\u00e1 cessar-fogo por recusa da R\u00fassia<\/a>&nbsp;&nbsp;CNN Brasil<\/li>\n<li><a href=\"https:\/\/news.google.com\/rss\/articles\/CBMilgFBVV95cUxPTG1YSWIwdDRjOFh3VGxlMVdQTW1nNEpGSHFoNVpSMlp4dXRIVnZBUjFpMElITzg4akE4cnJtZm1xQldWUUN4LThRWTE1a1VCRVROR1Z0cF81MndSLUxHc251MGhiQUNYQlI5ZVpOVzZ1cHFGcHpLSjZtRmtDOXJOLXQ1ZndDVDA1VGZwcGZLcmk1V2xsSVE?oc=5\" target=\"_blank\" rel=\"nofollow noopener\">Na ONU, Ucr\u00e2nia faz c\u00fapula para debater situa\u00e7\u00e3o da Crimeia<\/a>&nbsp;&nbsp;VEJA<\/li>\n<\/ol>\n","protected":false},"excerpt":{"rendered":"Zelensky alerta para &#8220;corrida \u00e0s armas mais destrutiva da Hist\u00f3ria&#8221;&nbsp;&nbsp;Jornal de Not\u00edcias Mundo vive guerra de drones e&hellip;\n","protected":false},"author":2,"featured_media":85416,"comment_status":"","ping_status":"","sticky":false,"template":"","format":"standard","meta":{"footnotes":""},"categories":[50],"tags":[27,28,15,16,889,14,25,26,21,22,62,12,13,19,20,910,23,24,17,18,29,30,31,2416,63,64,65],"class_list":{"0":"post-85415","1":"post","2":"type-post","3":"status-publish","4":"format-standard","5":"has-post-thumbnail","7":"category-mundo","8":"tag-breaking-news","9":"tag-breakingnews","10":"tag-featured-news","11":"tag-featurednews","12":"tag-guerra-na-ucrania","13":"tag-headlines","14":"tag-latest-news","15":"tag-latestnews","16":"tag-main-news","17":"tag-mainnews","18":"tag-mundo","19":"tag-news","20":"tag-noticias","21":"tag-noticias-principais","22":"tag-noticiasprincipais","23":"tag-onu","24":"tag-principais-noticias","25":"tag-principaisnoticias","26":"tag-top-stories","27":"tag-topstories","28":"tag-ultimas","29":"tag-ultimas-noticias","30":"tag-ultimasnoticias","31":"tag-volodymyr-zelensky","32":"tag-world","33":"tag-world-news","34":"tag-worldnews"},"share_on_mastodon":{"url":"","error":""},"_links":{"self":[{"href":"https:\/\/www.europesays.com\/pt\/wp-json\/wp\/v2\/posts\/85415","targetHints":{"allow":["GET"]}}],"collection":[{"href":"https:\/\/www.europesays.com\/pt\/wp-json\/wp\/v2\/posts"}],"about":[{"href":"https:\/\/www.europesays.com\/pt\/wp-json\/wp\/v2\/types\/post"}],"author":[{"embeddable":true,"href":"https:\/\/www.europesays.com\/pt\/wp-json\/wp\/v2\/users\/2"}],"replies":[{"embeddable":true,"href":"https:\/\/www.europesays.com\/pt\/wp-json\/wp\/v2\/comments?post=85415"}],"version-history":[{"count":0,"href":"https:\/\/www.europesays.com\/pt\/wp-json\/wp\/v2\/posts\/85415\/revisions"}],"wp:featuredmedia":[{"embeddable":true,"href":"https:\/\/www.europesays.com\/pt\/wp-json\/wp\/v2\/media\/85416"}],"wp:attachment":[{"href":"https:\/\/www.europesays.com\/pt\/wp-json\/wp\/v2\/media?parent=85415"}],"wp:term":[{"taxonomy":"category","embeddable":true,"href":"https:\/\/www.europesays.com\/pt\/wp-json\/wp\/v2\/categories?post=85415"},{"taxonomy":"post_tag","embeddable":true,"href":"https:\/\/www.europesays.com\/pt\/wp-json\/wp\/v2\/tags?post=85415"}],"curies":[{"name":"wp","href":"https:\/\/api.w.org\/{rel}","templated":true}]}}