{"id":85429,"date":"2025-09-25T00:40:09","date_gmt":"2025-09-25T00:40:09","guid":{"rendered":"https:\/\/www.europesays.com\/pt\/85429\/"},"modified":"2025-09-25T00:40:09","modified_gmt":"2025-09-25T00:40:09","slug":"artemis-nasa-quer-voltar-a-lua-50-anos-depois","status":"publish","type":"post","link":"https:\/\/www.europesays.com\/pt\/85429\/","title":{"rendered":"Artemis: NASA quer voltar \u00e0 Lua 50 anos depois"},"content":{"rendered":"<p>A fase dois ser\u00e1 a primeira miss\u00e3o tripulada do projeto, numa viagem em torno da Terra seguindo depois em dire\u00e7\u00e3o \u00e0 Lua e regressando, sem pousar. De acordo com Jeff Radigan, diretor de voo da Artemis II, os astronautas &#8220;v\u00e3o percorrer pelo menos 9.260 quil\u00f3metros para l\u00e1 da Lua, muito mais longe do que em miss\u00f5es anteriores&#8221;.<\/p>\n<p data-remotead-prev-elm=\"true\" data-remotead-elm-id=\"inread\">O lan\u00e7amento est\u00e1 previsto ocorrer em abril do pr\u00f3ximo ano, embora, de acordo com a administradora adjunta interina da Nasa, Lakiesha Hawkins, a data possa ser antecipada para 5 de fevereiro, dependendo a decis\u00e3o final de quest\u00f5es de seguran\u00e7a.<\/p>\n<p>Numa confer\u00eancia de empresa, a administradora afirmou ainda o car\u00e1cter importante e hist\u00f3rico do evento. &#8220;Juntos temos um lugar na fila da frente da hist\u00f3ria&#8221;, afirmou Hawkins.<\/p>\n<p data-remotead-prev-elm=\"true\" data-remotead-elm-id=\"centro1\">Com uma dura\u00e7\u00e3o de 10 dias, o voo do pr\u00f3ximo ano pretende testar os sistemas necess\u00e1rios para as futuras miss\u00f5es de explora\u00e7\u00e3o lunar, incluindo a miss\u00e3o Artemis III, que pretende marcar o regresso dos seres humanos \u00e0 Lua, j\u00e1 em 2027, segundo a ag\u00eancia espacial.<\/p>\n<p>O Artemis II levar\u00e1 assim os astronautas Reid Wiseman, comandante da miss\u00e3o, Victor Glover, Christina Koch e o canadiano Jeremy Hansen, que voar\u00e1 para o Espa\u00e7o pela primeira vez. Os astronautas v\u00e3o viajar na c\u00e1psula Orion, a sua &#8220;casa&#8221; durante a miss\u00e3o, que ser\u00e1 lan\u00e7ada do Centro Espacial Kennedy, nos EUA.<\/p>\n<p data-remotead-prev-elm=\"true\" data-remotead-elm-id=\"centro2\">O projeto segue-se ao sucesso da miss\u00e3o n\u00e3o tripulada Artemis I, em 2022. Nesta primeira fase do projeto, a nave espacial viajou ao redor da Lua e reentrou na atmosfera terrestre, contando apenas com um pequeno percal\u00e7o com o escudo t\u00e9rmico, que j\u00e1 foi resolvido.<\/p>\n<p>A \u00faltima vez que uma tripula\u00e7\u00e3o viajou para al\u00e9m da \u00f3rbita terrestre foi em 1972, na famosa miss\u00e3o Apollo 17.<\/p>\n","protected":false},"excerpt":{"rendered":"A fase dois ser\u00e1 a primeira miss\u00e3o tripulada do projeto, numa viagem em torno da Terra seguindo depois&hellip;\n","protected":false},"author":2,"featured_media":85430,"comment_status":"","ping_status":"","sticky":false,"template":"","format":"standard","meta":{"footnotes":""},"categories":[84],"tags":[109,107,108,62,1149,32,33,105,103,104,106,110],"class_list":{"0":"post-85429","1":"post","2":"type-post","3":"status-publish","4":"format-standard","5":"has-post-thumbnail","7":"category-ciencia-e-tecnologia","8":"tag-ciencia","9":"tag-ciencia-e-tecnologia","10":"tag-cienciaetecnologia","11":"tag-mundo","12":"tag-nasa","13":"tag-portugal","14":"tag-pt","15":"tag-science","16":"tag-science-and-technology","17":"tag-scienceandtechnology","18":"tag-technology","19":"tag-tecnologia"},"share_on_mastodon":{"url":"","error":""},"_links":{"self":[{"href":"https:\/\/www.europesays.com\/pt\/wp-json\/wp\/v2\/posts\/85429","targetHints":{"allow":["GET"]}}],"collection":[{"href":"https:\/\/www.europesays.com\/pt\/wp-json\/wp\/v2\/posts"}],"about":[{"href":"https:\/\/www.europesays.com\/pt\/wp-json\/wp\/v2\/types\/post"}],"author":[{"embeddable":true,"href":"https:\/\/www.europesays.com\/pt\/wp-json\/wp\/v2\/users\/2"}],"replies":[{"embeddable":true,"href":"https:\/\/www.europesays.com\/pt\/wp-json\/wp\/v2\/comments?post=85429"}],"version-history":[{"count":0,"href":"https:\/\/www.europesays.com\/pt\/wp-json\/wp\/v2\/posts\/85429\/revisions"}],"wp:featuredmedia":[{"embeddable":true,"href":"https:\/\/www.europesays.com\/pt\/wp-json\/wp\/v2\/media\/85430"}],"wp:attachment":[{"href":"https:\/\/www.europesays.com\/pt\/wp-json\/wp\/v2\/media?parent=85429"}],"wp:term":[{"taxonomy":"category","embeddable":true,"href":"https:\/\/www.europesays.com\/pt\/wp-json\/wp\/v2\/categories?post=85429"},{"taxonomy":"post_tag","embeddable":true,"href":"https:\/\/www.europesays.com\/pt\/wp-json\/wp\/v2\/tags?post=85429"}],"curies":[{"name":"wp","href":"https:\/\/api.w.org\/{rel}","templated":true}]}}