{"id":85785,"date":"2025-09-25T09:22:12","date_gmt":"2025-09-25T09:22:12","guid":{"rendered":"https:\/\/www.europesays.com\/pt\/85785\/"},"modified":"2025-09-25T09:22:12","modified_gmt":"2025-09-25T09:22:12","slug":"portugal-e-o-pais-europeu-mais-vulneravel-a-apagoes","status":"publish","type":"post","link":"https:\/\/www.europesays.com\/pt\/85785\/","title":{"rendered":"Portugal \u00e9 o pa\u00eds europeu mais vulner\u00e1vel a apag\u00f5es"},"content":{"rendered":"<p>        A falta de interliga\u00e7\u00f5es com o resto da Europa coloca Portugal isolado e em risco de sofrer mais com apag\u00f5es como aquele que aconteceu a 28 de abril.    <\/p>\n<p>Portugal \u00e9 o pa\u00eds europeu mais vulner\u00e1vel a apag\u00f5es, a par de Espanha, devido \u00e0 falta de liga\u00e7\u00f5es internacionais de eletricidade, segundo um estudo realizado pelo \u2018think tank\u2019 brit\u00e2nico Ember, focado no estudo da transi\u00e7\u00e3o energ\u00e9tica.<\/p>\n<p>Apesar de o estudo colocar os dois pa\u00edses em p\u00e9 de igualdade, a verdade \u00e9 que Portugal recuperou do apag\u00e3o ib\u00e9rico mais tarde do que Espanha, que teve a vantagem de reiniciar a sua rede el\u00e9trica com a ajuda de Fran\u00e7a e de Marrocos.<\/p>\n<p>\u201cA Pen\u00ednsula Ib\u00e9rica \u00e9 mais vulner\u00e1vel a riscos de apag\u00f5es do que qualquer outro pa\u00eds europeu devido a liga\u00e7\u00f5es limitadas \u00e0 rede continental. Ap\u00f3s o apag\u00e3o, Portugal e Espanha apelaram \u00e0 UE para apoiar novos projetos de interliga\u00e7\u00f5es, citando a necessidade de liga\u00e7\u00f5es mais fortes para evitar futuras disrup\u00e7\u00f5es\u201d, segundo o documento.<\/p>\n<p>Os dados mostram que a interliga\u00e7\u00e3o el\u00e9trica entre a Pen\u00ednsula Ib\u00e9rica e Fran\u00e7a est\u00e1 em apenas 3%, ainda longe das metas de 10% e 15% para 2020 e 2030, representando um risco sist\u00e9mico para o restante sistema energ\u00e9tico europeu.<\/p>\n<p>Alias, no Pa\u00eds Basco h\u00e1 relatos de que o apag\u00e3o no dia 28 de abril foi muito breve (15 minutos) com a eletricidade francesa a ajudar \u00e0 recupera\u00e7\u00e3o rapidamente a partir do norte de Espanha para o resto da Pen\u00ednsula. J\u00e1 Portugal ficou umas boas horas \u00e0 espera da eletricidade espanhola, com a ajuda de apenas\u00a0duas centrais em regime de black-start, a central a g\u00e1s natural em Gondomar, e a central h\u00eddrica de Castelo de Bode em Tomar.<\/p>\n<p>Portugal demorou o qu\u00e1druplo do tempo face Espanha a arrancar com o mecanismo de rein\u00edcio do sistema el\u00e9trico (conhecido por\u00a0black-start) ap\u00f3s o apag\u00e3o ib\u00e9rico no dia 28 de abril, segundo o relat\u00f3rio preliminar da associa\u00e7\u00e3o europeia que junta as empresas gestoras da rede de transporte de eletricidade (ENTSO-E).<\/p>\n<p>Se Espanha conseguiu arrancar com as suas centrais em\u00a0black-start uma hora depois do apag\u00e3o, Portugal demorou quase quatro horas para arrancar com a primeiro central e quase cinco horas para arrancar com a segunda central. Face ao arranque de Espanha, foram quase 3 horas para a primeira central e quase quatro horas para a segunda central. Os espanh\u00f3is tiveram a ajuda das interliga\u00e7\u00f5es nesta tarefa, ao contr\u00e1rio de Portugal.<\/p>\n<p>Recordando o \u2018blackout\u2019, o \u2018think tank\u2019 brit\u00e2nico destaca que foi o \u201cmaior apag\u00e3o da hist\u00f3ria da Europa moderna\u201d com mais de 60 milh\u00f5es de pessoas a ficarem \u00e0s \u2018escuras\u2019 durante horas.<\/p>\n<p>\u201cCausas m\u00faltiplas provocaram o incidente\u201d que teve origem em Espanha e o relat\u00f3rio final dos operadores europeus (ENTSO-E) ser\u00e1 divulgado em outubro.<\/p>\n<p>\u201cO que \u00e9 certo neste momento, \u00e9 que as interliga\u00e7\u00f5es foram essenciais para restaurar o sistema el\u00e9trico ib\u00e9rico. Apenas 10 minutos ap\u00f3s o apag\u00e3o, a primeira linha Espanha-Fran\u00e7a foi energizada, seguindo-se a interliga\u00e7\u00e3o com Marrocos e outras liga\u00e7\u00f5es com Fran\u00e7a. Com a ajuda de unidades a g\u00e1s e h\u00eddricas, o restauro total de Espanha teve lugar \u00e0s 4h00 de 29 de abril, 16 horas ap\u00f3s o incidente\u201d, pode-se ler.<\/p>\n<p>O centro de estudos destaca que 3 apag\u00f5es na UE foram \u201cevitados ou geridos\u201d gra\u00e7as \u00e0s interliga\u00e7\u00f5es nos \u00faltimos 5 anos.<\/p>\n<p>Na Europa, 55% do sistema el\u00e9trico tem capacidades limitadas de importa\u00e7\u00e3o de eletricidade, \u201caumentando o risco de apag\u00f5es\u201d. A Ember aponta que Espanha, Irlanda e Finl\u00e2ndia est\u00e3o \u201cparticularmente expostas\u201d, a que se pode juntar Portugal por estar mais isolado ainda, com \u201cpouco apoio dispon\u00edvel dos vizinhos em caso de incidentes na rede\u201d.<\/p>\n<p>Por outro lado, o relat\u00f3rio destaca que a Ucr\u00e2nia e a Mold\u00e1via teriam sofrido graves perdas de eletricidade \u201cdevido \u00e0 agress\u00e3o russa\u201d, se n\u00e3o fosse pelas interliga\u00e7\u00f5es com pa\u00edses da UE.<\/p>\n<p>J\u00e1 nove casos recentes de infraestruturas sabotadas no Mar B\u00e1ltico destacam a \u201cnecessidade de proteger a infraestrutura de interliga\u00e7\u00f5es europeia\u201d.<\/p>\n<p>Para Pawel Czyzak, diretor da Ember, a infraestrutura energ\u00e9tica europeia est\u00e1 \u201csob ataque, com a campanha de guerrilha h\u00edbrida da R\u00fassia a escalar todos os dias\u201d. As interliga\u00e7\u00f5es s\u00e3o a \u201cespinha dorsal da seguran\u00e7a energ\u00e9tica\u201d e a \u201cexpans\u00e3o e seguran\u00e7a das redes precisa de ser tratada como um elemento vital de proteger a sociedade europeia de ataques\u201d.<\/p>\n<p>J\u00e1 Isabelle Dupraz, diretora da European Initiative for Energy Security, defende que o aumento de energias renov\u00e1veis deve ser acompanhado por \u201cinvestimento em moderniza\u00e7\u00e3o da rede para garantir a eletrifica\u00e7\u00e3o em grande escala, refor\u00e7ando a estrat\u00e9gia auton\u00f3mica da Europa e para energizar a sua economia moderna\u201d.<\/p>\n<p><a href=\"https:\/\/jornaleconomico.sapo.pt\/noticias\/portugal-quer-bruxelas-a-pressionar-franca-para-interligacoes-avancarem\/\" rel=\"nofollow noopener\" target=\"_blank\">Portugal quer Bruxelas a pressionar Fran\u00e7a para interliga\u00e7\u00f5es avan\u00e7arem<\/a><\/p>\n<p>As interliga\u00e7\u00f5es de eletricidade entre a Pen\u00ednsula Ib\u00e9rica e Fran\u00e7a devem deixar de ser um tema exclusivo de Portugal e Espanha, passando a ser uma quest\u00e3o da Uni\u00e3o Europeia.<\/p>\n<p>Os governos de Portugal e de Espanha enviaram uma carta \u00e0 Comiss\u00e3o Europeia no final de maio solicitando que as interliga\u00e7\u00f5es ib\u00e9ricas sejam consideradas estrat\u00e9gicas para alavancar o projeto. Ap\u00f3s o apag\u00e3o ib\u00e9rico de 28 de abril, Lisboa e Madrid uniram esfor\u00e7os para colocar o tema na agenda e derrubar a intransig\u00eancia de Emmanuel Macron.<\/p>\n<p>Lisboa e Madrid est\u00e3o a trabalhar para que o tema \u201cseja considerado uma quest\u00e3o europeia, porque \u00e9 uma quest\u00e3o do mercado de eletricidade europeu e do mercado interno. Se houver algo que seja visto como uma barreira ao mercado interno, a Comiss\u00e3o Europeia n\u00e3o hesitar\u00e1 em nos enviar uma carta de aviso, e esperamos a mesma atitude em rela\u00e7\u00e3o \u00e0 Fran\u00e7a\u201d, acrescentou Maria da Gra\u00e7a Carvalho na missiva escrita a 28 de maio.<\/p>\n<p>\u201c\u00c9 essencial reiterar que \u00e9 imperativo agir decisivamente\u201d, afirmam na carta destinada ao comiss\u00e1rio europeu para a Energia, Dan Jorgensen.<\/p>\n<p>As duas ministras mencionam que est\u00e3o a contactar a Comiss\u00e3o Europeia novamente para reiterar o apelo por um \u00edmpeto pol\u00edtico renovado, aproveitando a moldura legal atual e futura, especialmente no contexto do futuro Pacote de Redes. \u201cA conclus\u00e3o das interliga\u00e7\u00f5es el\u00e9tricas na Pen\u00ednsula Ib\u00e9rica j\u00e1 n\u00e3o \u00e9 uma op\u00e7\u00e3o: \u00e9 partilhar a responsabilidade pelo futuro energ\u00e9tico da Europa\u201d, afirmam.<\/p>\n<p data-ogsc=\"rgb(34, 34, 34)\" data-olk-copy-source=\"MessageBody\">Tamb\u00e9m a Associa\u00e7\u00e3o Portuguesa de Energias Renov\u00e1veis (APREN) j\u00e1 defendeu que o apag\u00e3o deve ser encarado como uma \u201coportunidade para refor\u00e7ar a resili\u00eancia e soberania energ\u00e9tica da Europa, evitando a depend\u00eancia de pa\u00edses exportadores de combust\u00edveis f\u00f3sseis\u201d. E quer o \u201crefor\u00e7o das interliga\u00e7\u00f5es el\u00e9tricas entre a Pen\u00ednsula Ib\u00e9rica e o resto da Europa, em especial com Fran\u00e7a, para garantir maior robustez e equil\u00edbrio do sistema el\u00e9trico\u201d.<\/p>\n<p>Lisboa e Madrid prop\u00f5em um encontro com o comiss\u00e1rio europeu para discutir o tema, bem como um encontro ministerial em 2025, para que, em conjunto com Fran\u00e7a e Bruxelas, se estabele\u00e7am metas e datas espec\u00edficas em linha com os objetivos europeus nas pr\u00f3ximas d\u00e9cadas.<\/p>\n<p>As ministras argumentam que a falta de integra\u00e7\u00e3o das redes el\u00e9tricas \u201crestringe a total explora\u00e7\u00e3o do potencial renov\u00e1vel no sudoeste europeu, aumenta os pre\u00e7os de eletricidade, mina a seguran\u00e7a de abastecimento e reduz a capacidade coletiva de responder efetivamente a crises ou disrup\u00e7\u00f5es nos mercados energ\u00e9ticos\u201d.<\/p>\n<p>\u201cApelamos novamente \u00e0 Comiss\u00e3o Europeia para dar uma prioridade urgente \u00e0 conclus\u00e3o destas infraestruturas cr\u00edticas\u201d, referindo-se \u00e0s duas interliga\u00e7\u00f5es via Piren\u00e9us que foram inclu\u00eddas na lista de projetos priorit\u00e1rios europeus em 2021. \u201cUm compromisso pol\u00edtico e financeiro firme \u00e9 necess\u00e1rio, a todos os n\u00edveis, para assegurar a integra\u00e7\u00e3o efetiva da Pen\u00ednsula Ib\u00e9rica no sistema energ\u00e9tico europeu\u201d, acrescentam.<\/p>\n","protected":false},"excerpt":{"rendered":"A falta de interliga\u00e7\u00f5es com o resto da Europa coloca Portugal isolado e em risco de sofrer mais&hellip;\n","protected":false},"author":2,"featured_media":85786,"comment_status":"","ping_status":"","sticky":false,"template":"","format":"standard","meta":{"footnotes":""},"categories":[50],"tags":[2877,21742,27,28,15,16,14,25,26,21,22,62,12,13,19,20,32,23,24,21743,17,18,29,30,31,63,64,65],"class_list":{"0":"post-85785","1":"post","2":"type-post","3":"status-publish","4":"format-standard","5":"has-post-thumbnail","7":"category-mundo","8":"tag-apagao","9":"tag-blackout","10":"tag-breaking-news","11":"tag-breakingnews","12":"tag-featured-news","13":"tag-featurednews","14":"tag-headlines","15":"tag-latest-news","16":"tag-latestnews","17":"tag-main-news","18":"tag-mainnews","19":"tag-mundo","20":"tag-news","21":"tag-noticias","22":"tag-noticias-principais","23":"tag-noticiasprincipais","24":"tag-portugal","25":"tag-principais-noticias","26":"tag-principaisnoticias","27":"tag-redes-eletricas","28":"tag-top-stories","29":"tag-topstories","30":"tag-ultimas","31":"tag-ultimas-noticias","32":"tag-ultimasnoticias","33":"tag-world","34":"tag-world-news","35":"tag-worldnews"},"share_on_mastodon":{"url":"","error":""},"_links":{"self":[{"href":"https:\/\/www.europesays.com\/pt\/wp-json\/wp\/v2\/posts\/85785","targetHints":{"allow":["GET"]}}],"collection":[{"href":"https:\/\/www.europesays.com\/pt\/wp-json\/wp\/v2\/posts"}],"about":[{"href":"https:\/\/www.europesays.com\/pt\/wp-json\/wp\/v2\/types\/post"}],"author":[{"embeddable":true,"href":"https:\/\/www.europesays.com\/pt\/wp-json\/wp\/v2\/users\/2"}],"replies":[{"embeddable":true,"href":"https:\/\/www.europesays.com\/pt\/wp-json\/wp\/v2\/comments?post=85785"}],"version-history":[{"count":0,"href":"https:\/\/www.europesays.com\/pt\/wp-json\/wp\/v2\/posts\/85785\/revisions"}],"wp:featuredmedia":[{"embeddable":true,"href":"https:\/\/www.europesays.com\/pt\/wp-json\/wp\/v2\/media\/85786"}],"wp:attachment":[{"href":"https:\/\/www.europesays.com\/pt\/wp-json\/wp\/v2\/media?parent=85785"}],"wp:term":[{"taxonomy":"category","embeddable":true,"href":"https:\/\/www.europesays.com\/pt\/wp-json\/wp\/v2\/categories?post=85785"},{"taxonomy":"post_tag","embeddable":true,"href":"https:\/\/www.europesays.com\/pt\/wp-json\/wp\/v2\/tags?post=85785"}],"curies":[{"name":"wp","href":"https:\/\/api.w.org\/{rel}","templated":true}]}}