{"id":85856,"date":"2025-09-25T10:34:04","date_gmt":"2025-09-25T10:34:04","guid":{"rendered":"https:\/\/www.europesays.com\/pt\/85856\/"},"modified":"2025-09-25T10:34:04","modified_gmt":"2025-09-25T10:34:04","slug":"vem-ai-em-a-fazenda-medica-que-falsificou-a-gravidez-de-zuri-deixa-lukenia-encurralada-novelas","status":"publish","type":"post","link":"https:\/\/www.europesays.com\/pt\/85856\/","title":{"rendered":"Vem a\u00ed em \u00abA Fazenda\u00bb: M\u00e9dica, que falsificou a gravidez de Zuri, deixa Lukenia encurralada &#8211; Novelas"},"content":{"rendered":"<p>Em \u00abA Fazenda\u00bb, Ana olha tensa para <a href=\"https:\/\/tvi.iol.pt\/novelas\/videos\/nadir-e-a-raptora-de-joel\/6784f7790cf23ab655363de8\" rel=\"nofollow noopener\" target=\"_blank\">Nadir (Sharam Diniz<\/a>) a dizer-lhe que decidiu antecipar a sua vinda para o posto m\u00e9dico, esperando que ela n\u00e3o se importe com isso.\u00a0<\/p>\n<p>Ana conta aflita a <a href=\"https:\/\/tvi.iol.pt\/novelas\/videos\/foi-assim-que-lukenia-soube-que-samuel-e-filho-de-gaspar\/6772bbdc0cf28c51602e4db1\" rel=\"nofollow noopener\" target=\"_blank\">Lukenia (Rita Cruz)<\/a>\u00a0que Nadir j\u00e1 regressou ao posto m\u00e9dico, querendo desistir da hist\u00f3ria de <a href=\"https:\/\/tvi.iol.pt\/novelas\/videos\/a-fazenda-a-dificil-historia-de-vida-de-zuri\/6824bb120cf28cf88767feb9\" wbo-id=\"51\" rel=\"nofollow noopener\" target=\"_blank\">Zuri (Madalena Arag\u00e3o)<\/a>\u00a0ter sofrido um aborto. Lukenia diz que vai tratar do assunto, fazendo uma chamada a dizer a Alba para agir agora.<\/p>\n<p>Recorde-se que estava m\u00e9dica tem mentido a mando de Lukenia:<\/p>\n","protected":false},"excerpt":{"rendered":"Em \u00abA Fazenda\u00bb, Ana olha tensa para Nadir (Sharam Diniz) a dizer-lhe que decidiu antecipar a sua vinda&hellip;\n","protected":false},"author":2,"featured_media":85857,"comment_status":"","ping_status":"","sticky":false,"template":"","format":"standard","meta":{"footnotes":""},"categories":[142],"tags":[657,6340,160,166,114,115,157,167,164,2379,161,158,165,159,32,33,156,2377,163,151,162],"class_list":{"0":"post-85856","1":"post","2":"type-post","3":"status-publish","4":"format-standard","5":"has-post-thumbnail","7":"category-tv","8":"tag-a-fazenda","9":"tag-ana","10":"tag-ana-guiomar","11":"tag-cristina-ferreira","12":"tag-entertainment","13":"tag-entretenimento","14":"tag-festa-e-festa","15":"tag-ficcao","16":"tag-jose-fidalgo","17":"tag-lukenia","18":"tag-novelas","19":"tag-para-sempre","20":"tag-pedro-sousa","21":"tag-pedro-teixeira","22":"tag-portugal","23":"tag-pt","24":"tag-queridos-papas","25":"tag-rita-cruz","26":"tag-tiago-teotonio-pereira","27":"tag-tv","28":"tag-tvi"},"share_on_mastodon":{"url":"","error":""},"_links":{"self":[{"href":"https:\/\/www.europesays.com\/pt\/wp-json\/wp\/v2\/posts\/85856","targetHints":{"allow":["GET"]}}],"collection":[{"href":"https:\/\/www.europesays.com\/pt\/wp-json\/wp\/v2\/posts"}],"about":[{"href":"https:\/\/www.europesays.com\/pt\/wp-json\/wp\/v2\/types\/post"}],"author":[{"embeddable":true,"href":"https:\/\/www.europesays.com\/pt\/wp-json\/wp\/v2\/users\/2"}],"replies":[{"embeddable":true,"href":"https:\/\/www.europesays.com\/pt\/wp-json\/wp\/v2\/comments?post=85856"}],"version-history":[{"count":0,"href":"https:\/\/www.europesays.com\/pt\/wp-json\/wp\/v2\/posts\/85856\/revisions"}],"wp:featuredmedia":[{"embeddable":true,"href":"https:\/\/www.europesays.com\/pt\/wp-json\/wp\/v2\/media\/85857"}],"wp:attachment":[{"href":"https:\/\/www.europesays.com\/pt\/wp-json\/wp\/v2\/media?parent=85856"}],"wp:term":[{"taxonomy":"category","embeddable":true,"href":"https:\/\/www.europesays.com\/pt\/wp-json\/wp\/v2\/categories?post=85856"},{"taxonomy":"post_tag","embeddable":true,"href":"https:\/\/www.europesays.com\/pt\/wp-json\/wp\/v2\/tags?post=85856"}],"curies":[{"name":"wp","href":"https:\/\/api.w.org\/{rel}","templated":true}]}}