{"id":85858,"date":"2025-09-25T10:36:10","date_gmt":"2025-09-25T10:36:10","guid":{"rendered":"https:\/\/www.europesays.com\/pt\/85858\/"},"modified":"2025-09-25T10:36:10","modified_gmt":"2025-09-25T10:36:10","slug":"batalha-atras-de-batalha-ernest-cole-e-outras-estreias-para-esta-semana-cinema","status":"publish","type":"post","link":"https:\/\/www.europesays.com\/pt\/85858\/","title":{"rendered":"Batalha Atr\u00e1s de Batalha, Ernest Cole e outras estreias para esta semana | Cinema"},"content":{"rendered":"<p>Calif\u00f3rnia, d\u00e9cada de 1980. Um grupo de antigos revolucion\u00e1rios reencontra-se quando a filha de um deles \u00e9 raptada por um inimigo de longa data. Entre as mem\u00f3rias do passado e a luta pela sobreviv\u00eancia, os membros do grupo confrontam os seus fantasmas enquanto v\u00eaem os la\u00e7os que outrora os uniram postos \u00e0 prova.<\/p>\n<p>Escrito e realizado por Paul Thomas Anderson (<a href=\"https:\/\/cinecartaz.publico.pt\/filme\/magnolia-19183\" rel=\"nofollow noopener\" target=\"_blank\">Magn\u00f3lia<\/a>, <a href=\"https:\/\/cinecartaz.publico.pt\/filme\/havera-sangue-191770\" rel=\"nofollow noopener\" target=\"_blank\">Haver\u00e1 Sangue<\/a>, <a href=\"https:\/\/cinecartaz.publico.pt\/filme\/o-mentor-313426\" rel=\"nofollow noopener\" target=\"_blank\">O Mentor<\/a>, <a href=\"https:\/\/cinecartaz.publico.pt\/filme\/vicio-intrinseco-343373\" rel=\"nofollow noopener\" target=\"_blank\">V\u00edcio Intr\u00ednseco<\/a>, \u200b<a href=\"https:\/\/cinecartaz.publico.pt\/filme\/licorice-pizza-407107\" rel=\"nofollow noopener\" target=\"_blank\">Licorice Pizza<\/a>)\u200b, e inspirado no romance Vineland, escrito em 1990 pelo norte-americano <a href=\"https:\/\/www.publico.pt\/thomas-pynchon\" rel=\"nofollow noopener\" target=\"_blank\">Thomas Pynchon<\/a>, Batalha Atr\u00e1s de Batalha junta s\u00e1tira pol\u00edtica \u00e0 com\u00e9dia negra com m\u00faltiplas refer\u00eancias \u00e0 cultura popular de uma gera\u00e7\u00e3o. O elenco conta com Leonardo DiCaprio, Sean Penn, Benicio Del Toro, Regina Hall e Wood Harris. <a href=\"https:\/\/cinecartaz.publico.pt\/filme\/batalha-atras-de-batalha-414147\" rel=\"nofollow noopener\" target=\"_blank\"><strong>Cr\u00edticas<\/strong><strong>, salas e hor\u00e1rios<\/strong><\/a><\/p>\n<p>        &#13;<br \/>\n             <a class=\"embedly-card\" data-card-controls=\"0\" href=\"https:\/\/www.youtube.com\/watch?v=YTa3DBKhmxc\" rel=\"nofollow noopener\" target=\"_blank\">&#13;<\/p>\n<p>Nascido a 21 de Mar\u00e7o de 1940, numa township \u2014 bairros criados pelo sistema de segrega\u00e7\u00e3o racial para concentrar popula\u00e7\u00f5es negras e mesti\u00e7as \u2014, perto da cidade de Pret\u00f3ria (\u00c1frica do Sul), o fot\u00f3grafo Ernest Cole destacou-se por expor de forma sistem\u00e1tica a brutalidade do apartheid. Autodidacta, come\u00e7ou como freelancer em publica\u00e7\u00f5es locais, antes de se dedicar inteiramente ao registo fotogr\u00e1fico das desigualdades e da viol\u00eancia quotidiana sofridas pela popula\u00e7\u00e3o negra.<\/p>\n<p>Em 1966, deixou a \u00c1frica do Sul e fixou-se em Nova Iorque, levando consigo o seu enorme acervo de imagens que, um ano depois, viriam a ser reunidas no livro House of Bondage. Nele, o autor escreveu: \u201cTrezentos anos de supremacia branca na \u00c1frica do Sul colocaram-nos em cativeiro, roubaram-nos a dignidade, tiraram-nos a auto-estima e rodearam-nos de \u00f3dio.\u201d<\/p>\n<p>O ex\u00edlio, passado entre os Estados Unidos e a Su\u00e9cia, trouxe-lhe reconhecimento internacional, mas tamb\u00e9m solid\u00e3o e dificuldades. Cole morreu de cancro a 18 de Fevereiro de 1990, com apenas 49 anos.<\/p>\n<p>Este document\u00e1rio, que arrecadou o pr\u00e9mio L\u2019Oeil d\u2019Or na edi\u00e7\u00e3o de 2024 do Festival de Cinema de Cannes, acompanha a sua vida e obra e tem realiza\u00e7\u00e3o, produ\u00e7\u00e3o e argumento do haitiano Raoul Peck \u2014 nomeado para o \u00d3scar de Melhor Document\u00e1rio por <a href=\"https:\/\/cinecartaz.publico.pt\/filme\/i-am-not-your-negro-370512\" rel=\"nofollow noopener\" target=\"_blank\">I Am Not Your Negro &#8211; Eu N\u00e3o Sou o Teu Negro<\/a> e tamb\u00e9m autor de <a href=\"https:\/\/cinecartaz.publico.pt\/filme\/exterminate-all-the-brutes-serie-405851\" rel=\"nofollow noopener\" target=\"_blank\">Exterminate All the <\/a><a href=\"https:\/\/cinecartaz.publico.pt\/filme\/exterminate-all-the-brutes-serie-405851\" rel=\"nofollow noopener\" target=\"_blank\">Brutes<\/a>, ambos com a quest\u00e3o do racismo como pano de fundo. <a href=\"https:\/\/cinecartaz.publico.pt\/filme\/ernest-cole-perdido-e-achado-414149\" rel=\"nofollow noopener\" target=\"_blank\"><strong>Cr\u00edticas, salas e hor\u00e1rios<\/strong><\/a><\/p>\n<p>        &#13;<br \/>\n             <a class=\"embedly-card\" data-card-controls=\"0\" href=\"https:\/\/www.youtube.com\/watch?v=n4rIHQN39EI\" rel=\"nofollow noopener\" target=\"_blank\">&#13;<\/p>\n<p>Una vive em segredo uma rela\u00e7\u00e3o com Diddi que, apesar de comprometido com Klara, tamb\u00e9m est\u00e1 apaixonado por ela. Quando ele decide p\u00f4r fim ao namoro, sofre um acidente fatal. Klara e os amigos partilham o luto, mas Una v\u00ea-se obrigada a enfrentar sozinha e em segredo a perda daquele grande amor.<\/p>\n<p>Filme de abertura da sec\u00e7\u00e3o Un Certain Regard no Festival de Cannes, No Romper da Luz foi realizado pelo island\u00eas R\u00fanar R\u00fanarsson (Volcano, <a href=\"https:\/\/cinecartaz.publico.pt\/filme\/pardais-392876\" rel=\"nofollow noopener\" target=\"_blank\">Pardais<\/a>, <a href=\"https:\/\/cinecartaz.publico.pt\/filme\/echo-398874\" rel=\"nofollow noopener\" target=\"_blank\">Echo &#8211; Mosaico de Natal<\/a>) e conta com as actua\u00e7\u00f5es de El\u00edn Hall, Mikael Kaaber, Katla Nj\u00e1lsd\u00f3ttir, \u00c1g\u00fast \u00d6rn B. Wigum, Gunnar Hrafn Kristj\u00e1nsson e Baldur Einarsson. <a href=\"https:\/\/cinecartaz.publico.pt\/filme\/no-romper-da-luz-413250\" rel=\"nofollow noopener\" target=\"_blank\"><strong>Cr\u00edticas, salas e hor\u00e1rios<\/strong><\/a><\/p>\n<p>        &#13;<br \/>\n             <a class=\"embedly-card\" data-card-controls=\"0\" href=\"https:\/\/vimeo.com\/1099988672\" rel=\"nofollow noopener\" target=\"_blank\">&#13;<\/p>\n<p>Com argumento e realiza\u00e7\u00e3o de Carlos Ruiz Carmona, um drama que se inspira no cinema cl\u00e1ssico a preto e branco para contar a hist\u00f3ria de Lu\u00eds e Ana, dois amantes a viver uma rela\u00e7\u00e3o intensa e proibida, marcada pelo desejo mas tamb\u00e9m pela culpa.<\/p>\n<p>Produzido pela Fronteira Filmes, com direc\u00e7\u00e3o de fotografia de Pedro Azevedo, o filme conta com as interpreta\u00e7\u00f5es de Carla Chambel e Ruben Garcia. <a href=\"https:\/\/cinecartaz.publico.pt\/filme\/o-ceu-em-queda-413883\" rel=\"nofollow noopener\" target=\"_blank\"><strong>Cr\u00edticas, salas e hor\u00e1rios<\/strong><\/a><\/p>\n<p>        &#13;<br \/>\n             <a class=\"embedly-card\" data-card-controls=\"0\" href=\"https:\/\/www.youtube.com\/watch?v=Om_OPLuKlyE\" rel=\"nofollow noopener\" target=\"_blank\">&#13;<\/p>\n<p>Winston Gooze, recentemente vi\u00favo e pai solteiro, atravessa um dos momentos mais dif\u00edceis da sua vida. Tudo muda quando um acidente com res\u00edduos t\u00f3xicos o transforma numa criatura mutante dotada de poderes extraordin\u00e1rios. De homem comum a her\u00f3i improv\u00e1vel, Winston decide vingar-se de todos os que o atormentaram e usar a sua nova forma para enfrentar a corrup\u00e7\u00e3o e proteger os inocentes.<\/p>\n<p>Com Peter Dinklage, Jacob Tremblay, Kevin Bacon, Elijah Wood e Taylour Paige nos principais pap\u00e9is, este filme de aventura \u00e9 realizado e escrito por Macon Blair. \u00c9 o quinto filme da saga The Toxic Avenger, iniciada em 1984 com o filme da produtora independente Troma assinado por Michael Herz e Lloyd Kaufman, sendo tamb\u00e9m um remake dessa mesma obra. <a href=\"https:\/\/cinecartaz.publico.pt\/filme\/the-toxic-avenger-414150\" rel=\"nofollow noopener\" target=\"_blank\"><strong>Cr\u00edticas, salas e hor\u00e1rios<\/strong><\/a><\/p>\n<p>        &#13;<br \/>\n             <a class=\"embedly-card\" data-card-controls=\"0\" href=\"https:\/\/www.youtube.com\/watch?v=Rd1C22Zz8iU\" rel=\"nofollow noopener\" target=\"_blank\">&#13;<\/p>\n<p>Num lugar isolado perto da fronteira mexicana, Griff e Abbott encontram-se para um neg\u00f3cio de droga. Qual n\u00e3o \u00e9 a surpresa de todos quando ambos revelam as suas verdadeiras identidades: um \u00e9 agente do FBI, o outro da DEA, infiltrados na mesma opera\u00e7\u00e3o sem o saberem. Quando percebem que ca\u00edram numa armadilha e se encontram sob a mira de um atirador furtivo, o que parecia ser o desfecho de uma miss\u00e3o relativamente simples transforma-se numa desesperada luta pela sobreviv\u00eancia.<\/p>\n<p>Realizado por Steven C. Miller (<a href=\"https:\/\/cinecartaz.publico.pt\/filme\/extraction-358623\" rel=\"nofollow noopener\" target=\"_blank\">Extraction &#8211; Amea\u00e7a Global<\/a>, <a href=\"https:\/\/cinecartaz.publico.pt\/filme\/saqueadores-364769\" rel=\"nofollow noopener\" target=\"_blank\">Saqueadores<\/a>, <a href=\"https:\/\/cinecartaz.publico.pt\/filme\/line-of-duty-397921\" rel=\"nofollow noopener\" target=\"_blank\">Line of Duty &#8211; O Resgate<\/a>, <a href=\"https:\/\/cinecartaz.publico.pt\/filme\/colorado-territory-413067\" rel=\"nofollow noopener\" target=\"_blank\">Lobisomens<\/a>), com argumento de Adrian Speckert e Cory Todd Hughes, este thriller de ac\u00e7\u00e3o conta com Dylan Sprouse, Mason Gooding, Odette Annable, Emilio Rivera, Declan Michael Laird e Bayardo De Murguia no elenco. <a href=\"https:\/\/cinecartaz.publico.pt\/filme\/debaixo-de-fogo-414148\" rel=\"nofollow noopener\" target=\"_blank\"><strong>Salas e hor\u00e1rios<\/strong><\/a><\/p>\n<p>        &#13;<br \/>\n             <a class=\"embedly-card\" data-card-controls=\"0\" href=\"https:\/\/www.youtube.com\/watch?v=kMUXhqiYho8\" rel=\"nofollow noopener\" target=\"_blank\">&#13;<\/p>\n<p>Danny Dolinski, um assassino profissional com tr\u00eas d\u00e9cadas de experi\u00eancia, enfrenta um novo desafio ap\u00f3s ser diagnosticado com artrite: ponderar a reforma. Contudo, antes de abandonar esse mundo, tem de cumprir uma tarefa decisiva: treinar Wihlborg, um jovem prod\u00edgio do crime.<\/p>\n<p>Habituado aos m\u00e9todos tradicionais e com pouca paci\u00eancia para novidades, o veterano v\u00ea-se obrigado a adaptar-se \u00e0 abordagem inovadora e impulsiva de Wihlborg. Entre diferen\u00e7as de estilo e de gera\u00e7\u00f5es, ambos ter\u00e3o de encontrar um equil\u00edbrio para completar a miss\u00e3o que marcar\u00e1 a despedida de Danny.<\/p>\n<p>        &#13;<br \/>\n             <a class=\"embedly-card\" data-card-controls=\"0\" href=\"https:\/\/www.youtube.com\/watch?v=2T4pwNgB_mo\" rel=\"nofollow noopener\" target=\"_blank\">&#13;<\/p>\n<p>Com argumento de Greg Johnson e realiza\u00e7\u00e3o de Simon West, esta com\u00e9dia de ac\u00e7\u00e3o explora os conflitos geracionais no mundo dos assassinos. Christoph Waltz, Lucy Liu e Cooper Hoffman assumem as personagens principais. <a href=\"https:\/\/cinecartaz.publico.pt\/filme\/old-guy-413438\" rel=\"nofollow noopener\" target=\"_blank\"><strong>Cr\u00edticas, salas e hor\u00e1rios<\/strong><\/a><\/p>\n<p>Durante uma viagem com a av\u00f3 Gigi (interpretada pela cantora e actriz Gloria Estefan) \u00e0 cidade de Cat Francisco, Gabby (Laila Lockhart Kraner) acaba por se separar da sua casa de bonecas, que vai parar \u00e0s m\u00e3os de Vera (Kristen Wiig), uma mulher exc\u00eantrica e obcecada por gatos. Determinada a recuperar o que perdeu antes que seja tarde demais, Gabby embarca numa aventura que a leva a reunir os seus pequenos Gabby Cats.<\/p>\n<p>Realizado pelo estreante Ryan Crego, segundo um argumento seu em colabora\u00e7\u00e3o com Traci Paige Johnson e Jennifer Twomey, este filme mistura anima\u00e7\u00e3o com imagem real e tem por base os desenhos animados com o mesmo nome que se encontram <a href=\"https:\/\/www.netflix.com\/title\/81009946\" rel=\"nofollow noopener\" target=\"_blank\">dispon\u00edveis na Netflix<\/a> e tamb\u00e9m exibidos no <a href=\"https:\/\/canalpanda.pt\/microsites\/a-casa-de-bonecas-da-gabby\/\" target=\"_blank\" rel=\"nofollow noopener\">canal <\/a><a href=\"https:\/\/canalpanda.pt\/microsites\/a-casa-de-bonecas-da-gabby\/\" target=\"_blank\" rel=\"nofollow noopener\">Panda<\/a>\u200b. <a href=\"https:\/\/cinecartaz.publico.pt\/filme\/a-casa-de-bonecas-da-gabby-o-filme-414146\" rel=\"nofollow noopener\" target=\"_blank\"><strong>Salas e hor\u00e1rios<\/strong><\/a><\/p>\n<p>        &#13;<br \/>\n             <a class=\"embedly-card\" data-card-controls=\"0\" href=\"https:\/\/www.youtube.com\/watch?v=IwQ7WZlY9x0\" rel=\"nofollow noopener\" target=\"_blank\">&#13;<\/p>\n<p>        &#13;<br \/>\n             <a class=\"embedly-card\" data-card-controls=\"0\" href=\"https:\/\/www.youtube.com\/watch?v=vm6eoEcou-Q\" rel=\"nofollow noopener\" target=\"_blank\">&#13;<\/p>\n","protected":false},"excerpt":{"rendered":"Calif\u00f3rnia, d\u00e9cada de 1980. Um grupo de antigos revolucion\u00e1rios reencontra-se quando a filha de um deles \u00e9 raptada&hellip;\n","protected":false},"author":2,"featured_media":85859,"comment_status":"","ping_status":"","sticky":false,"template":"","format":"standard","meta":{"footnotes":""},"categories":[140],"tags":[470,1413,114,115,147,148,1757,146,32,33,291],"class_list":{"0":"post-85858","1":"post","2":"type-post","3":"status-publish","4":"format-standard","5":"has-post-thumbnail","7":"category-filmes","8":"tag-cinema","9":"tag-cultura-ipsilon","10":"tag-entertainment","11":"tag-entretenimento","12":"tag-film","13":"tag-filmes","14":"tag-ipsilon","15":"tag-movies","16":"tag-portugal","17":"tag-pt","18":"tag-relaxar"},"share_on_mastodon":{"url":"","error":""},"_links":{"self":[{"href":"https:\/\/www.europesays.com\/pt\/wp-json\/wp\/v2\/posts\/85858","targetHints":{"allow":["GET"]}}],"collection":[{"href":"https:\/\/www.europesays.com\/pt\/wp-json\/wp\/v2\/posts"}],"about":[{"href":"https:\/\/www.europesays.com\/pt\/wp-json\/wp\/v2\/types\/post"}],"author":[{"embeddable":true,"href":"https:\/\/www.europesays.com\/pt\/wp-json\/wp\/v2\/users\/2"}],"replies":[{"embeddable":true,"href":"https:\/\/www.europesays.com\/pt\/wp-json\/wp\/v2\/comments?post=85858"}],"version-history":[{"count":0,"href":"https:\/\/www.europesays.com\/pt\/wp-json\/wp\/v2\/posts\/85858\/revisions"}],"wp:featuredmedia":[{"embeddable":true,"href":"https:\/\/www.europesays.com\/pt\/wp-json\/wp\/v2\/media\/85859"}],"wp:attachment":[{"href":"https:\/\/www.europesays.com\/pt\/wp-json\/wp\/v2\/media?parent=85858"}],"wp:term":[{"taxonomy":"category","embeddable":true,"href":"https:\/\/www.europesays.com\/pt\/wp-json\/wp\/v2\/categories?post=85858"},{"taxonomy":"post_tag","embeddable":true,"href":"https:\/\/www.europesays.com\/pt\/wp-json\/wp\/v2\/tags?post=85858"}],"curies":[{"name":"wp","href":"https:\/\/api.w.org\/{rel}","templated":true}]}}