{"id":85942,"date":"2025-09-25T11:32:12","date_gmt":"2025-09-25T11:32:12","guid":{"rendered":"https:\/\/www.europesays.com\/pt\/85942\/"},"modified":"2025-09-25T11:32:12","modified_gmt":"2025-09-25T11:32:12","slug":"4-filmes-com-historias-reais-que-vao-surpreender","status":"publish","type":"post","link":"https:\/\/www.europesays.com\/pt\/85942\/","title":{"rendered":"4 filmes com hist\u00f3rias reais que v\u00e3o surpreender"},"content":{"rendered":"<p><img width=\"610\" height=\"350\" src=\"https:\/\/www.europesays.com\/pt\/wp-content\/uploads\/2025\/09\/IMG_4607-610x350.jpeg\" class=\"attachment-post-thumbnail size-post-thumbnail wp-post-image\" alt=\"4 filmes com hist\u00f3rias reais t\u00e3o bizarras que parecem fic\u00e7\u00e3o, na Netflix\" title=\"4 filmes com hist\u00f3rias reais t\u00e3o bizarras que parecem fic\u00e7\u00e3o, na Netflix\" data-no-lazy=\"1\" decoding=\"async\" fetchpriority=\"high\"\/><\/p>\n<p>Realidade e fic\u00e7\u00e3o ganham novas dimens\u00f5es quando o cinema decide mergulhar em hist\u00f3rias reais que parecem sa\u00eddas da imagina\u00e7\u00e3o mais f\u00e9rtil. A Revista Bula encontrou na <a href=\"https:\/\/www.revistabula.com\/113206-6-filmes-na-netflix-terrivelmente-subestimados\/\" target=\"_blank\" rel=\"noreferrer noopener nofollow\">Netflix<\/a> t\u00edtulos que narram eventos extraordin\u00e1rios, mas que n\u00e3o s\u00e3o inven\u00e7\u00f5es, mas pura realidade. Esses filmes desafia a l\u00f3gica, provocam espanto e revelam nuances profundas da natureza humana, mostrando a capacidade do indiv\u00edduo de confrontar sistemas complexos ou limites aparentemente intranspon\u00edveis.<\/p>\n<p>Assistir essas produ\u00e7\u00f5es \u00e9 aceitar o convite de refletir sobre as fronteiras do poss\u00edvel e improv\u00e1vel. Cada personagem carrega consigo dilemas intensos e escolhas surreais, que provocam empatia, questionamentos sobre a moral, a \u00e9tica e a perseveran\u00e7a. As hist\u00f3rias n\u00e3o se limitam a relatar fatos, mas construir tens\u00e3o, drama e, em alguns casos, humor, transformando acontecimentos hist\u00f3ricos ou biogr\u00e1ficos em experi\u00eancias cinematogr\u00e1ficas que impactam.<\/p>\n<p>Reunindo talento e recursos audiovisuais, esses t\u00edtulos transmitem a magnitude e a estranheza desses acontecimentos, fazendo com que cada cena pare\u00e7a ver\u00eddica ao mesmo tempo que incrivelmente cinematogr\u00e1fica. A est\u00e9tica e rimo dessas obras enfatizam o car\u00e1ter quase imposs\u00edvel das situa\u00e7\u00f5es vividas pelos protagonistas. Assistir essas obras \u00e9 compreender como indiv\u00edduos comuns, quando confrontados por circunst\u00e2ncias extraordin\u00e1rias, podem redefinir suas pr\u00f3prias vidas e impactar o mundo ao seu redor.<\/p>\n<p><strong>David Contra os Bancos (2023), Jonathan Helgeland<\/strong><\/p>\n<p><img loading=\"lazy\" decoding=\"async\" width=\"610\" height=\"407\" class=\"alignnone size-full\" src=\"https:\/\/www.europesays.com\/pt\/wp-content\/uploads\/2025\/09\/david-contra-os-bancos-1-1-610x407.webp.webp\" alt=\"\"\/><strong class=\"attribution\">Divulga\u00e7\u00e3o \/ Netflix<\/strong><\/p>\n<p class=\"callout-body\">David, um advogado comum, enfrenta uma batalha quase imposs\u00edvel contra grandes institui\u00e7\u00f5es financeiras que o prejudicaram e tentam manter o controle sobre sua vida e seus recursos. Quando percebe que todos os caminhos legais est\u00e3o fechados e que o sistema est\u00e1 contra ele, decide tomar medidas extraordin\u00e1rias para expor as falhas do sistema e proteger a si mesmo e sua fam\u00edlia. Entre estrat\u00e9gias inteligentes, a\u00e7\u00f5es ousadas e confrontos diretos com executivos poderosos, ele transforma sua luta pessoal em um embate que mistura tens\u00e3o, frustra\u00e7\u00e3o e momentos de incr\u00edvel criatividade, mostrando at\u00e9 onde um indiv\u00edduo est\u00e1 disposto a ir diante da injusti\u00e7a.<\/p>\n<p><strong>A Incr\u00edvel Hist\u00f3ria da Ilha das Rosas (2020), Sydney Sibilia<\/strong><\/p>\n<p><img loading=\"lazy\" decoding=\"async\" width=\"610\" height=\"407\" class=\"alignnone size-full\" src=\"https:\/\/www.europesays.com\/pt\/wp-content\/uploads\/2025\/09\/A-Incrivel-Historia-da-Ilha-das-Rosas-610x407.webp.webp\" alt=\"\"\/><strong class=\"attribution\">Simone Florena \/ Netflix<\/strong><\/p>\n<p class=\"callout-body\">Em plena d\u00e9cada de 1960, o engenheiro Giorgio Concepisce constr\u00f3i uma pequena ilha no Adri\u00e1tico e a declara um Estado independente, a Ilha das Rosas, com leis pr\u00f3prias e cidadania pr\u00f3pria. Enquanto governos e burocratas tentam derrubar sua cria\u00e7\u00e3o, Giorgio enfrenta desafios pol\u00edticos e sociais inimagin\u00e1veis. O filme acompanha suas negocia\u00e7\u00f5es, a resist\u00eancia da popula\u00e7\u00e3o local e a criatividade com que ele transforma uma ideia absurda em um s\u00edmbolo de liberdade e idealismo. O que poderia parecer apenas uma piada de engenheiro se torna um verdadeiro teste de coragem, engenhosidade e persist\u00eancia frente a regras e estruturas estabelecidas.<\/p>\n<p><strong>A Escalada (2017), Ludovic Bernard<\/strong><\/p>\n<p><img loading=\"lazy\" decoding=\"async\" width=\"610\" height=\"407\" class=\"alignnone size-full\" src=\"https:\/\/www.europesays.com\/pt\/wp-content\/uploads\/2025\/09\/A-Escalada-610x407.jpg\" alt=\"\"\/><strong class=\"attribution\">Divulga\u00e7\u00e3o \/Netflix<\/strong><\/p>\n<p class=\"callout-body\">Samy, um jovem escalador amador, decide conquistar uma montanha considerada quase imposs\u00edvel. Cada passo \u00e9 marcado por tens\u00e3o f\u00edsica e emocional, enquanto ele enfrenta condi\u00e7\u00f5es clim\u00e1ticas extremas, riscos de vida e decis\u00f5es que exigem coragem e intelig\u00eancia. O filme acompanha sua prepara\u00e7\u00e3o, os desafios no percurso e as intera\u00e7\u00f5es com outros alpinistas, revelando tanto a fragilidade quanto a for\u00e7a do esp\u00edrito humano. A narrativa transforma uma aventura esportiva em um estudo sobre determina\u00e7\u00e3o, medo, resist\u00eancia e a capacidade de supera\u00e7\u00e3o diante de obst\u00e1culos que parecem insuper\u00e1veis, mostrando que a realidade, \u00e0s vezes, \u00e9 mais extraordin\u00e1ria que qualquer fic\u00e7\u00e3o.<\/p>\n<p><strong>Eu, Tonya (2017), Craig Gillespie<\/strong><\/p>\n<p><img loading=\"lazy\" decoding=\"async\" width=\"610\" height=\"407\" class=\"alignnone size-full\" src=\"https:\/\/www.europesays.com\/pt\/wp-content\/uploads\/2025\/09\/Eu-tonya-610x407.webp.webp\" alt=\"\"\/><strong class=\"attribution\">Divulga\u00e7\u00e3o \/ Neon<\/strong><\/p>\n<p class=\"callout-body\">A patinadora art\u00edstica Tonya Harding vive um percurso marcado por talento e controv\u00e9rsia. Sua vida pessoal conturbada, envolvendo abuso familiar e rela\u00e7\u00f5es t\u00f3xicas, se entrela\u00e7a com sua carreira profissional, levando-a a tomar decis\u00f5es que a colocam no centro de um esc\u00e2ndalo esportivo de repercuss\u00e3o internacional. O filme mostra como a press\u00e3o da fama, o desejo de vencer e os dilemas morais podem gerar consequ\u00eancias extremas. A trajet\u00f3ria de Tonya \u00e9 repleta de momentos absurdos e dram\u00e1ticos, revelando a complexidade de um ser humano que luta para se manter \u00e0 altura de expectativas externas e internas, enquanto o mundo observa com julgamento e fasc\u00ednio.<\/p>\n<p><img loading=\"lazy\" decoding=\"async\" src=\"https:\/\/www.europesays.com\/pt\/wp-content\/uploads\/2025\/09\/1758799932_148_fer-kalaoun-1.jpg\" width=\"300\" height=\"300\" alt=\"Fer Kalaoun\" class=\"avatar avatar-300 wp-user-avatar wp-user-avatar-300 alignnone photo\"\/><br \/>\nFer Kalaoun<\/p>\n<p>Fer Kalaoun \u00e9 editora na Revista Bula e rep\u00f3rter especializada em jornalismo cultural, audiovisual e pol\u00edtico desde 2014. Estudante de Hist\u00f3ria no Instituto Federal de Goi\u00e1s (IFG), traz uma perspectiva cr\u00edtica e contextualizada aos seus textos. J\u00e1 passou por grandes ve\u00edculos de comunica\u00e7\u00e3o de Goi\u00e1s, incluindo R\u00e1dio CBN, Jornal O Popular, Jornal Op\u00e7\u00e3o e R\u00e1dio Sagres, onde apresentou o quadro Cinemateca\u00a0Sagres.<\/p>\n","protected":false},"excerpt":{"rendered":"Realidade e fic\u00e7\u00e3o ganham novas dimens\u00f5es quando o cinema decide mergulhar em hist\u00f3rias reais que parecem sa\u00eddas da&hellip;\n","protected":false},"author":2,"featured_media":85943,"comment_status":"","ping_status":"","sticky":false,"template":"","format":"standard","meta":{"footnotes":""},"categories":[140],"tags":[114,115,147,148,146,716,32,33],"class_list":{"0":"post-85942","1":"post","2":"type-post","3":"status-publish","4":"format-standard","5":"has-post-thumbnail","7":"category-filmes","8":"tag-entertainment","9":"tag-entretenimento","10":"tag-film","11":"tag-filmes","12":"tag-movies","13":"tag-netflix","14":"tag-portugal","15":"tag-pt"},"share_on_mastodon":{"url":"","error":""},"_links":{"self":[{"href":"https:\/\/www.europesays.com\/pt\/wp-json\/wp\/v2\/posts\/85942","targetHints":{"allow":["GET"]}}],"collection":[{"href":"https:\/\/www.europesays.com\/pt\/wp-json\/wp\/v2\/posts"}],"about":[{"href":"https:\/\/www.europesays.com\/pt\/wp-json\/wp\/v2\/types\/post"}],"author":[{"embeddable":true,"href":"https:\/\/www.europesays.com\/pt\/wp-json\/wp\/v2\/users\/2"}],"replies":[{"embeddable":true,"href":"https:\/\/www.europesays.com\/pt\/wp-json\/wp\/v2\/comments?post=85942"}],"version-history":[{"count":0,"href":"https:\/\/www.europesays.com\/pt\/wp-json\/wp\/v2\/posts\/85942\/revisions"}],"wp:featuredmedia":[{"embeddable":true,"href":"https:\/\/www.europesays.com\/pt\/wp-json\/wp\/v2\/media\/85943"}],"wp:attachment":[{"href":"https:\/\/www.europesays.com\/pt\/wp-json\/wp\/v2\/media?parent=85942"}],"wp:term":[{"taxonomy":"category","embeddable":true,"href":"https:\/\/www.europesays.com\/pt\/wp-json\/wp\/v2\/categories?post=85942"},{"taxonomy":"post_tag","embeddable":true,"href":"https:\/\/www.europesays.com\/pt\/wp-json\/wp\/v2\/tags?post=85942"}],"curies":[{"name":"wp","href":"https:\/\/api.w.org\/{rel}","templated":true}]}}