{"id":85966,"date":"2025-09-25T11:48:08","date_gmt":"2025-09-25T11:48:08","guid":{"rendered":"https:\/\/www.europesays.com\/pt\/85966\/"},"modified":"2025-09-25T11:48:08","modified_gmt":"2025-09-25T11:48:08","slug":"capitao-do-feyenoord-acusa-colegas-de-egoismo-treinador-discorda","status":"publish","type":"post","link":"https:\/\/www.europesays.com\/pt\/85966\/","title":{"rendered":"Capit\u00e3o do Feyenoord acusa colegas de ego\u00edsmo, treinador discorda"},"content":{"rendered":"<p style=\"margin-bottom:11px\">A derrota em Braga, para a Liga Europa, causou mal-estar no plantel do Feyenoord, a avaliar pelas duras cr\u00edticas do capit\u00e3o, Sem Steijn, aos companheiros de equipa, que foram prontamente rebatidas pelo treinador, Robin van Persie.<\/p>\n<p>Na opini\u00e3o de Steijn, os seus colegas foram \u00abego\u00edstas\u00bb ao longo do encontro e a consequ\u00eancia desse comportamento foi um \u00abresultado desnecess\u00e1rio\u00bb.<\/p>\n<p>\u00abMuitos jogadores pensam em si. Temos de meter a bola muito mais r\u00e1pido, servir os avan\u00e7ados, tamb\u00e9m a mim, e n\u00e3o apenas querer rematar \u00e0 baliza\u00bb, atirou o internacional neerland\u00eas, de 23 anos, ap\u00f3s a partida.<\/p>\n<p>As cr\u00edticas n\u00e3o foram muito bem recebidas pelo treinador do Feyenoord, Robin van Persie, que as rebateu.<\/p>\n<p>\u00abIsso n\u00e3o tem a ver com ego\u00edsmo, mas sim com as escolhas que fazemos com a bola. O nosso jogo vertical poderia ter sido mais direto, mas tamb\u00e9m acho que dev\u00edamos ter feito mais movimentos sem bola, tanto os extremos como o Sem [Steijn]\u00bb, considerou o t\u00e9cnico.<\/p>\n<p>O Feyenoord iniciou a participa\u00e7\u00e3o na fase regular da Liga Europa com <a href=\"https:\/\/maisfutebol.iol.pt\/jogo\/aominuto\/spbraga\/feyenoord\/13830369\" target=\"_blank\" rel=\"nofollow noopener\">uma derrota em Braga, por 1-0<\/a>. O \u00fanico golo do jogo foi apontado por Fran Navarro, aos 80 minutos.<\/p>\n<p><strong>J\u00e1 segue o <a href=\"https:\/\/eur05.safelinks.protection.outlook.com\/?url=http%3A%2F%2Fwhatsapp.com%2Fchannel%2F0029Va9lGKPGOj9nW79Pd117&amp;data=05%7C02%7Craasantos%40tvi.pt%7Cc89f401601d045b5d75d08ddfa7d0fda%7C13331a74bf1340369e500c52b4b83749%7C0%7C0%7C638942137220564686%7CUnknown%7CTWFpbGZsb3d8eyJFbXB0eU1hcGkiOnRydWUsIlYiOiIwLjAuMDAwMCIsIlAiOiJXaW4zMiIsIkFOIjoiTWFpbCIsIldUIjoyfQ%3D%3D%7C0%7C%7C%7C&amp;sdata=mvt8EGfiWBV0qeIQuLOH0DoFHBsFUuXU6%2FsJwNPYMQk%3D&amp;reserved=0\" title=\"whatsapp.com\/channel\/0029Va9lGKPGOj9nW79Pd117\" rel=\"nofollow noopener\" target=\"_blank\">canal de Whatsapp do Maisfutebol<\/a>?<\/strong><\/p>\n<p style=\"margin-bottom:11px\">\u00a0<\/p>\n","protected":false},"excerpt":{"rendered":"A derrota em Braga, para a Liga Europa, causou mal-estar no plantel do Feyenoord, a avaliar pelas duras&hellip;\n","protected":false},"author":2,"featured_media":85967,"comment_status":"","ping_status":"","sticky":false,"template":"","format":"standard","meta":{"footnotes":""},"categories":[87],"tags":[135,303,524,82,137,1356,46,32,33,47,1394,21764,1233,134],"class_list":{"0":"post-85966","1":"post","2":"type-post","3":"status-publish","4":"format-standard","5":"has-post-thumbnail","7":"category-desporto","8":"tag-desporto","9":"tag-feyenoord","10":"tag-futebol","11":"tag-internacional","12":"tag-liga-europa","13":"tag-mais-futebol","14":"tag-maisfutebol","15":"tag-portugal","16":"tag-pt","17":"tag-pura-paixao","18":"tag-robin-van-persie","19":"tag-sem-steijn","20":"tag-sp-braga","21":"tag-sports"},"share_on_mastodon":{"url":"","error":""},"_links":{"self":[{"href":"https:\/\/www.europesays.com\/pt\/wp-json\/wp\/v2\/posts\/85966","targetHints":{"allow":["GET"]}}],"collection":[{"href":"https:\/\/www.europesays.com\/pt\/wp-json\/wp\/v2\/posts"}],"about":[{"href":"https:\/\/www.europesays.com\/pt\/wp-json\/wp\/v2\/types\/post"}],"author":[{"embeddable":true,"href":"https:\/\/www.europesays.com\/pt\/wp-json\/wp\/v2\/users\/2"}],"replies":[{"embeddable":true,"href":"https:\/\/www.europesays.com\/pt\/wp-json\/wp\/v2\/comments?post=85966"}],"version-history":[{"count":0,"href":"https:\/\/www.europesays.com\/pt\/wp-json\/wp\/v2\/posts\/85966\/revisions"}],"wp:featuredmedia":[{"embeddable":true,"href":"https:\/\/www.europesays.com\/pt\/wp-json\/wp\/v2\/media\/85967"}],"wp:attachment":[{"href":"https:\/\/www.europesays.com\/pt\/wp-json\/wp\/v2\/media?parent=85966"}],"wp:term":[{"taxonomy":"category","embeddable":true,"href":"https:\/\/www.europesays.com\/pt\/wp-json\/wp\/v2\/categories?post=85966"},{"taxonomy":"post_tag","embeddable":true,"href":"https:\/\/www.europesays.com\/pt\/wp-json\/wp\/v2\/tags?post=85966"}],"curies":[{"name":"wp","href":"https:\/\/api.w.org\/{rel}","templated":true}]}}