{"id":85980,"date":"2025-09-25T12:02:07","date_gmt":"2025-09-25T12:02:07","guid":{"rendered":"https:\/\/www.europesays.com\/pt\/85980\/"},"modified":"2025-09-25T12:02:07","modified_gmt":"2025-09-25T12:02:07","slug":"empresa-fala-em-ataque-a-democracia","status":"publish","type":"post","link":"https:\/\/www.europesays.com\/pt\/85980\/","title":{"rendered":"empresa fala em \u201cataque \u00e0 democracia\u201d"},"content":{"rendered":"<p>A rea\u00e7\u00e3o de Luciano Hang<\/p>\n<p>O empres\u00e1rio Luciano Hang <strong>usou as redes sociais para denunciar o epis\u00f3dio e associ\u00e1-lo \u00e0 intoler\u00e2ncia.<\/strong><\/p>\n<blockquote><p>\u201cTriste ver isso! Sempre falo: somos concorrentes de ideias, mas jamais inimigos pessoais, mas infelizmente muitos n\u00e3o pensam assim.\u201d<\/p><\/blockquote>\n<p>Ele lembrou que <strong>casos parecidos j\u00e1 ocorreram em S\u00e3o Carlos (SP) e Porto Velho (RO), sem que os autores fossem identificados<\/strong>:<\/p>\n<blockquote><p>\u201cEssa \u00e9 a terceira est\u00e1tua que colocam fogo, nas duas anteriores os criminosos ficaram impunes. Voc\u00ea acha isso justo?\u201d<\/p><\/blockquote>\n<blockquote class=\"twitter-tweet\">\n<p lang=\"pt\" dir=\"ltr\">At\u00e9 onde vai a intoler\u00e2ncia?<\/p>\n<p>Compartilho com voc\u00eas alguns coment\u00e1rios que vi sobre a nossa est\u00e1tua, que foi incendiada de forma criminosa na Havan de Petrolina, em Pernambuco. S\u00e3o coment\u00e1rios de \u00f3dio, nos quais pessoas comemoram a trag\u00e9dia e torcem para que outros atos assim\u2026 <a href=\"https:\/\/t.co\/gW4Q7hiJai\" rel=\"nofollow\">pic.twitter.com\/gW4Q7hiJai<\/a><\/p>\n<p>\u2014 Luciano Hang (@LucianoHangBr) <a href=\"https:\/\/twitter.com\/LucianoHangBr\/status\/1970562162297843715?ref_src=twsrc%5Etfw\" rel=\"nofollow noopener\" target=\"_blank\">September 23, 2025<\/a><\/p><\/blockquote>\n<p> Investiga\u00e7\u00e3o: o que dizem a Pol\u00edcia Civil e a empresa<\/p>\n<p>A Pol\u00edcia Civil de Pernambuco <strong>informou ter <\/strong><a href=\"https:\/\/www.gazetadopovo.com.br\/brasil\/luciano-hang-denuncia-ataque-a-estatua-da-havan-ato-de-intolerancia\/\" rel=\"nofollow noopener\" target=\"_blank\"><strong>instaurado inqu\u00e9rito<\/strong><\/a><strong> para apurar dano e inc\u00eandio doloso<\/strong>. At\u00e9 o momento, n\u00e3o h\u00e1 identifica\u00e7\u00e3o dos suspeitos.<\/p>\n<p>Em nota oficial, a Havan classificou o caso como um \u201cataque \u00e0 democracia\u201d e <strong>disse acompanhar as investiga\u00e7\u00f5es para que os respons\u00e1veis sejam responsabilizados<\/strong>.\u00a0<\/p>\n<p>A empresa afirma que pretende <strong>recuperar a fachada da unidade de Petrolina, ainda sem previs\u00e3o para reconstruir a est\u00e1tua<\/strong>.<\/p>\n<p class=\"newsletter-article-copy\">As principais not\u00edcias e os melhores conte\u00fados da BP diariamente no seu e-mail pela manh\u00e3:<\/p>\n<p><a href=\"#cb3c658453\" class=\"newsletter-btn w-inline-block\"><\/p>\n<p>ASSINAR\u00a0NEWSLETTER<\/p>\n<p><\/a><script async src=\"https:\/\/platform.twitter.com\/widgets.js\" charset=\"utf-8\"><\/script><\/p>\n","protected":false},"excerpt":{"rendered":"A rea\u00e7\u00e3o de Luciano Hang O empres\u00e1rio Luciano Hang usou as redes sociais para denunciar o epis\u00f3dio e&hellip;\n","protected":false},"author":2,"featured_media":85981,"comment_status":"","ping_status":"","sticky":false,"template":"","format":"standard","meta":{"footnotes":""},"categories":[144],"tags":[207,205,206,203,201,202,204,114,115,32,33],"class_list":{"0":"post-85980","1":"post","2":"type-post","3":"status-publish","4":"format-standard","5":"has-post-thumbnail","7":"category-arte-e-design","8":"tag-arte","9":"tag-arte-e-design","10":"tag-artedesign","11":"tag-arts","12":"tag-arts-and-design","13":"tag-artsanddesign","14":"tag-design","15":"tag-entertainment","16":"tag-entretenimento","17":"tag-portugal","18":"tag-pt"},"share_on_mastodon":{"url":"","error":""},"_links":{"self":[{"href":"https:\/\/www.europesays.com\/pt\/wp-json\/wp\/v2\/posts\/85980","targetHints":{"allow":["GET"]}}],"collection":[{"href":"https:\/\/www.europesays.com\/pt\/wp-json\/wp\/v2\/posts"}],"about":[{"href":"https:\/\/www.europesays.com\/pt\/wp-json\/wp\/v2\/types\/post"}],"author":[{"embeddable":true,"href":"https:\/\/www.europesays.com\/pt\/wp-json\/wp\/v2\/users\/2"}],"replies":[{"embeddable":true,"href":"https:\/\/www.europesays.com\/pt\/wp-json\/wp\/v2\/comments?post=85980"}],"version-history":[{"count":0,"href":"https:\/\/www.europesays.com\/pt\/wp-json\/wp\/v2\/posts\/85980\/revisions"}],"wp:featuredmedia":[{"embeddable":true,"href":"https:\/\/www.europesays.com\/pt\/wp-json\/wp\/v2\/media\/85981"}],"wp:attachment":[{"href":"https:\/\/www.europesays.com\/pt\/wp-json\/wp\/v2\/media?parent=85980"}],"wp:term":[{"taxonomy":"category","embeddable":true,"href":"https:\/\/www.europesays.com\/pt\/wp-json\/wp\/v2\/categories?post=85980"},{"taxonomy":"post_tag","embeddable":true,"href":"https:\/\/www.europesays.com\/pt\/wp-json\/wp\/v2\/tags?post=85980"}],"curies":[{"name":"wp","href":"https:\/\/api.w.org\/{rel}","templated":true}]}}