{"id":86042,"date":"2025-09-25T12:50:09","date_gmt":"2025-09-25T12:50:09","guid":{"rendered":"https:\/\/www.europesays.com\/pt\/86042\/"},"modified":"2025-09-25T12:50:09","modified_gmt":"2025-09-25T12:50:09","slug":"a-casa-que-niemeyer-projetou-nos-eua-mas-foi-impedido-de-ver-de-perto","status":"publish","type":"post","link":"https:\/\/www.europesays.com\/pt\/86042\/","title":{"rendered":"A casa que Niemeyer projetou nos EUA, mas foi impedido de ver de perto"},"content":{"rendered":"<p>                        <img width=\"944\" height=\"531\" src=\"https:\/\/www.europesays.com\/pt\/wp-content\/uploads\/2025\/09\/Design-sem-nome-4-944x531.jpg\" class=\"attachment-custom-large size-custom-large article-featured-image\" alt=\"A casa \u00e9 o \u00fanico projeto do arquiteto nos Estados Unidos (Foto: Youtube\/Reprodu\u00e7\u00e3o)\" fetchpriority=\"high\" decoding=\"async\"  \/><\/p>\n<p>A casa \u00e9 o \u00fanico projeto do arquiteto nos Estados Unidos (Foto: Youtube, Reprodu\u00e7\u00e3o)<\/p>\n<p>O mercado imobili\u00e1rio de Los Angeles \u00e9 um dos mais famosos e caros do mundo. Em meio a essa vizinhan\u00e7a milion\u00e1ria, a Strike House foi projetada por Oscar Niemeyer em 1964 e \u00e9 o \u00fanico projeto do arquiteto no pa\u00eds. O im\u00f3vel pode ser arrematado por aproximadamente R$ 107 milh\u00f5es.<\/p>\n<p>Continua depois da publicidade<\/p>\n<p>A casa fica em um famoso endere\u00e7o de Santa Monica, La Mesa Drive, bairro de grandes projetos arquitet\u00f4nicos assinados por nomes famosos, como Richard Neutra e Rudolph Schindler.<\/p>\n<p>A casa projetada por Niemeyer tem tra\u00e7os caracter\u00edsticos, como linhas retas, esbanja luz natural e lembra muito seus outros projetos. Ela conta com 460 m\u00b2, cinco quartos, seis banheiros, p\u00e9 direito alto, paredes de vidro e vista para o Riviera Country Club.<\/p>\n<p>O sucesso do modernismo brasileiro na Calif\u00f3rnia<\/p>\n<p>Segundo o instituto de preserva\u00e7\u00e3o de patrim\u00f4nio Santa Monica Conservancy, entre o final da d\u00e9cada de 1950 e in\u00edcio dos anos 1960, o modernismo brasileiro fazia muito sucesso na Calif\u00f3rnia, como um movimento voltado ao futuro.<\/p>\n<p>Continua depois da publicidade<\/p>\n<p>Ap\u00f3s a inaugura\u00e7\u00e3o de Bras\u00edlia, Niemeyer se tornou ainda mais famoso no pa\u00eds. Um dos seus f\u00e3s foi o diretor de cinema Joseph Strick e sua esposa, Anne Strick, que encomendaram o projeto da resid\u00eancia.<\/p>\n<p>Ao contr\u00e1rio da classe art\u00edstica, os pol\u00edticos americanos n\u00e3o viam o arquiteto com bons olhos por conta de seus posicionamentos pol\u00edticos. Por isso, Niemeyer teve seu visto negado e o projeto teve que ser finalizado \u00e0 dist\u00e2ncia.<\/p>\n<p>Pouco tempo depois da finaliza\u00e7\u00e3o da obra, o casal Strick se separou e Anne morou na resid\u00eancia at\u00e9 2003, quando decidiu vender para a construtora. O primeiro plano era demolir a resid\u00eancia, mas ap\u00f3s protestos de arquitetos e historiadores, eles a venderam por R$ 16,2 milh\u00f5es para o casal de arquitetos e designers Michael e Gabrielle Boyd.<\/p>\n<p>Continua depois da publicidade<\/p>\n<p>Nas m\u00e3os certas de admiradores do trabalho de Niemeyer, a casa sofreu poucas interfer\u00eancias e mant\u00e9m a maioria da estrutura original, apenas adicionaram a biblioteca de p\u00e9 direito duplo.<\/p>\n<p>Niemeyer nunca chegou a ver o projeto conclu\u00eddo, mesmo tendo morrido apenas em 2012, aos 104 anos. Mas, o casal de arquitetos aposta que ele deve ter visto a casa reformada na revista Architecture Digest.<\/p>\n<p>Leia tamb\u00e9m<\/p>\n<p><a href=\"https:\/\/www.nsctotal.com.br\/noticias\/adeus-mesinha-de-cabeceira-essa-inovacao-alternativa-ocupa-menos-espaco-e-e-mais-barata\" target=\"_blank\" rel=\"noreferrer noopener nofollow\"><strong>Adeus, mesinha de cabeceira: essa inova\u00e7\u00e3o alternativa ocupa menos espa\u00e7o e \u00e9 mais barata<\/strong><\/a><\/p>\n<p><a href=\"https:\/\/www.nsctotal.com.br\/noticias\/novo-estudo-revela-que-beber-pouca-agua-aumenta-em-ate-55-os-niveis-de-cortisol\" target=\"_blank\" rel=\"noreferrer noopener nofollow\"><strong>Novo estudo revela que beber pouca \u00e1gua aumenta em at\u00e9 55% os n\u00edveis de cortisol<\/strong><\/a><\/p>\n<p><strong><a href=\"https:\/\/cbntotal.com.br\/bem-estar\/o-que-fazer-caso-for-picado-por-um-escorpiao-amarelo-veja-dicas-e-sintomas\/\" target=\"_blank\" rel=\"noreferrer noopener nofollow\">O que fazer caso for picado por um escorpi\u00e3o-amarelo; veja dicas e sintomas<\/a><\/strong><\/p>\n","protected":false},"excerpt":{"rendered":"A casa \u00e9 o \u00fanico projeto do arquiteto nos Estados Unidos (Foto: Youtube, Reprodu\u00e7\u00e3o) O mercado imobili\u00e1rio de&hellip;\n","protected":false},"author":2,"featured_media":86043,"comment_status":"","ping_status":"","sticky":false,"template":"","format":"standard","meta":{"footnotes":""},"categories":[144],"tags":[207,205,206,203,201,202,204,114,115,32,33,794],"class_list":{"0":"post-86042","1":"post","2":"type-post","3":"status-publish","4":"format-standard","5":"has-post-thumbnail","7":"category-arte-e-design","8":"tag-arte","9":"tag-arte-e-design","10":"tag-artedesign","11":"tag-arts","12":"tag-arts-and-design","13":"tag-artsanddesign","14":"tag-design","15":"tag-entertainment","16":"tag-entretenimento","17":"tag-portugal","18":"tag-pt","19":"tag-voce-viu"},"share_on_mastodon":{"url":"","error":""},"_links":{"self":[{"href":"https:\/\/www.europesays.com\/pt\/wp-json\/wp\/v2\/posts\/86042","targetHints":{"allow":["GET"]}}],"collection":[{"href":"https:\/\/www.europesays.com\/pt\/wp-json\/wp\/v2\/posts"}],"about":[{"href":"https:\/\/www.europesays.com\/pt\/wp-json\/wp\/v2\/types\/post"}],"author":[{"embeddable":true,"href":"https:\/\/www.europesays.com\/pt\/wp-json\/wp\/v2\/users\/2"}],"replies":[{"embeddable":true,"href":"https:\/\/www.europesays.com\/pt\/wp-json\/wp\/v2\/comments?post=86042"}],"version-history":[{"count":0,"href":"https:\/\/www.europesays.com\/pt\/wp-json\/wp\/v2\/posts\/86042\/revisions"}],"wp:featuredmedia":[{"embeddable":true,"href":"https:\/\/www.europesays.com\/pt\/wp-json\/wp\/v2\/media\/86043"}],"wp:attachment":[{"href":"https:\/\/www.europesays.com\/pt\/wp-json\/wp\/v2\/media?parent=86042"}],"wp:term":[{"taxonomy":"category","embeddable":true,"href":"https:\/\/www.europesays.com\/pt\/wp-json\/wp\/v2\/categories?post=86042"},{"taxonomy":"post_tag","embeddable":true,"href":"https:\/\/www.europesays.com\/pt\/wp-json\/wp\/v2\/tags?post=86042"}],"curies":[{"name":"wp","href":"https:\/\/api.w.org\/{rel}","templated":true}]}}