{"id":86048,"date":"2025-09-25T12:53:15","date_gmt":"2025-09-25T12:53:15","guid":{"rendered":"https:\/\/www.europesays.com\/pt\/86048\/"},"modified":"2025-09-25T12:53:15","modified_gmt":"2025-09-25T12:53:15","slug":"familia-argenton-da-show-de-charme-e-alegria-nos-62-anos-de-jabora-radio-rural","status":"publish","type":"post","link":"https:\/\/www.europesays.com\/pt\/86048\/","title":{"rendered":"Fam\u00edlia Argenton d\u00e1 show de charme e alegria nos 62 anos de Jabor\u00e1! &#8211; R\u00e1dio Rural"},"content":{"rendered":"<ol>\n<li><a href=\"https:\/\/news.google.com\/rss\/articles\/CBMiwAFBVV95cUxPd2prT2xaeUZsWEZQSUtRdnRxVmswZXBGNW1idUZMd3AyTzQ5NWQ2V3NWN3JHYTlOdHV6Ty15UEFTNGE3SkJUOFBuZmxTaWZ6Vy1qbUFzMFB5V09KTmxtaGhTT0lDZTJMZGJoUDl6SUJPRXlpcm93YmpqMlphRV9PYkxzUjFycjJBT3diS1MzOEI5UmhNSVJfVWp0a21SMTJGR2stLWR3WDlvZFVQMUo5djZSVFRFcnRJSXk1eHBDSWw?oc=5\" target=\"_blank\" rel=\"nofollow noopener\">Fam\u00edlia Argenton d\u00e1 show de charme e alegria nos 62 anos de Jabor\u00e1!<\/a>&nbsp;&nbsp;R\u00e1dio Rural<\/li>\n<li><a href=\"https:\/\/news.google.com\/rss\/articles\/CBMiwAFBVV95cUxOQksyMU4zOW5ycmcxZ2NOTWdEbDgzU3JfaGRxZnF0UkxNd0hnMFQ2X1FtMmwzd1ZMTW95ekVfS283aEJXaWplLW9NOGx4WlFWek1KMVVGQWowVnpOYjdUZHVIWi0weFNZMTdZb3NhS2FCTUlFc2ZLdmRzdkFVZ09qT0Q0a1JVUU0xQTBRLWVpQUNubDVkdjFPQWVLaElYbnZob0NPNE1PYkFzY0FNOEQ2MTN1am9WYjBReGtyY3VTRF8?oc=5\" target=\"_blank\" rel=\"nofollow noopener\">Show nacional de Antony e Gabriel marca anivers\u00e1rio de 62 anos de Jabor\u00e1 neste s\u00e1bado<\/a>&nbsp;&nbsp;R\u00e1dio Capinzal<\/li>\n<li><a href=\"https:\/\/news.google.com\/rss\/articles\/CBMi0gFBVV95cUxOU3VfMWpWeW9HNWVFT3NELVVuVklKdm5KRHRtTTI1SmEtbzRZalV2RFJFSHRVbUphTU9sZUtXQUtzNENyOTNHd0lhZ0RJWWJyamtGekluY0dsNXlyVVJwN0ktajVGOVV3TEw0OHo2cG1pdXp1cVdRTXRKdHV1YlJDaVllZmtyQ0hpY25jR1VDaG5ZZ0wwUnItT0xjVnJzWGx4eHFzallaekxzX2NwVXdtc2xHN0pYcFU2SF9EYnpsWGZseTgyNlJDS0RmdTBCMjZVaVE?oc=5\" target=\"_blank\" rel=\"nofollow noopener\">JABOR\u00c1 EM FESTA: Antony e Gabriel lotam Centro de Eventos nos 62 anos. Espie!\ud83c\udf89\ud83c\udfb5<\/a>&nbsp;&nbsp;R\u00e1dio 96 FM<\/li>\n<li><a href=\"https:\/\/news.google.com\/rss\/articles\/CBMipwFBVV95cUxNR0lTVEdZb0VoU0t0V0FpSzJ6aVoyZEp3dHIwLU5GS1hvN05tLXRWTkludG02TlB2S3FWTTNBYk41elZ6SmEzbThKMW5XLVhMUWxIaWUyNU5DbTNPdzNsaXJpSEY0TFpiOGZBc0hoV3VHRFFNZk05amRsX1k5V1h3c0hyc3U0bXk4al9VaUdvR2NCd1pDU1NNRmg3Qy1xU0J5aUs3V0d2VQ?oc=5\" target=\"_blank\" rel=\"nofollow noopener\">62 anos: Jabor\u00e1 ter\u00e1 show nacional gratuito com Antony &amp; Gabriel no s\u00e1bado (20)<\/a>&nbsp;&nbsp;R\u00e1dio Capinzal<\/li>\n<\/ol>\n","protected":false},"excerpt":{"rendered":"Fam\u00edlia Argenton d\u00e1 show de charme e alegria nos 62 anos de Jabor\u00e1!&nbsp;&nbsp;R\u00e1dio Rural Show nacional de Antony&hellip;\n","protected":false},"author":2,"featured_media":86049,"comment_status":"","ping_status":"","sticky":false,"template":"","format":"standard","meta":{"footnotes":""},"categories":[141],"tags":[562,726,2733,2731,476,539,2258,114,115,1062,986,2732,149,150,1086,52,32,33,3551,117],"class_list":{"0":"post-86048","1":"post","2":"type-post","3":"status-publish","4":"format-standard","5":"has-post-thumbnail","7":"category-musica","8":"tag-agricultura","9":"tag-brasil","10":"tag-carnaval","11":"tag-dicas-do-dia","12":"tag-economia","13":"tag-educacao","14":"tag-eleicoes","15":"tag-entertainment","16":"tag-entretenimento","17":"tag-esportes","18":"tag-estado","19":"tag-geral","20":"tag-music","21":"tag-musica","22":"tag-policia","23":"tag-politica","24":"tag-portugal","25":"tag-pt","26":"tag-regiao","27":"tag-saude"},"share_on_mastodon":{"url":"","error":""},"_links":{"self":[{"href":"https:\/\/www.europesays.com\/pt\/wp-json\/wp\/v2\/posts\/86048","targetHints":{"allow":["GET"]}}],"collection":[{"href":"https:\/\/www.europesays.com\/pt\/wp-json\/wp\/v2\/posts"}],"about":[{"href":"https:\/\/www.europesays.com\/pt\/wp-json\/wp\/v2\/types\/post"}],"author":[{"embeddable":true,"href":"https:\/\/www.europesays.com\/pt\/wp-json\/wp\/v2\/users\/2"}],"replies":[{"embeddable":true,"href":"https:\/\/www.europesays.com\/pt\/wp-json\/wp\/v2\/comments?post=86048"}],"version-history":[{"count":0,"href":"https:\/\/www.europesays.com\/pt\/wp-json\/wp\/v2\/posts\/86048\/revisions"}],"wp:featuredmedia":[{"embeddable":true,"href":"https:\/\/www.europesays.com\/pt\/wp-json\/wp\/v2\/media\/86049"}],"wp:attachment":[{"href":"https:\/\/www.europesays.com\/pt\/wp-json\/wp\/v2\/media?parent=86048"}],"wp:term":[{"taxonomy":"category","embeddable":true,"href":"https:\/\/www.europesays.com\/pt\/wp-json\/wp\/v2\/categories?post=86048"},{"taxonomy":"post_tag","embeddable":true,"href":"https:\/\/www.europesays.com\/pt\/wp-json\/wp\/v2\/tags?post=86048"}],"curies":[{"name":"wp","href":"https:\/\/api.w.org\/{rel}","templated":true}]}}