{"id":86061,"date":"2025-09-25T13:10:24","date_gmt":"2025-09-25T13:10:24","guid":{"rendered":"https:\/\/www.europesays.com\/pt\/86061\/"},"modified":"2025-09-25T13:10:24","modified_gmt":"2025-09-25T13:10:24","slug":"minutos-apos-apresentar-secret-story-cristina-ferreira-partilha-novidade-sobre-joao-monteiro-felicidade-a-espera","status":"publish","type":"post","link":"https:\/\/www.europesays.com\/pt\/86061\/","title":{"rendered":"Minutos ap\u00f3s apresentar &#8220;Secret Story&#8221;, Cristina Ferreira partilha novidade sobre Jo\u00e3o Monteiro: &#8220;Felicidade \u00e0 espera&#8221;"},"content":{"rendered":"<p>Nesta ter\u00e7a-feira, dia 23, <a href=\"https:\/\/selfie.iol.pt\/famosos\/casa-dos-segredos\/cristina-ferreira-nao-sabe-ler-nem-escrever-aprendeu-o-nome-aos-70-anos\/20250923\/68d2e78ed34ee0c2fed07223\" target=\"_blank\" rel=\"nofollow noopener\">Cristina Ferreira<\/a> apresentou mais uma edi\u00e7\u00e3o do &#8220;Especial&#8221; de &#8220;<a href=\"https:\/\/tvi.iol.pt\/secretstory\/\" target=\"_blank\" rel=\"nofollow noopener\">Secret Story &#8211; Casa dos Segredos<\/a>&#8220;.<\/p>\n<p>E, minutos ap\u00f3s o final desta emiss\u00e3o, a comunicadora, de 48 anos, partilhou uma novidade sobre o namorado, <a href=\"https:\/\/selfie.iol.pt\/famosos\/secret-story\/cristina-ferreira-arrasa-em-look-sensual-e-detalhe-chama-a-atencao-de-joao-monteiro-e-qualquer-coisa\/20250922\/68d17151d34ee0c2fed064a0\" target=\"_blank\" rel=\"nofollow noopener\">Jo\u00e3o Monteiro<\/a>: \u00e9 que o treinador de t\u00e9nis estava a aguardar Cristina Ferreira nos bastidores do programa.<\/p>\n<p>&#8220;Sair do programa e ter a felicidade \u00e0 espera&#8221;, assinalou a apresentadora, na legenda da fotografia desse momento, acrescentando um emoji em forma de cora\u00e7\u00e3o roxo, que simboliza a uni\u00e3o de ambos.<\/p>\n<p>Veja, agora, algumas das melhores imagens de Cristina Ferreira e Jo\u00e3o Monteiro nas galerias de fotografias que prepar\u00e1mos para si.<\/p>\n<p><img decoding=\"async\" alt=\"\" onclick=\"\" src=\"https:\/\/www.europesays.com\/pt\/wp-content\/uploads\/2025\/09\/1758805824_855_1024.jpeg\" title=\"Cristina Ferreira\"\/><\/p>\n","protected":false},"excerpt":{"rendered":"Nesta ter\u00e7a-feira, dia 23, Cristina Ferreira apresentou mais uma edi\u00e7\u00e3o do &#8220;Especial&#8221; de &#8220;Secret Story &#8211; Casa dos&hellip;\n","protected":false},"author":2,"featured_media":86062,"comment_status":"","ping_status":"","sticky":false,"template":"","format":"standard","meta":{"footnotes":""},"categories":[142],"tags":[2632,166,114,115,980,1015,6470,619,32,33,1014,1315,1012,151,162],"class_list":{"0":"post-86061","1":"post","2":"type-post","3":"status-publish","4":"format-standard","5":"has-post-thumbnail","7":"category-tv","8":"tag-casa-dos-segredos","9":"tag-cristina-ferreira","10":"tag-entertainment","11":"tag-entretenimento","12":"tag-famosos","13":"tag-instagram","14":"tag-joao-monteiro","15":"tag-nacional","16":"tag-portugal","17":"tag-pt","18":"tag-reality-show","19":"tag-secret-story","20":"tag-selfie","21":"tag-tv","22":"tag-tvi"},"share_on_mastodon":{"url":"","error":""},"_links":{"self":[{"href":"https:\/\/www.europesays.com\/pt\/wp-json\/wp\/v2\/posts\/86061","targetHints":{"allow":["GET"]}}],"collection":[{"href":"https:\/\/www.europesays.com\/pt\/wp-json\/wp\/v2\/posts"}],"about":[{"href":"https:\/\/www.europesays.com\/pt\/wp-json\/wp\/v2\/types\/post"}],"author":[{"embeddable":true,"href":"https:\/\/www.europesays.com\/pt\/wp-json\/wp\/v2\/users\/2"}],"replies":[{"embeddable":true,"href":"https:\/\/www.europesays.com\/pt\/wp-json\/wp\/v2\/comments?post=86061"}],"version-history":[{"count":0,"href":"https:\/\/www.europesays.com\/pt\/wp-json\/wp\/v2\/posts\/86061\/revisions"}],"wp:featuredmedia":[{"embeddable":true,"href":"https:\/\/www.europesays.com\/pt\/wp-json\/wp\/v2\/media\/86062"}],"wp:attachment":[{"href":"https:\/\/www.europesays.com\/pt\/wp-json\/wp\/v2\/media?parent=86061"}],"wp:term":[{"taxonomy":"category","embeddable":true,"href":"https:\/\/www.europesays.com\/pt\/wp-json\/wp\/v2\/categories?post=86061"},{"taxonomy":"post_tag","embeddable":true,"href":"https:\/\/www.europesays.com\/pt\/wp-json\/wp\/v2\/tags?post=86061"}],"curies":[{"name":"wp","href":"https:\/\/api.w.org\/{rel}","templated":true}]}}