{"id":86088,"date":"2025-09-25T13:40:11","date_gmt":"2025-09-25T13:40:11","guid":{"rendered":"https:\/\/www.europesays.com\/pt\/86088\/"},"modified":"2025-09-25T13:40:11","modified_gmt":"2025-09-25T13:40:11","slug":"deducoes-para-inquilinos-e-menos-taxas-para-senhorios-montenegro-anuncia-novo-pacote-para-a-habitacao","status":"publish","type":"post","link":"https:\/\/www.europesays.com\/pt\/86088\/","title":{"rendered":"Dedu\u00e7\u00f5es para inquilinos e menos taxas para senhorios: Montenegro anuncia novo pacote para a Habita\u00e7\u00e3o"},"content":{"rendered":"<p>\t                Primeiro-ministro coloca o foco em &#8220;promover habita\u00e7\u00e3o a pre\u00e7os moderados para os portugueses&#8221;<\/p>\n<p>O primeiro-ministro anunciou esta quarta-feira que o Conselho de Ministros vai aprovar nesta quinta-feira um conjunto de medidas na \u00e1rea da habita\u00e7\u00e3o, incluindo aumento das dedu\u00e7\u00f5es \u00e0 coleta para inquilinos e diminui\u00e7\u00e3o de taxas para senhorios.<\/p>\n<p>Lu\u00eds Montenegro falava na interven\u00e7\u00e3o inicial no debate quinzenal na Assembleia da Rep\u00fablica.<\/p>\n<p>\u201cO foco \u00e9 promover habita\u00e7\u00e3o a pre\u00e7os moderados para os portugueses e, em particular, para a classe m\u00e9dia\u201d, afirmou.<\/p>\n<p>Entre as medidas a aprovar na quinta-feira, o primeiro-ministro destacou quatro.<\/p>\n<p>\u201cPara os inquilinos, j\u00e1 em 2026, um aumento para 900 euros e, em 2027, para 1.000 euros, de dedu\u00e7\u00e3o \u00e0 coleta de IRS dos encargos com as rendas de habita\u00e7\u00e3o a pre\u00e7os moderados\u201d, disse.<\/p>\n<p>Para os senhorios, o primeiro-ministro apontou \u201ca redu\u00e7\u00e3o da taxa de IRS de 25 para 10% nos contratos de arrendamento de habita\u00e7\u00f5es a rendas moderadas\u201d.<\/p>\n<p>\u201cEm terceiro lugar, o fim das mais-valias de IRS na venda de habita\u00e7\u00f5es se o valor for reinvestido em im\u00f3veis para arrendamento a valor moderado\u201d, acrescentou.<\/p>\n<p>Como quarta medida, apontou \u201ca simplifica\u00e7\u00e3o dos licenciamentos no regime jur\u00eddico da urbaniza\u00e7\u00e3o e edifica\u00e7\u00e3o, encurtando prazos e agilizando processos\u201d.<\/p>\n<p>Na sua interven\u00e7\u00e3o inicial de dez minutos, Montenegro defendeu que \u201co \u00edmpeto reformista \u00e9 a ess\u00eancia do projeto\u201d do XXV Governo e deu exemplos noutras \u00e1reas.<\/p>\n<p>\u201cDestaco, entre outras, e nestes pouco mais de 100 dias de mandato, a redu\u00e7\u00e3o da carga fiscal sobre o trabalho, o aumento que est\u00e1 em execu\u00e7\u00e3o do sal\u00e1rio m\u00ednimo e tamb\u00e9m do sal\u00e1rio m\u00e9dio, o aumento do complemento solid\u00e1rio para idosos e das pens\u00f5es, a valoriza\u00e7\u00e3o salarial das carreiras do Estado\u201d, enumerou.<\/p>\n<p>Entre as medidas destacadas por Montenegro neste in\u00edcio do seu segundo executivo, contam-se tamb\u00e9m \u201ca regula\u00e7\u00e3o com humanismo e capacidade de integra\u00e7\u00e3o\u201d na imigra\u00e7\u00e3o, \u201co refor\u00e7o da seguran\u00e7a com policiamento de proximidade e com a realiza\u00e7\u00e3o de opera\u00e7\u00f5es especiais de preven\u00e7\u00e3o e fiscaliza\u00e7\u00e3o\u201d ou a privatiza\u00e7\u00e3o da TAP.<\/p>\n<p>Na educa\u00e7\u00e3o, o primeiro-ministro falou em \u201creposi\u00e7\u00e3o da normalidade social na abertura do ano letivo\u201d, enquanto na da sa\u00fade disse que o Governo est\u00e1 a prosseguir \u201co esfor\u00e7o de transforma\u00e7\u00e3o estrutural\u201d.<\/p>\n<p>\u201cCom alguns importantes progressos que j\u00e1 se obtiveram apesar das dificuldades que n\u00e3o escondemos: os n\u00fameros de 2025 face a per\u00edodo hom\u00f3logo de 2024 apontam para a realiza\u00e7\u00e3o de mais 2,7% de consultas, mais 5,4% de cirurgias, mais 5,8% de cirurgias oncol\u00f3gicas e a redu\u00e7\u00e3o de 16% do tempo m\u00e9dio de espera nas urg\u00eancias\u201d, disse.<\/p>\n","protected":false},"excerpt":{"rendered":"Primeiro-ministro coloca o foco em &#8220;promover habita\u00e7\u00e3o a pre\u00e7os moderados para os portugueses&#8221; O primeiro-ministro anunciou esta quarta-feira&hellip;\n","protected":false},"author":2,"featured_media":86089,"comment_status":"","ping_status":"","sticky":false,"template":"","format":"standard","meta":{"footnotes":""},"categories":[8],"tags":[609,836,611,27,28,362,607,608,333,832,604,10553,135,610,476,15,16,301,830,456,14,1228,9375,603,25,26,570,1447,21,22,831,833,62,834,12,13,19,20,835,602,52,32,23,24,33,9377,17,18,29,30,31],"class_list":{"0":"post-86088","1":"post","2":"type-post","3":"status-publish","4":"format-standard","5":"has-post-thumbnail","7":"category-principais-noticias","8":"tag-alerta","9":"tag-analise","10":"tag-ao-minuto","11":"tag-breaking-news","12":"tag-breakingnews","13":"tag-casas","14":"tag-cnn","15":"tag-cnn-portugal","16":"tag-comentadores","17":"tag-costa","18":"tag-crime","19":"tag-crise-na-habitacao","20":"tag-desporto","21":"tag-direto","22":"tag-economia","23":"tag-featured-news","24":"tag-featurednews","25":"tag-governo","26":"tag-guerra","27":"tag-habitacao","28":"tag-headlines","29":"tag-imobiliario","30":"tag-inquilinos","31":"tag-justica","32":"tag-latest-news","33":"tag-latestnews","34":"tag-live","35":"tag-luis-montenegro","36":"tag-main-news","37":"tag-mainnews","38":"tag-mais-vistas","39":"tag-marcelo","40":"tag-mundo","41":"tag-negocios","42":"tag-news","43":"tag-noticias","44":"tag-noticias-principais","45":"tag-noticiasprincipais","46":"tag-opiniao","47":"tag-pais","48":"tag-politica","49":"tag-portugal","50":"tag-principais-noticias","51":"tag-principaisnoticias","52":"tag-pt","53":"tag-senhorios","54":"tag-top-stories","55":"tag-topstories","56":"tag-ultimas","57":"tag-ultimas-noticias","58":"tag-ultimasnoticias"},"share_on_mastodon":{"url":"","error":""},"_links":{"self":[{"href":"https:\/\/www.europesays.com\/pt\/wp-json\/wp\/v2\/posts\/86088","targetHints":{"allow":["GET"]}}],"collection":[{"href":"https:\/\/www.europesays.com\/pt\/wp-json\/wp\/v2\/posts"}],"about":[{"href":"https:\/\/www.europesays.com\/pt\/wp-json\/wp\/v2\/types\/post"}],"author":[{"embeddable":true,"href":"https:\/\/www.europesays.com\/pt\/wp-json\/wp\/v2\/users\/2"}],"replies":[{"embeddable":true,"href":"https:\/\/www.europesays.com\/pt\/wp-json\/wp\/v2\/comments?post=86088"}],"version-history":[{"count":0,"href":"https:\/\/www.europesays.com\/pt\/wp-json\/wp\/v2\/posts\/86088\/revisions"}],"wp:featuredmedia":[{"embeddable":true,"href":"https:\/\/www.europesays.com\/pt\/wp-json\/wp\/v2\/media\/86089"}],"wp:attachment":[{"href":"https:\/\/www.europesays.com\/pt\/wp-json\/wp\/v2\/media?parent=86088"}],"wp:term":[{"taxonomy":"category","embeddable":true,"href":"https:\/\/www.europesays.com\/pt\/wp-json\/wp\/v2\/categories?post=86088"},{"taxonomy":"post_tag","embeddable":true,"href":"https:\/\/www.europesays.com\/pt\/wp-json\/wp\/v2\/tags?post=86088"}],"curies":[{"name":"wp","href":"https:\/\/api.w.org\/{rel}","templated":true}]}}