{"id":86092,"date":"2025-09-25T13:45:09","date_gmt":"2025-09-25T13:45:09","guid":{"rendered":"https:\/\/www.europesays.com\/pt\/86092\/"},"modified":"2025-09-25T13:45:09","modified_gmt":"2025-09-25T13:45:09","slug":"album-de-mestrinho-joao-gomes-e-jota-pe-e-indicado-ao-grammy-latino","status":"publish","type":"post","link":"https:\/\/www.europesays.com\/pt\/86092\/","title":{"rendered":"\u00c1lbum de Mestrinho, Jo\u00e3o Gomes e Jota. P\u00ea \u00e9 indicado ao Grammy Latino"},"content":{"rendered":"<p>&#13;<br \/>\n\t\t\t\t\t\t\t\t\t\t\t&#13;<\/p>\n<p>\t\t\t\t\t\t\t\t\t\t<a href=\"https:\/\/www.europesays.com\/pt\/wp-content\/uploads\/2025\/09\/Mestrinho-Joao-Gomes-e-Jota-Pe-foto-CNN-Brasil-24092025.jpg\"><img loading=\"lazy\" decoding=\"async\" class=\"size-full wp-image-604693\" src=\"https:\/\/www.europesays.com\/pt\/wp-content\/uploads\/2025\/09\/Mestrinho-Joao-Gomes-e-Jota-Pe-foto-CNN-Brasil-24092025.jpg\" alt=\"\" width=\"1123\" height=\"524\"  \/><\/a>A cerim\u00f4nia do Grammy Latino est\u00e1 prevista para acontecer em novembro, nos Estados Unidos (Foto: CNN Brasil)<\/p>\n<p data-start=\"230\" data-end=\"478\">Os cantores Mestrinho, Jo\u00e3o Gomes e Jota. P\u00ea\u00a0foram indicados ao Grammy Latino na categoria \u201cMelhor \u00c1lbum de M\u00fasica de Ra\u00edzes em L\u00edngua Portuguesa\u201d com o projeto intitulado \u201cDominguinho\u201d.<\/p>\n<p data-start=\"480\" data-end=\"734\">O \u00e1lbum re\u00fane m\u00fasicas in\u00e9ditas e releituras de can\u00e7\u00f5es populares brasileiras em ritmo de forr\u00f3. Entre as faixas, est\u00e1 uma vers\u00e3o da m\u00fasica \u201cPontes Indestrut\u00edveis\u201d, da banda Charlie Brown Jr., adaptada ao estilo tradicional nordestino.<\/p>\n<p data-start=\"993\" data-end=\"1308\">Em entrevista \u00e0 CNN Brasil, o m\u00fasico sergipano Mestrinho relatou que estava em um voo no momento em que soube da indica\u00e7\u00e3o. \u201cEstava no avi\u00e3o e, quando liguei a internet por um instante, descobri sobre a indica\u00e7\u00e3o ao Grammy Latino. \u00c9 um merecimento, porque fizemos as m\u00fasicas com muito amor e carinho\u201d, afirmou.<\/p>\n<p data-start=\"1505\" data-end=\"1707\" data-is-last-node=\"\" data-is-only-node=\"\">A cerim\u00f4nia do Grammy Latino est\u00e1 prevista para acontecer em novembro, nos Estados Unidos. A premia\u00e7\u00e3o reconhece anualmente artistas da m\u00fasica latina em diversas categorias de g\u00eaneros e idiomas.<\/p>\n<p data-start=\"1505\" data-end=\"1707\" data-is-last-node=\"\" data-is-only-node=\"\">por Jo\u00e3o Paulo Schneider\u00a0<\/p>\n<p>\t\t\t\t\t\t\t\t\t&#13;<br \/>\n\t\t\t\t\t\t\t\t\t\t\t&#13;<\/p>\n","protected":false},"excerpt":{"rendered":"&#13; &#13; A cerim\u00f4nia do Grammy Latino est\u00e1 prevista para acontecer em novembro, nos Estados Unidos (Foto: CNN&hellip;\n","protected":false},"author":2,"featured_media":86093,"comment_status":"","ping_status":"","sticky":false,"template":"","format":"standard","meta":{"footnotes":""},"categories":[141],"tags":[1661,114,115,1272,21807,149,150,32,33],"class_list":{"0":"post-86092","1":"post","2":"type-post","3":"status-publish","4":"format-standard","5":"has-post-thumbnail","7":"category-musica","8":"tag-destaque","9":"tag-entertainment","10":"tag-entretenimento","11":"tag-grammy","12":"tag-mestrinho","13":"tag-music","14":"tag-musica","15":"tag-portugal","16":"tag-pt"},"share_on_mastodon":{"url":"","error":""},"_links":{"self":[{"href":"https:\/\/www.europesays.com\/pt\/wp-json\/wp\/v2\/posts\/86092","targetHints":{"allow":["GET"]}}],"collection":[{"href":"https:\/\/www.europesays.com\/pt\/wp-json\/wp\/v2\/posts"}],"about":[{"href":"https:\/\/www.europesays.com\/pt\/wp-json\/wp\/v2\/types\/post"}],"author":[{"embeddable":true,"href":"https:\/\/www.europesays.com\/pt\/wp-json\/wp\/v2\/users\/2"}],"replies":[{"embeddable":true,"href":"https:\/\/www.europesays.com\/pt\/wp-json\/wp\/v2\/comments?post=86092"}],"version-history":[{"count":0,"href":"https:\/\/www.europesays.com\/pt\/wp-json\/wp\/v2\/posts\/86092\/revisions"}],"wp:featuredmedia":[{"embeddable":true,"href":"https:\/\/www.europesays.com\/pt\/wp-json\/wp\/v2\/media\/86093"}],"wp:attachment":[{"href":"https:\/\/www.europesays.com\/pt\/wp-json\/wp\/v2\/media?parent=86092"}],"wp:term":[{"taxonomy":"category","embeddable":true,"href":"https:\/\/www.europesays.com\/pt\/wp-json\/wp\/v2\/categories?post=86092"},{"taxonomy":"post_tag","embeddable":true,"href":"https:\/\/www.europesays.com\/pt\/wp-json\/wp\/v2\/tags?post=86092"}],"curies":[{"name":"wp","href":"https:\/\/api.w.org\/{rel}","templated":true}]}}