{"id":86094,"date":"2025-09-25T13:47:14","date_gmt":"2025-09-25T13:47:14","guid":{"rendered":"https:\/\/www.europesays.com\/pt\/86094\/"},"modified":"2025-09-25T13:47:14","modified_gmt":"2025-09-25T13:47:14","slug":"liga-europa-os-onzes-provaveis-para-o-salzburgo-fc-porto","status":"publish","type":"post","link":"https:\/\/www.europesays.com\/pt\/86094\/","title":{"rendered":"Liga Europa: os onzes prov\u00e1veis para o Salzburgo-FC Porto"},"content":{"rendered":"<p>O FC Porto d\u00e1 in\u00edcio \u00e0 campanha na fase de liga da Liga Europa, esta quinta-feira, com a desloca\u00e7\u00e3o ao reduto do Salzburgo.<\/p>\n<p>Francesco Farioli deve repetir praticamente o mesmo onze que alinhou na desloca\u00e7\u00e3o ao Rio Ave, com exce\u00e7\u00e3o para a lateral direita, que dever\u00e1 ter Alberto Costa no lugar de Pablo Rosario. O defesa portugu\u00eas treinou integrado com o restante plantel na sess\u00e3o desta quarta-feira e deve juntar-se a Kiwior, Bednarek e Francisco Moura no quarteto defensivo.<\/p>\n<p>De resto, Borja Sainz e Pep\u00ea mant\u00eam-se no ataque, juntamente com Samu, apoiados pelo meio-campo composto por Alan Varela, Victor Froholdt e Gabri Veiga.<\/p>\n<p>No lado do Salzburgo, Thomas Letsch deve manter o mesmo onze que saiu derrotado na rece\u00e7\u00e3o ao Sturm Graz, por 2-0, na 7.\u00aa jornada da Liga da \u00c1ustria.<\/p>\n<p><a href=\"https:\/\/maisfutebol.iol.pt\/fotogaleria\/68d50ba1d34e58bc6796281c\/os-onzes-provaveis-para-o-salzburgo-fc-porto\" target=\"_blank\" rel=\"nofollow noopener\">CONFIRA AQUI A GALERIA ASSOCIADA AO ARTIGO.<\/a><\/p>\n","protected":false},"excerpt":{"rendered":"O FC Porto d\u00e1 in\u00edcio \u00e0 campanha na fase de liga da Liga Europa, esta quinta-feira, com a&hellip;\n","protected":false},"author":2,"featured_media":86095,"comment_status":"","ping_status":"","sticky":false,"template":"","format":"standard","meta":{"footnotes":""},"categories":[87],"tags":[580,135,282,1011,137,46,9171,7689,32,33,47,18937,134],"class_list":{"0":"post-86094","1":"post","2":"type-post","3":"status-publish","4":"format-standard","5":"has-post-thumbnail","7":"category-desporto","8":"tag-alberto-costa","9":"tag-desporto","10":"tag-fc-porto","11":"tag-francesco-farioli","12":"tag-liga-europa","13":"tag-maisfutebol","14":"tag-onzes","15":"tag-onzes-provaveis","16":"tag-portugal","17":"tag-pt","18":"tag-pura-paixao","19":"tag-salzburgo","20":"tag-sports"},"share_on_mastodon":{"url":"","error":""},"_links":{"self":[{"href":"https:\/\/www.europesays.com\/pt\/wp-json\/wp\/v2\/posts\/86094","targetHints":{"allow":["GET"]}}],"collection":[{"href":"https:\/\/www.europesays.com\/pt\/wp-json\/wp\/v2\/posts"}],"about":[{"href":"https:\/\/www.europesays.com\/pt\/wp-json\/wp\/v2\/types\/post"}],"author":[{"embeddable":true,"href":"https:\/\/www.europesays.com\/pt\/wp-json\/wp\/v2\/users\/2"}],"replies":[{"embeddable":true,"href":"https:\/\/www.europesays.com\/pt\/wp-json\/wp\/v2\/comments?post=86094"}],"version-history":[{"count":0,"href":"https:\/\/www.europesays.com\/pt\/wp-json\/wp\/v2\/posts\/86094\/revisions"}],"wp:featuredmedia":[{"embeddable":true,"href":"https:\/\/www.europesays.com\/pt\/wp-json\/wp\/v2\/media\/86095"}],"wp:attachment":[{"href":"https:\/\/www.europesays.com\/pt\/wp-json\/wp\/v2\/media?parent=86094"}],"wp:term":[{"taxonomy":"category","embeddable":true,"href":"https:\/\/www.europesays.com\/pt\/wp-json\/wp\/v2\/categories?post=86094"},{"taxonomy":"post_tag","embeddable":true,"href":"https:\/\/www.europesays.com\/pt\/wp-json\/wp\/v2\/tags?post=86094"}],"curies":[{"name":"wp","href":"https:\/\/api.w.org\/{rel}","templated":true}]}}