{"id":86230,"date":"2025-09-25T15:42:06","date_gmt":"2025-09-25T15:42:06","guid":{"rendered":"https:\/\/www.europesays.com\/pt\/86230\/"},"modified":"2025-09-25T15:42:06","modified_gmt":"2025-09-25T15:42:06","slug":"vem-ai-em-a-fazenda-mafalda-fica-do-lado-errado-e-pode-correr-perigo-novelas","status":"publish","type":"post","link":"https:\/\/www.europesays.com\/pt\/86230\/","title":{"rendered":"Vem a\u00ed em \u00abA Fazenda\u00bb: Mafalda fica do lado errado e pode correr perigo &#8211; Novelas"},"content":{"rendered":"<p>Em \u00abA Fazenda\u00bb, <a href=\"https:\/\/tvi.iol.pt\/novelas\/videos\/o-reenconto-emocionante-de-mafalda-e-eduardo\/677e95eb0cf23ab655363994\" rel=\"nofollow noopener\" target=\"_blank\">Mafalda (In\u00eas Aguiar)<\/a>\u00a0defende <a href=\"https:\/\/tvi.iol.pt\/novelas\/videos\/gustavo-anuncia-decisao-drastica-de-mafalda-nao-quer-trabalhar-mais-aqui\/677fd0870cf23ab655363afc\" rel=\"nofollow noopener\" target=\"_blank\">Gustavo (Nuno Pardal)<\/a>\u00a0a Barroso, dizendo achar que <a href=\"https:\/\/tvi.iol.pt\/novelas\/videos\/eduardo-ouve-conversa-comprometedora-entre-alba-e-miro\/6777f46d0cf28c51602e4f3d\" rel=\"nofollow noopener\" target=\"_blank\">Eduardo (Diogo Amaral)<\/a>\u00a0est\u00e1 a conspirar com quem a tentou matar para meter as culpas em Gustavo, dizendo que Eduardo a amea\u00e7ou de vingan\u00e7a se ela o deixasse. Eduardo ouve tudo \u00e0 porta com ar muito desiludido.<\/p>\n<p>Mafalda e Gustavo desfazem as malas, muito frustrados por Barroso ter impedido Gustavo de sair do pa\u00eds. Mafalda abra\u00e7a Gustavo a pedir-lhe desculpa pelo que Eduardo tem feito contra ele, achando que ele n\u00e3o os suporta ver juntos, referindo que a verdade h\u00e1 de vir \u00e0 tona e ele vai ser inocentado de tudo. Gustavo assente tenso.\u00a0<\/p>\n<p>Recorde a verdade como tudo aconteceu:<\/p>\n","protected":false},"excerpt":{"rendered":"Em \u00abA Fazenda\u00bb, Mafalda (In\u00eas Aguiar)\u00a0defende Gustavo (Nuno Pardal)\u00a0a Barroso, dizendo achar que Eduardo (Diogo Amaral)\u00a0est\u00e1 a conspirar&hellip;\n","protected":false},"author":2,"featured_media":86231,"comment_status":"","ping_status":"","sticky":false,"template":"","format":"standard","meta":{"footnotes":"","_share_on_mastodon":"0"},"categories":[142],"tags":[657,160,166,114,115,157,167,3934,720,164,724,161,3933,158,165,159,32,33,156,163,151,162],"class_list":["post-86230","post","type-post","status-publish","format-standard","has-post-thumbnail","category-tv","tag-a-fazenda","tag-ana-guiomar","tag-cristina-ferreira","tag-entertainment","tag-entretenimento","tag-festa-e-festa","tag-ficcao","tag-gustavo","tag-ines-aguiar","tag-jose-fidalgo","tag-mafalda","tag-novelas","tag-nuno-pardal","tag-para-sempre","tag-pedro-sousa","tag-pedro-teixeira","tag-portugal","tag-pt","tag-queridos-papas","tag-tiago-teotonio-pereira","tag-tv","tag-tvi"],"share_on_mastodon":{"url":"","error":""},"_links":{"self":[{"href":"https:\/\/www.europesays.com\/pt\/wp-json\/wp\/v2\/posts\/86230","targetHints":{"allow":["GET"]}}],"collection":[{"href":"https:\/\/www.europesays.com\/pt\/wp-json\/wp\/v2\/posts"}],"about":[{"href":"https:\/\/www.europesays.com\/pt\/wp-json\/wp\/v2\/types\/post"}],"author":[{"embeddable":true,"href":"https:\/\/www.europesays.com\/pt\/wp-json\/wp\/v2\/users\/2"}],"replies":[{"embeddable":true,"href":"https:\/\/www.europesays.com\/pt\/wp-json\/wp\/v2\/comments?post=86230"}],"version-history":[{"count":0,"href":"https:\/\/www.europesays.com\/pt\/wp-json\/wp\/v2\/posts\/86230\/revisions"}],"wp:featuredmedia":[{"embeddable":true,"href":"https:\/\/www.europesays.com\/pt\/wp-json\/wp\/v2\/media\/86231"}],"wp:attachment":[{"href":"https:\/\/www.europesays.com\/pt\/wp-json\/wp\/v2\/media?parent=86230"}],"wp:term":[{"taxonomy":"category","embeddable":true,"href":"https:\/\/www.europesays.com\/pt\/wp-json\/wp\/v2\/categories?post=86230"},{"taxonomy":"post_tag","embeddable":true,"href":"https:\/\/www.europesays.com\/pt\/wp-json\/wp\/v2\/tags?post=86230"}],"curies":[{"name":"wp","href":"https:\/\/api.w.org\/{rel}","templated":true}]}}