{"id":86395,"date":"2025-09-25T18:09:13","date_gmt":"2025-09-25T18:09:13","guid":{"rendered":"https:\/\/www.europesays.com\/pt\/86395\/"},"modified":"2025-09-25T18:09:13","modified_gmt":"2025-09-25T18:09:13","slug":"estou-a-fazer-figura-de-otario-por-causa-da-vera-e-quer-se-afastar","status":"publish","type":"post","link":"https:\/\/www.europesays.com\/pt\/86395\/","title":{"rendered":"\u201cEstou a fazer figura de ot\u00e1rio por causa da Vera\u201d e quer-se afastar"},"content":{"rendered":"<p>Dylan j\u00e1 n\u00e3o esconde: quer mesmo afastar-se de Vera. Na manh\u00e3 desta quinta-feira, 25 de setembro, o concorrente da <a href=\"https:\/\/dioguinho.com\/category\/casa-dos-segredos\/\" rel=\"nofollow noopener\" target=\"_blank\">Casa dos Segredos<\/a> desabafou com as colegas e deixou claro que est\u00e1 farto da situa\u00e7\u00e3o.<\/p>\n<p>Em conversa com L\u00eddia, confessou que sente estar a fazer \u201cfigura de ot\u00e1rio\u201d por causa de Vera e que ela est\u00e1 mais distante, <strong>\u201cj\u00e1 ontem estive a falar com o Raquel sobre isso \u00e0 noite. Da minha liga\u00e7\u00e3o aqui dentro. Que j\u00e1 estava a perceber que n\u00e3o era uma cena natural para mim. E que tamb\u00e9m que me ia afastar. E aos poucos ia fazer o teste de me afastar para ver como \u00e9 que as coisas rolavam. N\u00e3o me quero destruir ao tempo todo. Outra vez emocionalmente, como j\u00e1 tive.\u201d<\/strong><\/p>\n<p>E ainda confessa, <strong>\u201cNem eu estou bem psicologicamente para uma cena dessas, ent\u00e3o\u2026 Acho que est\u00e1 a ser r\u00e1pida demais e quero\u2026<\/strong>\u201d<\/p>\n<p>O jovem de Viana do Castelo, ainda diz, <strong>\u201cImagina, tipo, a Vera\u00a0 fez uma cena comigo. E agora, tipo, cada vez sinto-me a mais distante. Est\u00e1s a ver? Eu se for agora, do nada, tipo, tentar dar-lhe um beijo, ela j\u00e1 n\u00e3o me d\u00e1 um beijo. E ent\u00e3o eu tamb\u00e9m j\u00e1 comecei a perceber a minha maneira de estar. E vou manter o meu jogo completamente sozinho. Tipo, eu n\u00e3o estava a us\u00e1-la como jogo, porque para mim n\u00e3o me interessa\u2026 Para mim n\u00e3o tenho nada a ganhar ou a perder em estar com ela. Porque eu sei o meu valor aqui dentro, sozinho. Portanto, est\u00e1 tudo bem.\u201d<\/strong><\/p>\n<p><strong>J\u00e1 Bruna, chama a aten\u00e7\u00e3o que existe uma conex\u00e3o entre a Vera e o F\u00e1bio que n\u00e3o \u00e9 algo da casa, \u00e9 algo do exterior,<\/strong> \u201cA mim n\u00e3o me cabe, n\u00e3o me entra. \u00c9 uma conex\u00e3o, s\u00f3 de olhar. Eles olham. Pode n\u00e3o ser atual, n\u00e3o fa\u00e7o ideia do que \u00e9, mas para mim n\u00e3o \u00e9 daqui. N\u00e3o \u00e9 uma coisa que tenha sido aqui. Para mim. At\u00e9 m\u00fasicas. Eu vi um dia qualquer uma m\u00fasica que s\u00f3 eles, os dois recebiam a m\u00fasica, estavam a olhar um para o outro, tipo\u2026\u201d<\/p>\n<blockquote class=\"wp-embedded-content\" data-secret=\"zX2y76mdh5\">\n<p><a href=\"https:\/\/dioguinho.com\/dylan-fonte-da-casa-dos-segredos-9-ve-como-o-antigo-visual-do-pinga-amor\/\" rel=\"nofollow noopener\" target=\"_blank\">Dylan Fonte da Casa dos Segredos 9: v\u00ea como o antigo visual do \u2018pinga amor\u2019<\/a><\/p>\n<\/blockquote>\n","protected":false},"excerpt":{"rendered":"Dylan j\u00e1 n\u00e3o esconde: quer mesmo afastar-se de Vera. Na manh\u00e3 desta quinta-feira, 25 de setembro, o concorrente&hellip;\n","protected":false},"author":2,"featured_media":86396,"comment_status":"","ping_status":"","sticky":false,"template":"","format":"standard","meta":{"footnotes":""},"categories":[142],"tags":[2632,13471,20079,19105,21040,114,115,32,33,6985,16686,20081,20082,151,162],"class_list":{"0":"post-86395","1":"post","2":"type-post","3":"status-publish","4":"format-standard","5":"has-post-thumbnail","7":"category-tv","8":"tag-casa-dos-segredos","9":"tag-casa-dos-segredos-9","10":"tag-concorrentes-casa-dos-segredos","11":"tag-dylan","12":"tag-dylan-fonte","13":"tag-entertainment","14":"tag-entretenimento","15":"tag-portugal","16":"tag-pt","17":"tag-secret-story-casa-dos-segredos","18":"tag-secret-story-9","19":"tag-sondagem-casa-dos-segredos","20":"tag-sondagens-casa-dos-segredos","21":"tag-tv","22":"tag-tvi"},"share_on_mastodon":{"url":"","error":""},"_links":{"self":[{"href":"https:\/\/www.europesays.com\/pt\/wp-json\/wp\/v2\/posts\/86395","targetHints":{"allow":["GET"]}}],"collection":[{"href":"https:\/\/www.europesays.com\/pt\/wp-json\/wp\/v2\/posts"}],"about":[{"href":"https:\/\/www.europesays.com\/pt\/wp-json\/wp\/v2\/types\/post"}],"author":[{"embeddable":true,"href":"https:\/\/www.europesays.com\/pt\/wp-json\/wp\/v2\/users\/2"}],"replies":[{"embeddable":true,"href":"https:\/\/www.europesays.com\/pt\/wp-json\/wp\/v2\/comments?post=86395"}],"version-history":[{"count":0,"href":"https:\/\/www.europesays.com\/pt\/wp-json\/wp\/v2\/posts\/86395\/revisions"}],"wp:featuredmedia":[{"embeddable":true,"href":"https:\/\/www.europesays.com\/pt\/wp-json\/wp\/v2\/media\/86396"}],"wp:attachment":[{"href":"https:\/\/www.europesays.com\/pt\/wp-json\/wp\/v2\/media?parent=86395"}],"wp:term":[{"taxonomy":"category","embeddable":true,"href":"https:\/\/www.europesays.com\/pt\/wp-json\/wp\/v2\/categories?post=86395"},{"taxonomy":"post_tag","embeddable":true,"href":"https:\/\/www.europesays.com\/pt\/wp-json\/wp\/v2\/tags?post=86395"}],"curies":[{"name":"wp","href":"https:\/\/api.w.org\/{rel}","templated":true}]}}