{"id":86401,"date":"2025-09-25T18:12:21","date_gmt":"2025-09-25T18:12:21","guid":{"rendered":"https:\/\/www.europesays.com\/pt\/86401\/"},"modified":"2025-09-25T18:12:21","modified_gmt":"2025-09-25T18:12:21","slug":"penafiel-ja-definiu-principal-candidato-ao-lugar-de-pedro-russiano","status":"publish","type":"post","link":"https:\/\/www.europesays.com\/pt\/86401\/","title":{"rendered":"Penafiel j\u00e1 definiu principal candidato ao lugar de Pedro Russiano"},"content":{"rendered":"<p><strong>O Penafiel vai avan\u00e7ar para a contrata\u00e7\u00e3o de Jos\u00e9 Manuel Aira. Antigo treinador da equipa B do Alav\u00e9s \u00e9 a escolha da dire\u00e7\u00e3o da Segunda Liga.<\/strong><\/p>\n<p>A <a href=\"https:\/\/bolanarede.pt\/especial-bola-na-rede\/atualidade\/pedro-russiano-esta-de-saida-do-penafiel-apos-reuniao-esta-terca-feira\/\" target=\"_blank\" rel=\"noreferrer noopener nofollow\">sa\u00edda de Pedro Russiano do Penafiel<\/a> \u00e9 certa neste momento, preparando-se o conjunto da Segunda Liga para rescindir unilateralmente com o t\u00e9cnico. De acordo com o jornal O Jogo, Jos\u00e9 Manuel Aira \u00e9 a escolha do clube.<\/p>\n<p>Com passagem como jogador pelo Deportivo da Corunha, o antigo defesa conquistou uma Superta\u00e7a. A liga\u00e7\u00e3o entre o Penafiel e o emblema galego ficar\u00e1 refor\u00e7ada pelo treinador.<\/p>\n<p>O \u00faltimo trabalho de Jos\u00e9 Manuel Aira como treinador data da \u00faltima temporada quando, ao final de cerca de um ano e meio, deixou o comando t\u00e9cnico da equipa B do Alav\u00e9s. <\/p>\n<blockquote class=\"twitter-tweet\" data-width=\"550\" data-dnt=\"true\">\n<p lang=\"es\" dir=\"ltr\">Jos\u00e9 Manuel Aira no continuar\u00e1 al frente del Deportivo Alav\u00e9s B.<\/p>\n<p>\u2139\ufe0f <a href=\"https:\/\/t.co\/kFwkq93AgU\" rel=\"nofollow\">https:\/\/t.co\/kFwkq93AgU<\/a><\/p>\n<p>Mila esker, m\u00edster!<a href=\"https:\/\/twitter.com\/hashtag\/GoazenGlorioso?src=hash&amp;ref_src=twsrc%5Etfw\" rel=\"nofollow noopener\" target=\"_blank\">#GoazenGlorioso<\/a> \u26aa\ufe0f\ud83d\udd35 <a href=\"https:\/\/t.co\/zYqVCGp9wp\" rel=\"nofollow\">pic.twitter.com\/zYqVCGp9wp<\/a><\/p>\n<p>&mdash; Deportivo Alav\u00e9s (@Alaves) <a href=\"https:\/\/twitter.com\/Alaves\/status\/1855627403084611616?ref_src=twsrc%5Etfw\" rel=\"nofollow noopener\" target=\"_blank\">November 10, 2024<\/a><\/p><\/blockquote>\n<p><script async src=\"https:\/\/platform.twitter.com\/widgets.js\" charset=\"utf-8\"><\/script>\n<\/p>\n<p><script async src=\"https:\/\/platform.twitter.com\/widgets.js\" charset=\"utf-8\"><\/script><\/p>\n","protected":false},"excerpt":{"rendered":"O Penafiel vai avan\u00e7ar para a contrata\u00e7\u00e3o de Jos\u00e9 Manuel Aira. Antigo treinador da equipa B do Alav\u00e9s&hellip;\n","protected":false},"author":2,"featured_media":86402,"comment_status":"","ping_status":"","sticky":false,"template":"","format":"standard","meta":{"footnotes":""},"categories":[87],"tags":[260,135,21851,21852,56,32,33,13574,134],"class_list":{"0":"post-86401","1":"post","2":"type-post","3":"status-publish","4":"format-standard","5":"has-post-thumbnail","7":"category-desporto","8":"tag-atualidade","9":"tag-desporto","10":"tag-jose-manuel-aira","11":"tag-pedro-russiano","12":"tag-penafiel","13":"tag-portugal","14":"tag-pt","15":"tag-segunda-liga","16":"tag-sports"},"share_on_mastodon":{"url":"","error":""},"_links":{"self":[{"href":"https:\/\/www.europesays.com\/pt\/wp-json\/wp\/v2\/posts\/86401","targetHints":{"allow":["GET"]}}],"collection":[{"href":"https:\/\/www.europesays.com\/pt\/wp-json\/wp\/v2\/posts"}],"about":[{"href":"https:\/\/www.europesays.com\/pt\/wp-json\/wp\/v2\/types\/post"}],"author":[{"embeddable":true,"href":"https:\/\/www.europesays.com\/pt\/wp-json\/wp\/v2\/users\/2"}],"replies":[{"embeddable":true,"href":"https:\/\/www.europesays.com\/pt\/wp-json\/wp\/v2\/comments?post=86401"}],"version-history":[{"count":0,"href":"https:\/\/www.europesays.com\/pt\/wp-json\/wp\/v2\/posts\/86401\/revisions"}],"wp:featuredmedia":[{"embeddable":true,"href":"https:\/\/www.europesays.com\/pt\/wp-json\/wp\/v2\/media\/86402"}],"wp:attachment":[{"href":"https:\/\/www.europesays.com\/pt\/wp-json\/wp\/v2\/media?parent=86401"}],"wp:term":[{"taxonomy":"category","embeddable":true,"href":"https:\/\/www.europesays.com\/pt\/wp-json\/wp\/v2\/categories?post=86401"},{"taxonomy":"post_tag","embeddable":true,"href":"https:\/\/www.europesays.com\/pt\/wp-json\/wp\/v2\/tags?post=86401"}],"curies":[{"name":"wp","href":"https:\/\/api.w.org\/{rel}","templated":true}]}}