{"id":86426,"date":"2025-09-25T18:31:09","date_gmt":"2025-09-25T18:31:09","guid":{"rendered":"https:\/\/www.europesays.com\/pt\/86426\/"},"modified":"2025-09-25T18:31:09","modified_gmt":"2025-09-25T18:31:09","slug":"cernforgaza-peticao-de-cientistas-que-exige-revisao-da-cooperacao-com-israel-nao-sera-discutida-no-conselho","status":"publish","type":"post","link":"https:\/\/www.europesays.com\/pt\/86426\/","title":{"rendered":"&#8220;CERNforGaza&#8221;. Peti\u00e7\u00e3o de cientistas que exige revis\u00e3o da coopera\u00e7\u00e3o com Israel n\u00e3o ser\u00e1 discutida no Conselho"},"content":{"rendered":"<p>A  Organiza\u00e7\u00e3o Europeia para a Investiga\u00e7\u00e3o Nuclear, com sede em Genebra, est\u00e1 sob press\u00e3o ap\u00f3s uma <a href=\"https:\/\/cryptpad.fr\/form\/#\/3\/form\/view\/60d528e264b8e2fcceb3fa42bc209465\/\" target=\"_blank\" rel=\"nofollow noopener\">peti\u00e7\u00e3o<\/a>\u00a0assinada por milhares dos seus cientistas, entre os quais pelo menos 30 portugueses,\u00a0<b>exigir ao CERN que reveja o cumprimento por parte de Israel do seu C\u00f3digo de Conduta e do Direito Internacional<\/b>, num momento em que a ONU acusa Israel de genoc\u00eddio em Gaza. O assunto falha a discuss\u00e3o formal na reuni\u00e3o do &#13;<br \/>\nConselho do CERN, que se encontra a decorrer esta quinta-feira, por n\u00e3o &#13;<br \/>\ncumprir nenhuma das condi\u00e7\u00f5es de inscri\u00e7\u00e3o. <\/p>\n<p>A peti\u00e7\u00e3o, acompanhada de um parecer jur\u00eddico especializado sobre o CERN, foi enviada pelos seus signat\u00e1rios a 13 de agosto e mereceu a aten\u00e7\u00e3o da diretora-geral do CERN, Fabiola Gianotti, e do presidente do Conselho do CERN, Kostas Fountas, que convocaram uma reuni\u00e3o para a sua discuss\u00e3o para o in\u00edcio do m\u00eas.\u00a0<\/p>\n<p>&#13;<br \/>\nO CERN evoca neutralidade pol\u00edtica&#13;\n<\/p>\n<p>&#13;<br \/>\nNa reuni\u00e3o com os representantes da peti\u00e7\u00e3o a 10 de setembro,\u00a0 Fabiola Gianotti, diretora-Geral do CERN reafirmou que<b> a organiza\u00e7\u00e3o &#8220;n\u00e3o \u00e9 uma institui\u00e7\u00e3o pol\u00edtica&#8221; e que,\u00a0em 70 anos de hist\u00f3ria, apenas em duas ocasi\u00f5es foram tomadas decis\u00f5es com dimens\u00e3o pol\u00edtica<\/b>, relativas \u00e0 S\u00e9rvia e \u00e0 R\u00fassia, e sempre com consenso pr\u00e9vio entre os Estados-membros na ONU, como sublinhou o presidente do Conselho. O CERN s\u00f3 tomou decis\u00f5es de dimens\u00e3o pol\u00edtica em duas ocasi\u00f5es \u2014 S\u00e9rvia e R\u00fassia \u2014 e apenas porque todos os Estados-membros apoiavam essas san\u00e7\u00f5es na ONU.<br \/>&#13;\n<\/p>\n<p>&#13;<br \/>\nSegundo a diretora-Geral do CERN, <b>a vis\u00e3o de &#8220;Ci\u00eancia para a Paz&#8221; da organiza\u00e7\u00e3o significa tanto a colabora\u00e7\u00e3o internacional em harmonia<\/b>, como o apoio a comunidades afetadas por conflitos, como alegadamente j\u00e1 foi feito pela Administra\u00e7\u00e3o pela Ucr\u00e2nia e agora est\u00e1 a come\u00e7ar a ser feito pela Palestina.&#13;\n<\/p>\n<p>&#13;<br \/>\nPara responder \u00e0s preocupa\u00e7\u00f5es dos signat\u00e1rios da peti\u00e7\u00e3o, <b>a administra\u00e7\u00e3o sugeriu a possibilidade de cria\u00e7\u00e3o de cinco a dez bolsas de estudo para estudantes e jovens investigadores palestinianos<\/b>, bem como a possibilidade de programas de forma\u00e7\u00e3o \u00e0 dist\u00e2ncia e fornecimento de material inform\u00e1tico.&#13;\n<\/p>\n<p>&#13;<br \/>\n&#8220;Ci\u00eancia n\u00e3o pode ser usada para fins militares&#8221;&#13;\n<\/p>\n<p>&#13;<br \/>\nCom base numa das preocupa\u00e7\u00f5es dos signat\u00e1rios sobre o uso da ci\u00eancia para fins militares, a diretora-geral do CERN mostrou abertura para esclarecer, no C\u00f3digo de Conduta do CERN, que &#8220;os resultados da investiga\u00e7\u00e3o baseada no CERN n\u00e3o devem ser utilizados em nenhuma aplica\u00e7\u00e3o militar&#8221;,\u00a0<b>mas admitiu ser imposs\u00edvel monitorizar o cumprimento deste requisito.\u00a0<\/b>&#13;\n<\/p>\n<p>&#13;<br \/>\nUma vez que &#8220;todos concordaram que o CERN n\u00e3o pode e n\u00e3o deve investigar as atividades de investiga\u00e7\u00e3o dos utilizadores em projetos que n\u00e3o estejam relacionados com o CERN&#8221;.\u00a0&#8220;A DG afirmou que as tecnologias resultantes de &#13;<br \/>\ncolabora\u00e7\u00f5es com o CERN t\u00eam pouca ou nenhuma aplicabilidade direta no &#13;<br \/>\ncontexto da guerra&#8221;, segundo os respons\u00e1veis da peti\u00e7\u00e3o.\u00a0&#13;\n<\/p>\n<p>&#13;<br \/>\nDurante a reuni\u00e3o<b>, os cientistas alertaram para &#8220;colabora\u00e7\u00f5es problem\u00e1ticas de transfer\u00eancia de conhecimento&#8221;<\/b>, nomeadamente em projetos de intelig\u00eancia artificial com a Autoridade de Inova\u00e7\u00e3o Israelita, que considera o ex\u00e9rcito israelita &#8220;um catalisador crucial&#8221; do exossistema tecnol\u00f3gico de Israel, mas em parcerias com a empresa Zenseac, subsidi\u00e1ria da Volvo, que fornece equipamentos utilizados em demoli\u00e7\u00f5es em territ\u00f3rio palestiniano.\u00a0&#13;\n<\/p>\n<p>&#13;<br \/>\nPor sua vez, o presidente do Conselho\u00a0Kostas Fountas afirmou que <b>&#8220;todos os projetos de transfer\u00eancia de conhecimento realizados no CERN s\u00e3o de natureza pac\u00edfica e, por serem de c\u00f3digo aberto, podem ser utilizados por todos&#8221;<\/b>. O que levou os respons\u00e1veis da peti\u00e7\u00e3o a reiterar que o CERN deve garantir que as licen\u00e7as de c\u00f3digo aberto &#8220;pro\u00edbe claramente aplica\u00e7\u00f5es militares&#8221;.\u00a0&#13;\n<\/p>\n<p>&#13;<br \/>\nCoopera\u00e7\u00e3o com Israel fora da agenda do Conselho\u00a0&#13;\n<\/p>\n<p>&#13;<br \/>\nApesar do assunto falhar a discuss\u00e3o formal na reuni\u00e3o do Conselho do CERN, que se encontra a decorrer esta quinta-feira, 25 de setembro,\u00a0<b>por n\u00e3o cumprir nenhuma das condi\u00e7\u00f5es de inscri\u00e7\u00e3o, os cientistas apelam a que os Estados-membros levantam a quest\u00e3o durante a sess\u00e3o ou re\u00fanam apoio &#13;<br \/>\nsuficiente para convocar uma sess\u00e3o extraordin\u00e1ria <\/b>para que possa ser &#13;<br \/>\ndebatido.&#13;<br \/>\n\u00a0&#13;\n<\/p>\n<p>&#13;<br \/>\nDurante a reuni\u00e3o, o presidente do Conselho explicou que\u00a0para colocar um tema na agenda &#8220;\u00e9 necess\u00e1rio que um Estado-membro &#13;<br \/>\nproponha e outro apoie a proposta&#8221;, ou ent\u00e3o que &#8220;cinco Estados-membros &#13;<br \/>\nsolicitem uma sess\u00e3o extraordin\u00e1ria&#8221;. At\u00e9 ao momento, nenhuma das condi\u00e7\u00f5es tinha sido cumprida.&#13;\n<\/p>\n<p>&#13;<br \/>\nPoss\u00edvel viola\u00e7\u00e3o da Conven\u00e7\u00e3o sobre o Genoc\u00eddio?\u00a0&#13;\n<\/p>\n<p>Os cientistas lembram que a reuni\u00e3o com a administra\u00e7\u00e3o do CERN ocorreu num &#8220;momento cr\u00edtico&#8221;, dias antes da publica\u00e7\u00e3o de um <a href=\"https:\/\/www.ohchr.org\/en\/hr-bodies\/hrc\/co-israel\/index\" target=\"_blank\" rel=\"nofollow noopener\">relat\u00f3rio<\/a>\u00a0da<br \/>\nComiss\u00e3o de Inqu\u00e9rito da ONU, que responsabiliza Israel por &#8220;atos de<br \/>\ngenoc\u00eddio&#8221; em Gaza.\u00a0<\/p>\n<p>&#13;<br \/>\nSegundo os signat\u00e1rios da peti\u00e7\u00e3o, com base no &#13;<br \/>\nparecer jur\u00eddico que segundo eles a pr\u00f3pria diretora-geral considerou incompleto e n\u00e3o totalmente aplic\u00e1vel \u00e0 organiza\u00e7\u00e3o,\u00a0<b>se o CERN n\u00e3o tomar medidas para rever as suas &#13;<br \/>\ncolabora\u00e7\u00f5es com institui\u00e7\u00f5es israelitas, pode ser considerado em &#13;<br \/>\nviola\u00e7\u00e3o da Conven\u00e7\u00e3o sobre Genoc\u00eddio.\u00a0<\/b>&#13;\n<\/p>\n<p>&#13;<br \/>\nAl\u00e9m disso, sublinham que outras institui\u00e7\u00f5es internacionais, desde a Comiss\u00e3o Europeia at\u00e9 \u00e0s entidades reguladores desportivas, j\u00e1 come\u00e7aram\u00a0a fazer essa revis\u00e3o<b>:\u00a0&#8220;Dado o genoc\u00eddio em curso, a lista de entidades que est\u00e3o a rever as suas rela\u00e7\u00f5es com Israel aumenta a cada dia&#8221;<\/b>, afirmam, no email a que a RTP acesso.\u00a0&#13;<\/p>\n","protected":false},"excerpt":{"rendered":"A Organiza\u00e7\u00e3o Europeia para a Investiga\u00e7\u00e3o Nuclear, com sede em Genebra, est\u00e1 sob press\u00e3o ap\u00f3s uma peti\u00e7\u00e3o\u00a0assinada por&hellip;\n","protected":false},"author":2,"featured_media":86427,"comment_status":"","ping_status":"","sticky":false,"template":"","format":"standard","meta":{"footnotes":""},"categories":[50],"tags":[27,28,130,21853,4769,15,16,532,6645,14,259,25,26,21,22,432,62,12,13,19,20,23,24,5697,17,18,29,30,31,63,64,65],"class_list":{"0":"post-86426","1":"post","2":"type-post","3":"status-publish","4":"format-standard","5":"has-post-thumbnail","7":"category-mundo","8":"tag-breaking-news","9":"tag-breakingnews","10":"tag-cern","11":"tag-cernforgaza","12":"tag-cientistas","13":"tag-featured-news","14":"tag-featurednews","15":"tag-gaza","16":"tag-genebra","17":"tag-headlines","18":"tag-israel","19":"tag-latest-news","20":"tag-latestnews","21":"tag-main-news","22":"tag-mainnews","23":"tag-medio-oriente","24":"tag-mundo","25":"tag-news","26":"tag-noticias","27":"tag-noticias-principais","28":"tag-noticiasprincipais","29":"tag-principais-noticias","30":"tag-principaisnoticias","31":"tag-suica","32":"tag-top-stories","33":"tag-topstories","34":"tag-ultimas","35":"tag-ultimas-noticias","36":"tag-ultimasnoticias","37":"tag-world","38":"tag-world-news","39":"tag-worldnews"},"share_on_mastodon":{"url":"","error":""},"_links":{"self":[{"href":"https:\/\/www.europesays.com\/pt\/wp-json\/wp\/v2\/posts\/86426","targetHints":{"allow":["GET"]}}],"collection":[{"href":"https:\/\/www.europesays.com\/pt\/wp-json\/wp\/v2\/posts"}],"about":[{"href":"https:\/\/www.europesays.com\/pt\/wp-json\/wp\/v2\/types\/post"}],"author":[{"embeddable":true,"href":"https:\/\/www.europesays.com\/pt\/wp-json\/wp\/v2\/users\/2"}],"replies":[{"embeddable":true,"href":"https:\/\/www.europesays.com\/pt\/wp-json\/wp\/v2\/comments?post=86426"}],"version-history":[{"count":0,"href":"https:\/\/www.europesays.com\/pt\/wp-json\/wp\/v2\/posts\/86426\/revisions"}],"wp:featuredmedia":[{"embeddable":true,"href":"https:\/\/www.europesays.com\/pt\/wp-json\/wp\/v2\/media\/86427"}],"wp:attachment":[{"href":"https:\/\/www.europesays.com\/pt\/wp-json\/wp\/v2\/media?parent=86426"}],"wp:term":[{"taxonomy":"category","embeddable":true,"href":"https:\/\/www.europesays.com\/pt\/wp-json\/wp\/v2\/categories?post=86426"},{"taxonomy":"post_tag","embeddable":true,"href":"https:\/\/www.europesays.com\/pt\/wp-json\/wp\/v2\/tags?post=86426"}],"curies":[{"name":"wp","href":"https:\/\/api.w.org\/{rel}","templated":true}]}}