{"id":86438,"date":"2025-09-25T18:38:10","date_gmt":"2025-09-25T18:38:10","guid":{"rendered":"https:\/\/www.europesays.com\/pt\/86438\/"},"modified":"2025-09-25T18:38:10","modified_gmt":"2025-09-25T18:38:10","slug":"nao-gosto-que-outros-artistas-cantem-minhas-musicas-diz-mariah-carey","status":"publish","type":"post","link":"https:\/\/www.europesays.com\/pt\/86438\/","title":{"rendered":"&#8220;N\u00e3o gosto que [outros artistas] cantem minhas m\u00fasicas&#8221;, diz Mariah Carey"},"content":{"rendered":"<p>Se tem algu\u00e9m que leva a s\u00e9rio o conceito de diva, este algu\u00e9m \u00e9 <strong>Mariah Carey<\/strong>. Em uma nova entrevista para <a href=\"https:\/\/portalpopline.com.br\/divulgacao-agenda-mariah-carey-here-for-it-all\/\" rel=\"nofollow noopener\" target=\"_blank\">promover o \u00e1lbum \u201cHere For It All\u201d, <\/a>ela comentou a repercuss\u00e3o negativa do v\u00eddeo em que ela assiste \u00e0 performance de <strong>Muni Long<\/strong> cantando \u201cWe Belong Together\u201d no iHeartRadio Music Awards.<\/p>\n<p>\u201cBem, eu fico muito honrada e lisonjeada que ela tenha feito isso. Eu amo Muni Long. Ela \u00e9 uma \u00f3tima pessoa. Hum\u2026 mas eu n\u00e3o gosto que as pessoas cantem minhas m\u00fasicas (risos)\u201d, a cantora admitiu \u00e0 revista<a href=\"https:\/\/www.gq.com\/story\/mariah-carey-has-seen-it-all-it-was-such-a-drama\" target=\"_blank\" rel=\"noopener nofollow\"> GQ<\/a>.<\/p>\n<p><strong>Veja a performance de Muni Long:<\/strong><\/p>\n<p><strong>Leia mais:<\/strong><\/p>\n<p>Segundo <strong>Mariah,<\/strong> ela nem percebeu que <strong>Muni<\/strong> estava cantando \u201cWe Belong Together\u201d, porque ela se apropriou tanto da m\u00fasica, que nem parecia a mesma. \u201cEu nem ouvi o cover. N\u00e3o sabia que tinha acontecido. Ningu\u00e9m me contou\u201d, disse a diva pop, \u201ceu amo Muni Long! Eu apenas n\u00e3o sabia que ela tinha feito \u2018We Belong Together\u2019, porque sua m\u00fasica \u00e9 muito parecida a \u2018We Belong Together\u2019. Eu n\u00e3o tinha ideia que ela tinha feito \u2018We Belong Together&#8217;\u201d. Ent\u00e3o t\u00e1, n\u00e9?<\/p>\n<p>O \u00e1lbum novo da Mariah Carey<br \/>\n<img loading=\"lazy\" decoding=\"async\" aria-describedby=\"caption-attachment-998145\" class=\"size-full wp-image-998145\" src=\"data:image\/svg+xml,%3Csvg%20xmlns=\" http:=\"\" alt=\"&quot;N\u00e3o gosto que [outros artistas] cantem minhas m\u00fasicas&quot;, diz Mariah Carey\" width=\"1200\" height=\"773\" data-lazy- data-lazy- data-lazy-src=\"https:\/\/www.europesays.com\/pt\/wp-content\/uploads\/2025\/09\/1758825490_409_mariah-carey-agenda.jpg\"\/><\/p>\n<p id=\"caption-attachment-998145\" class=\"wp-caption-text\">(Foto: Divulga\u00e7\u00e3o)<\/p>\n<p>Na entrevista,<strong> Mariah<\/strong> tamb\u00e9m falou sobre o \u00e1lbum novo, que sai na sexta (26\/9). \u201cEu o intitulei \u2018Here For It All\u2019 porque essa \u00e9 minha m\u00fasica favorita no \u00e1lbum. E eu n\u00e3o queria que isso se perdesse. Eu queria ter certeza que as pessoas ouviriam todo o \u00e1lbum at\u00e9 essa m\u00fasica\u201d, diz a cantora.<\/p>\n<p>Ela tamb\u00e9m contou que convidou <strong>Anderson .Paak<\/strong> para colaborar com ela no disco, porque ficou encantada com o trabalho dele no <strong>Silk Sonic,<\/strong> dupla com<strong> Bruno Mars<\/strong>. \u201cMeu filho Rocky estava obcecado por eles. Ele ouvia o tempo todo, usava uma camisa, era toda uma coisa\u201d, lembra <strong>Mariah,<\/strong> \u201ca primeira m\u00fasica que fizemos juntos foi \u2018In Your Feelings\u2019 e tamb\u00e9m fizemos \u2018I Won\u2019t Allow It\u2019. Foi uma \u00f3tima qu\u00edmica. Uma \u00f3tima qu\u00edmica musical\u201d. <a href=\"https:\/\/portalpopline.com.br\/mariah-carey-define-terceiro-single-album-here-for-it-all\/\" target=\"_blank\" rel=\"noopener nofollow\">O novo single dela, \u201cPlay This Song\u201d, \u00e9 um dueto com ele.<\/a><\/p>\n","protected":false},"excerpt":{"rendered":"Se tem algu\u00e9m que leva a s\u00e9rio o conceito de diva, este algu\u00e9m \u00e9 Mariah Carey. Em uma&hellip;\n","protected":false},"author":2,"featured_media":86439,"comment_status":"","ping_status":"","sticky":false,"template":"","format":"standard","meta":{"footnotes":""},"categories":[141],"tags":[17011,114,115,272,21858,149,150,274,571,32,33,21859],"class_list":{"0":"post-86438","1":"post","2":"type-post","3":"status-publish","4":"format-standard","5":"has-post-thumbnail","7":"category-musica","8":"tag-cover","9":"tag-entertainment","10":"tag-entretenimento","11":"tag-mariah-carey","12":"tag-muni-long","13":"tag-music","14":"tag-musica","15":"tag-musica-pop","16":"tag-plantao","17":"tag-portugal","18":"tag-pt","19":"tag-we-belong-together"},"share_on_mastodon":{"url":"","error":""},"_links":{"self":[{"href":"https:\/\/www.europesays.com\/pt\/wp-json\/wp\/v2\/posts\/86438","targetHints":{"allow":["GET"]}}],"collection":[{"href":"https:\/\/www.europesays.com\/pt\/wp-json\/wp\/v2\/posts"}],"about":[{"href":"https:\/\/www.europesays.com\/pt\/wp-json\/wp\/v2\/types\/post"}],"author":[{"embeddable":true,"href":"https:\/\/www.europesays.com\/pt\/wp-json\/wp\/v2\/users\/2"}],"replies":[{"embeddable":true,"href":"https:\/\/www.europesays.com\/pt\/wp-json\/wp\/v2\/comments?post=86438"}],"version-history":[{"count":0,"href":"https:\/\/www.europesays.com\/pt\/wp-json\/wp\/v2\/posts\/86438\/revisions"}],"wp:featuredmedia":[{"embeddable":true,"href":"https:\/\/www.europesays.com\/pt\/wp-json\/wp\/v2\/media\/86439"}],"wp:attachment":[{"href":"https:\/\/www.europesays.com\/pt\/wp-json\/wp\/v2\/media?parent=86438"}],"wp:term":[{"taxonomy":"category","embeddable":true,"href":"https:\/\/www.europesays.com\/pt\/wp-json\/wp\/v2\/categories?post=86438"},{"taxonomy":"post_tag","embeddable":true,"href":"https:\/\/www.europesays.com\/pt\/wp-json\/wp\/v2\/tags?post=86438"}],"curies":[{"name":"wp","href":"https:\/\/api.w.org\/{rel}","templated":true}]}}