{"id":86462,"date":"2025-09-25T18:51:08","date_gmt":"2025-09-25T18:51:08","guid":{"rendered":"https:\/\/www.europesays.com\/pt\/86462\/"},"modified":"2025-09-25T18:51:08","modified_gmt":"2025-09-25T18:51:08","slug":"caos-no-quarto-azul-leandro-expulsa-colegas-e-gera-revolta-na-casa-secret-story","status":"publish","type":"post","link":"https:\/\/www.europesays.com\/pt\/86462\/","title":{"rendered":"Caos no quarto azul: Leandro expulsa colegas e gera revolta na Casa &#8211; Secret Story"},"content":{"rendered":"<p>No Secret Story 9, a rotina no quarto azul foi interrompida quando Leandro, que dizia sentir-se \u201capertado\u201d, pegou nas malas dos colegas e come\u00e7ou a expulsar tudo e todos. O caos instalou-se com o concorrente a afirmar que n\u00e3o queria partilhar a divis\u00e3o e que os seus aposentos n\u00e3o estavam a ser respeitados. Na sala, Rui sugeriu que n\u00e3o se desse mais protagonismo ao \u201canan\u00e1s ambulante\u201d. J\u00e1 Raquel e Ana Cristina mostraram-se as mais revoltadas com a atitude de Leandro, enquanto Bruna, de mala \u00e0s costas, pediu em tom ir\u00f3nico que algu\u00e9m lhe alugasse um quarto.<\/p>\n<p>Esta semana, h\u00e1 cinco concorrentes em risco de abandonarem o Secret Story 9. Vote no seu concorrente preferido para salvar:<\/p>\n<p>CARINA \u2013 761 20 20 06<br \/>F\u00c1BIO \u2013 761 20 20 08<br \/>IN\u00caS \u2013 761 20 20 10<br \/>LEANDRO \u2013 761 20 20 12<br \/>LILIANA \u2013 761 20 20 14<\/p>\n<p><a href=\"https:\/\/tvi.iol.pt\/secretstory\/aominuto\" wbo-id=\"46\" rel=\"nofollow noopener\" target=\"_blank\">Acompanhe aqui tudo o que se passa na casa mais vigiada do pa\u00eds<\/a><\/p>\n","protected":false},"excerpt":{"rendered":"No Secret Story 9, a rotina no quarto azul foi interrompida quando Leandro, que dizia sentir-se \u201capertado\u201d, pegou&hellip;\n","protected":false},"author":2,"featured_media":86463,"comment_status":"","ping_status":"","sticky":false,"template":"","format":"standard","meta":{"footnotes":""},"categories":[142],"tags":[114,115,19033,12397,19034,32,33,151,19032],"class_list":{"0":"post-86462","1":"post","2":"type-post","3":"status-publish","4":"format-standard","5":"has-post-thumbnail","7":"category-tv","8":"tag-entertainment","9":"tag-entretenimento","10":"tag-galas-em-video","11":"tag-leandro","12":"tag-melhores-momentos-casa-dos-segredos","13":"tag-portugal","14":"tag-pt","15":"tag-tv","16":"tag-videos-secret-story-tvi"},"share_on_mastodon":{"url":"","error":""},"_links":{"self":[{"href":"https:\/\/www.europesays.com\/pt\/wp-json\/wp\/v2\/posts\/86462","targetHints":{"allow":["GET"]}}],"collection":[{"href":"https:\/\/www.europesays.com\/pt\/wp-json\/wp\/v2\/posts"}],"about":[{"href":"https:\/\/www.europesays.com\/pt\/wp-json\/wp\/v2\/types\/post"}],"author":[{"embeddable":true,"href":"https:\/\/www.europesays.com\/pt\/wp-json\/wp\/v2\/users\/2"}],"replies":[{"embeddable":true,"href":"https:\/\/www.europesays.com\/pt\/wp-json\/wp\/v2\/comments?post=86462"}],"version-history":[{"count":0,"href":"https:\/\/www.europesays.com\/pt\/wp-json\/wp\/v2\/posts\/86462\/revisions"}],"wp:featuredmedia":[{"embeddable":true,"href":"https:\/\/www.europesays.com\/pt\/wp-json\/wp\/v2\/media\/86463"}],"wp:attachment":[{"href":"https:\/\/www.europesays.com\/pt\/wp-json\/wp\/v2\/media?parent=86462"}],"wp:term":[{"taxonomy":"category","embeddable":true,"href":"https:\/\/www.europesays.com\/pt\/wp-json\/wp\/v2\/categories?post=86462"},{"taxonomy":"post_tag","embeddable":true,"href":"https:\/\/www.europesays.com\/pt\/wp-json\/wp\/v2\/tags?post=86462"}],"curies":[{"name":"wp","href":"https:\/\/api.w.org\/{rel}","templated":true}]}}