{"id":86466,"date":"2025-09-25T18:53:12","date_gmt":"2025-09-25T18:53:12","guid":{"rendered":"https:\/\/www.europesays.com\/pt\/86466\/"},"modified":"2025-09-25T18:53:12","modified_gmt":"2025-09-25T18:53:12","slug":"o-personagem-de-meu-amigo-totoro-que-aparece-em-toy-story-e-voce-nao-percebeu","status":"publish","type":"post","link":"https:\/\/www.europesays.com\/pt\/86466\/","title":{"rendered":"O personagem de &#8216;Meu Amigo Totoro&#8217; que aparece em &#8216;Toy Story&#8217; e voc\u00ea n\u00e3o percebeu"},"content":{"rendered":"<p>Sabia que h\u00e1 filmes que conectam o Studio Ghibli e a <a href=\"https:\/\/recreio.com.br\/tags\/pixar\" target=\"_blank\" rel=\"noopener nofollow\">Pixar<\/a>? Acontece que o est\u00fadio de anima\u00e7\u00e3o japon\u00eas j\u00e1 serviu de inspira\u00e7\u00e3o para a <a href=\"https:\/\/recreio.com.br\/noticias\/entretenimento\/vez-que-o-studio-ghibli-inspirou-um-filme-de-animacao-da-pixar.phtml\" target=\"_blank\" rel=\"noopener nofollow\">cria\u00e7\u00e3o de uma anima\u00e7\u00e3o da concorrente<\/a> de premia\u00e7\u00f5es, bem como conta com diversos t\u00edtulos referenciados em longas-metragens por meio de easter eggs inesperados.<\/p>\n<p>Um dos projetos animados que se encaixam no \u00faltimo exemplo \u00e9 \u2018Meu Amigo Totoro\u2019 (1988), o qual ganha uma alus\u00e3o na franquia que trouxe o primeiro filme de longa dura\u00e7\u00e3o da Pixar, bem como o primeiro da hist\u00f3ria a ser feito completamente por computador: \u2018Toy Story\u2019, mais precisamente no terceiro filme, o qual estreou nos cinemas em 2010.<\/p>\n<p>Como surge a refer\u00eancia? Bem, essa ocorre com a inclus\u00e3o de um personagem criado pela imagina\u00e7\u00e3o de <a href=\"https:\/\/pt.wikipedia.org\/wiki\/Hayao_Miyazaki\" target=\"_blank\" rel=\"noopener nofollow\"><strong>Hayao Miyazaki<\/strong><\/a> na trama que apresenta a aventura de Woody, Buzz Lightyear e diversos outros brinquedos ganham vida quando os humanos n\u00e3o est\u00e3o por perto na creche Sunnyside.<\/p>\n<p> Quem \u00e9 o personagem de \u2018Meu Amigo Totoro\u2019 que aparece em \u2018Toy Story\u2019? <\/p>\n<p>A figura em quest\u00e3o \u00e9 um esp\u00edrito da floresta que aparece no t\u00edtulo da anima\u00e7\u00e3o da d\u00e9cada de 80, visto que Totoro surge em diversas cenas que acontecem no quarto de Bonnie, j\u00e1 que a vers\u00e3o de pel\u00facia dele \u00e9 um dos brinquedos da garota.<\/p>\n<p>Apesar de n\u00e3o ter falas, ele est\u00e1 sempre junto aos bichinhos de pel\u00facia apoiando Woody na miss\u00e3o de resgatar seus amigos da creche Sunnyside, a qual \u00e9 controlada por Lotso, o urso rosa que enganou a todos com seu cheiro de morango e visual fofo que escondiam atitudes tir\u00e2nicas motivadas por um trauma passado.<\/p>\n<p>Ele tamb\u00e9m est\u00e1 na cena final de \u201cToy Story 3\u201d, quando Andy aparece para doar todos os seus brinquedos para Bonnie, j\u00e1 que n\u00e3o ter\u00e1 mais tempo de criar mundos imagin\u00e1rios com os seus antigos companheiros de brincadeiras por estar amadurecendo, afinal, ele est\u00e1 indo para a faculdade; veja:<\/p>\n<p>  Por que acontece a refer\u00eancia acontece? <\/p>\n<p>A motiva\u00e7\u00e3o da refer\u00eancia nunca foi comentada pelos profissionais envolvidos no projeto, mas \u00e9 poss\u00edvel que tenha sido inclu\u00edda em forma de homenagem e admira\u00e7\u00e3o, afinal, h\u00e1 um ponto de conex\u00e3o entre os dois est\u00fadios de anima\u00e7\u00e3o: a <a href=\"https:\/\/thewaltdisneycompany.com\/\" target=\"_blank\" rel=\"noopener nofollow\">Disney<\/a>.<\/p>\n<p>Para entender, \u00e9 necess\u00e1rio lembrar que a Disney tem uma parceria duradoura com a Pixar que culminou na compra da empresa que tem como mascote uma lumin\u00e1ria, a qual agora faz parte do selo Disney como uma subsidi\u00e1ria, embora continue a operar como uma entidade relativamente independente.<\/p>\n<p>Al\u00e9m disso, a Disney foi respons\u00e1vel pela dublagem e distribui\u00e7\u00e3o de muitos dos filmes da Ghibli em ingl\u00eas ao longo das d\u00e9cadas de 1990 e 2000, facilitando o acesso \u00e0 cultura oriental em outras partes do mundo, ajudando a empresa japonesa a se tornar reconhecida mundialmente.<\/p>\n<p>Hoje, o Studio Ghibli n\u00e3o tem mais nenhum v\u00ednculo com a Disney, j\u00e1 que conta com a GKIDS para distribui\u00e7\u00e3o em ingl\u00eas. Ainda assim, a antiga parceria traz um ponto de conex\u00e3o que pode ter facilitado a viabiliza\u00e7\u00e3o da apari\u00e7\u00e3o de Totoro.<\/p>\n<p>\t Mais sobre os filmes <\/p>\n<p>Da empresa que tem como mascote uma lumin\u00e1ria, \u201cToy Story 3\u201d tem dire\u00e7\u00e3o de <a href=\"https:\/\/www.instagram.com\/leeunkrich\/\" target=\"_blank\" rel=\"noopener nofollow\"><strong>Lee Unkrich<\/strong><\/a> e hoje est\u00e1 dispon\u00edvel para streaming no Disney+, apresentando a despedida de Andy de seus brinquedos, a qual \u00e9 marcada por momentos desafiadores quando eles acabam levados \u00e0 creche Sunnyside por engano.<\/p>\n<p>J\u00e1 \u201cMeu Amigo Totoro\u201d pode ser visto por assinantes da Netflix, onde a anima\u00e7\u00e3o tem a seguinte sinopse: \u201cDuas meninas se mudam para o interior do Jap\u00e3o para cuidar de sua m\u00e3e doente e fazem amizade com criaturas m\u00e1gicas que habitam os arredores de seu novo lar.\u201d<\/p>\n<p>        <a href=\"https:\/\/recreio.com.br\/noticias\/author\/izabela-queiroz\" rel=\"nofollow noopener\" target=\"_blank\">&#13;<br \/>\n          <img alt=\"Izabela Queiroz\" src=\"https:\/\/www.europesays.com\/pt\/wp-content\/uploads\/2025\/09\/1758826392_783_73c0b9c1056486c3f0ac887fc031213cdd608512c3b419d28e1ba5da81c3eb12\"  class=\"avatar avatar-115 photo rounded-circle mr-3\" height=\"115\" width=\"115\" loading=\"lazy\" decoding=\"async\"\/>        <\/a><\/p>\n<p>Izabela Queiroz, jornalista por paix\u00e3o e cin\u00e9fila de carteirinha. Formada pela UNINOVE, encontrou na escrita o lugar ideal para unir tudo o que mais gosta: filmes, s\u00e9ries e m\u00fasica. Nos textos, h\u00e1 quase sempre refer\u00eancias a algo relacionado \u00e0 cultura pop que a marcou. Fora deles, a encontrar\u00e1 assistindo hist\u00f3rias com reviravoltas chocantes, romances cativantes e dramas que a fazem chorar.<\/p>\n<p>\t                                            <script async src=\"\/\/www.instagram.com\/embed.js\"><\/script><\/p>\n","protected":false},"excerpt":{"rendered":"Sabia que h\u00e1 filmes que conectam o Studio Ghibli e a Pixar? Acontece que o est\u00fadio de anima\u00e7\u00e3o&hellip;\n","protected":false},"author":2,"featured_media":86467,"comment_status":"","ping_status":"","sticky":false,"template":"","format":"standard","meta":{"footnotes":""},"categories":[140],"tags":[1415,114,115,147,148,21860,146,11381,32,33,11923,15142,19049],"class_list":{"0":"post-86466","1":"post","2":"type-post","3":"status-publish","4":"format-standard","5":"has-post-thumbnail","7":"category-filmes","8":"tag-animacao","9":"tag-entertainment","10":"tag-entretenimento","11":"tag-film","12":"tag-filmes","13":"tag-meu-amigo-totoro","14":"tag-movies","15":"tag-pixar","16":"tag-portugal","17":"tag-pt","18":"tag-studio-ghibli","19":"tag-toy-story","20":"tag-toy-story-3"},"share_on_mastodon":{"url":"","error":""},"_links":{"self":[{"href":"https:\/\/www.europesays.com\/pt\/wp-json\/wp\/v2\/posts\/86466","targetHints":{"allow":["GET"]}}],"collection":[{"href":"https:\/\/www.europesays.com\/pt\/wp-json\/wp\/v2\/posts"}],"about":[{"href":"https:\/\/www.europesays.com\/pt\/wp-json\/wp\/v2\/types\/post"}],"author":[{"embeddable":true,"href":"https:\/\/www.europesays.com\/pt\/wp-json\/wp\/v2\/users\/2"}],"replies":[{"embeddable":true,"href":"https:\/\/www.europesays.com\/pt\/wp-json\/wp\/v2\/comments?post=86466"}],"version-history":[{"count":0,"href":"https:\/\/www.europesays.com\/pt\/wp-json\/wp\/v2\/posts\/86466\/revisions"}],"wp:featuredmedia":[{"embeddable":true,"href":"https:\/\/www.europesays.com\/pt\/wp-json\/wp\/v2\/media\/86467"}],"wp:attachment":[{"href":"https:\/\/www.europesays.com\/pt\/wp-json\/wp\/v2\/media?parent=86466"}],"wp:term":[{"taxonomy":"category","embeddable":true,"href":"https:\/\/www.europesays.com\/pt\/wp-json\/wp\/v2\/categories?post=86466"},{"taxonomy":"post_tag","embeddable":true,"href":"https:\/\/www.europesays.com\/pt\/wp-json\/wp\/v2\/tags?post=86466"}],"curies":[{"name":"wp","href":"https:\/\/api.w.org\/{rel}","templated":true}]}}