{"id":86468,"date":"2025-09-25T18:54:17","date_gmt":"2025-09-25T18:54:17","guid":{"rendered":"https:\/\/www.europesays.com\/pt\/86468\/"},"modified":"2025-09-25T18:54:17","modified_gmt":"2025-09-25T18:54:17","slug":"fc-porto-integra-grupo-restrito-que-conta-com-real-madrid-ou-bayern-munique","status":"publish","type":"post","link":"https:\/\/www.europesays.com\/pt\/86468\/","title":{"rendered":"FC Porto integra grupo restrito que conta com Real Madrid ou Bayern Munique"},"content":{"rendered":"<p>O FC Porto \u00e9 uma das 10 equipas que somam apenas vit\u00f3rias nas principais ligas europeias. O conjunto orientado por Francesco Farioli conta com companhia de peso:<\/p>\n<ul class=\"wp-block-list\">\n<li>Liverpool<\/li>\n<li>Real Madrid<\/li>\n<li>N\u00e1poles<\/li>\n<li>Galatasaray<\/li>\n<li>Bayern Munique<\/li>\n<\/ul>\n<p>Os drag\u00f5es encontram-se em primeiro lugar da Primeira Liga com 18 pontos, fruto de seis vit\u00f3rias. O FC Porto vai estrear-se durante esta semana nas competi\u00e7\u00f5es europeias, com o embate frente ao RB Salzburgo, para a <a href=\"https:\/\/bolanarede.pt\/etiqueta\/europa-league\/\" target=\"_blank\" rel=\"noreferrer noopener nofollow\">Europa League<\/a>. <\/p>\n","protected":false},"excerpt":{"rendered":"O FC Porto \u00e9 uma das 10 equipas que somam apenas vit\u00f3rias nas principais ligas europeias. O conjunto&hellip;\n","protected":false},"author":2,"featured_media":86469,"comment_status":"","ping_status":"","sticky":false,"template":"","format":"standard","meta":{"footnotes":""},"categories":[87],"tags":[260,135,282,32,479,33,134],"class_list":{"0":"post-86468","1":"post","2":"type-post","3":"status-publish","4":"format-standard","5":"has-post-thumbnail","7":"category-desporto","8":"tag-atualidade","9":"tag-desporto","10":"tag-fc-porto","11":"tag-portugal","12":"tag-primeira-liga","13":"tag-pt","14":"tag-sports"},"share_on_mastodon":{"url":"","error":""},"_links":{"self":[{"href":"https:\/\/www.europesays.com\/pt\/wp-json\/wp\/v2\/posts\/86468","targetHints":{"allow":["GET"]}}],"collection":[{"href":"https:\/\/www.europesays.com\/pt\/wp-json\/wp\/v2\/posts"}],"about":[{"href":"https:\/\/www.europesays.com\/pt\/wp-json\/wp\/v2\/types\/post"}],"author":[{"embeddable":true,"href":"https:\/\/www.europesays.com\/pt\/wp-json\/wp\/v2\/users\/2"}],"replies":[{"embeddable":true,"href":"https:\/\/www.europesays.com\/pt\/wp-json\/wp\/v2\/comments?post=86468"}],"version-history":[{"count":0,"href":"https:\/\/www.europesays.com\/pt\/wp-json\/wp\/v2\/posts\/86468\/revisions"}],"wp:featuredmedia":[{"embeddable":true,"href":"https:\/\/www.europesays.com\/pt\/wp-json\/wp\/v2\/media\/86469"}],"wp:attachment":[{"href":"https:\/\/www.europesays.com\/pt\/wp-json\/wp\/v2\/media?parent=86468"}],"wp:term":[{"taxonomy":"category","embeddable":true,"href":"https:\/\/www.europesays.com\/pt\/wp-json\/wp\/v2\/categories?post=86468"},{"taxonomy":"post_tag","embeddable":true,"href":"https:\/\/www.europesays.com\/pt\/wp-json\/wp\/v2\/tags?post=86468"}],"curies":[{"name":"wp","href":"https:\/\/api.w.org\/{rel}","templated":true}]}}