{"id":86484,"date":"2025-09-25T19:03:14","date_gmt":"2025-09-25T19:03:14","guid":{"rendered":"https:\/\/www.europesays.com\/pt\/86484\/"},"modified":"2025-09-25T19:03:14","modified_gmt":"2025-09-25T19:03:14","slug":"casa-projetada-por-famoso-arquiteto-hans-broos-e-demolida-em-blumenau","status":"publish","type":"post","link":"https:\/\/www.europesays.com\/pt\/86484\/","title":{"rendered":"Casa projetada por famoso arquiteto Hans Broos \u00e9 demolida em Blumenau"},"content":{"rendered":"<p>Uma resid\u00eancia projetada pelo renomado arquiteto Hans Broos foi demolida nesta ter\u00e7a-feira, 23, na rua Klara Hering, n\u00famero 76, no bairro Bom Retiro, em Blumenau. O pedido de demoli\u00e7\u00e3o foi feito pelo propriet\u00e1rio.<br \/><a href=\"https:\/\/chat.whatsapp.com\/GUCUcFjZfTfLVc1J6ZPgpR\" target=\"_blank\" rel=\"noopener nofollow\"><img decoding=\"async\" loading=\"lazy\" class=\"aligncenter wp-image-659228 size-full\" src=\"https:\/\/www.europesays.com\/pt\/wp-content\/uploads\/2025\/09\/blumenau.jpg\" alt=\"\" width=\"380\" height=\"184\"\/><\/a><\/p>\n<p>A casa havia sido desocupada pelo inquilino, principalmente em raz\u00e3o da necessidade de uma grande obra de reparo na estrutura. Segundo informa\u00e7\u00f5es do arquiteto Giovanni Minatti, como h\u00e1 o interesse do dono do terreno em erguer um novo empreendimento no local, entendeu-se que n\u00e3o faria sentido manter e reformar a edifica\u00e7\u00e3o. Com isso, a resid\u00eancia foi demolida.<\/p>\n<p><img decoding=\"async\" loading=\"lazy\" class=\"size-full wp-image-488980\" src=\"https:\/\/www.europesays.com\/pt\/wp-content\/uploads\/2025\/09\/video-casa-projetada-por-famoso-arquiteto-e-demolida-em-blumenau-hans.png\" alt=\"Hans Broos\" width=\"1200\" height=\"559\"  \/>Google Street View\/Reprodu\u00e7\u00e3o<\/p>\n<p>O novo projeto ainda est\u00e1 em fase de estudos e aprova\u00e7\u00f5es. \u201cAssim que superadas essas etapas, poderemos dar mais detalhes sobre o empreendimento final\u201d, informou.<\/p>\n<p><strong>Confira parte da demoli\u00e7\u00e3o:<\/strong><\/p>\n<p><strong>Arquiteto Hans Broos<\/strong><\/p>\n<p>Nascido na Eslov\u00e1quia em 1921, Hans Broos iniciou sua carreira no Brasil em 1953. Considerado um dos expoentes da arquitetura moderna brasileira e uma refer\u00eancia no brutalismo, deixou um trabalho singular, que inspira profissionais da \u00e1rea at\u00e9 hoje. Broos morreu em 23 de agosto de 2011, aos 89 anos, em Blumenau.<\/p>\n<p>Em 2024, a arquiteta e pesquisadora Angelina Wittmann publicou uma coluna no jornal <strong>O Munic\u00edpio Blumenau<\/strong> sobre a hist\u00f3ria e as obras do arquiteto Hans Broos. <strong><a href=\"https:\/\/omunicipioblumenau.com.br\/a-vida-e-a-obra-de-hans-broos-de-blumenau-mestre-da-arquitetura-no-brasil\/\" rel=\"nofollow noopener\" target=\"_blank\">Confira clicando aqui.<\/a><\/strong><\/p>\n<p><strong>Leia tamb\u00e9m:<\/strong><br \/><strong>1. <a href=\"https:\/\/omunicipioblumenau.com.br\/mulher-e-morta-a-tiros-por-companheiro-em-timbo-apos-discussao-por-ciumes\/\" rel=\"nofollow noopener\" target=\"_blank\">Mulher \u00e9 morta a tiros por companheiro em Timb\u00f3 ap\u00f3s discuss\u00e3o por ci\u00fames<\/a><br \/>2. <a href=\"https:\/\/omunicipioblumenau.com.br\/galeria-conheca-as-10-finalistas-do-concurso-da-realeza-da-41a-oktoberfest-blumenau\/\" rel=\"nofollow noopener\" target=\"_blank\">GALERIA \u2013 Conhe\u00e7a as 10 finalistas do concurso da realeza da 41\u00aa Oktoberfest Blumenau<\/a><br \/>3. <a href=\"https:\/\/omunicipioblumenau.com.br\/bec-vence-o-nacao-e-fica-perto-da-vaga-nas-quartas-da-copa-santa-catarina\/\" rel=\"nofollow noopener\" target=\"_blank\">BEC vence o Na\u00e7\u00e3o e fica perto da vaga nas quartas da Copa Santa Catarina<\/a><br \/>4. <a href=\"https:\/\/omunicipioblumenau.com.br\/exclusivo-como-drones-auxiliam-nos-atendimentos-das-ocorrencias-do-corpo-de-bombeiros-em-blumenau\/\" rel=\"nofollow noopener\" target=\"_blank\">EXCLUSIVO \u2013 Como drones auxiliam nos atendimentos das ocorr\u00eancias do Corpo de Bombeiros em Blumenau<\/a><br \/>5. <a href=\"https:\/\/omunicipioblumenau.com.br\/homem-e-preso-por-uso-de-maquinas-caca-niquel-em-blumenau\/\" rel=\"nofollow noopener\" target=\"_blank\">Homem \u00e9 preso por uso de m\u00e1quinas ca\u00e7a-n\u00edquel em Blumenau<\/a><br \/><\/strong><\/p>\n<p><strong>Veja agora mesmo!<\/strong><\/p>\n<p><strong>Peixe enrolado na cebola, Rollmops \u00e9 resgatado ao prato dos blumenauenses: <\/strong><\/p>\n","protected":false},"excerpt":{"rendered":"Uma resid\u00eancia projetada pelo renomado arquiteto Hans Broos foi demolida nesta ter\u00e7a-feira, 23, na rua Klara Hering, n\u00famero&hellip;\n","protected":false},"author":2,"featured_media":86485,"comment_status":"","ping_status":"","sticky":false,"template":"","format":"standard","meta":{"footnotes":""},"categories":[144],"tags":[207,205,206,203,201,202,7448,204,114,115,21865,21866,32,33],"class_list":{"0":"post-86484","1":"post","2":"type-post","3":"status-publish","4":"format-standard","5":"has-post-thumbnail","7":"category-arte-e-design","8":"tag-arte","9":"tag-arte-e-design","10":"tag-artedesign","11":"tag-arts","12":"tag-arts-and-design","13":"tag-artsanddesign","14":"tag-blumenau","15":"tag-design","16":"tag-entertainment","17":"tag-entretenimento","18":"tag-hans-broos","19":"tag-hering","20":"tag-portugal","21":"tag-pt"},"share_on_mastodon":{"url":"","error":""},"_links":{"self":[{"href":"https:\/\/www.europesays.com\/pt\/wp-json\/wp\/v2\/posts\/86484","targetHints":{"allow":["GET"]}}],"collection":[{"href":"https:\/\/www.europesays.com\/pt\/wp-json\/wp\/v2\/posts"}],"about":[{"href":"https:\/\/www.europesays.com\/pt\/wp-json\/wp\/v2\/types\/post"}],"author":[{"embeddable":true,"href":"https:\/\/www.europesays.com\/pt\/wp-json\/wp\/v2\/users\/2"}],"replies":[{"embeddable":true,"href":"https:\/\/www.europesays.com\/pt\/wp-json\/wp\/v2\/comments?post=86484"}],"version-history":[{"count":0,"href":"https:\/\/www.europesays.com\/pt\/wp-json\/wp\/v2\/posts\/86484\/revisions"}],"wp:featuredmedia":[{"embeddable":true,"href":"https:\/\/www.europesays.com\/pt\/wp-json\/wp\/v2\/media\/86485"}],"wp:attachment":[{"href":"https:\/\/www.europesays.com\/pt\/wp-json\/wp\/v2\/media?parent=86484"}],"wp:term":[{"taxonomy":"category","embeddable":true,"href":"https:\/\/www.europesays.com\/pt\/wp-json\/wp\/v2\/categories?post=86484"},{"taxonomy":"post_tag","embeddable":true,"href":"https:\/\/www.europesays.com\/pt\/wp-json\/wp\/v2\/tags?post=86484"}],"curies":[{"name":"wp","href":"https:\/\/api.w.org\/{rel}","templated":true}]}}