{"id":86490,"date":"2025-09-25T19:07:33","date_gmt":"2025-09-25T19:07:33","guid":{"rendered":"https:\/\/www.europesays.com\/pt\/86490\/"},"modified":"2025-09-25T19:07:33","modified_gmt":"2025-09-25T19:07:33","slug":"ex-harry-potter-emma-watson-revela-motivo-da-pausa-na-carreira-de-atriz","status":"publish","type":"post","link":"https:\/\/www.europesays.com\/pt\/86490\/","title":{"rendered":"Ex-&#8216;Harry Potter&#8217;, Emma Watson revela motivo da pausa na carreira de atriz"},"content":{"rendered":"\n<p>Na \u00faltima ter\u00e7a-feira, 23, Emma Watson voltou a comentar sobre o per\u00edodo afastada das c\u00e2meras. Em entrevista ao Hollywood Authentic, a artista conversou com o amigo Hassan Akkad, cineasta e produtor, sobre as raz\u00f5es para ter feito uma pausa proposital na carreira e como isso impactou sua vida pessoal.<\/p>\n<p><strong>Reflex\u00f5es sobre a atua\u00e7\u00e3o<\/strong><\/p>\n<p>Emma explicou que a profiss\u00e3o pode levar a uma fragmenta\u00e7\u00e3o entre m\u00faltiplas personalidades. \u201cE n\u00e3o estou falando apenas dos pap\u00e9is que voc\u00ea desempenha, mas tamb\u00e9m do peso de uma persona p\u00fablica, que precisa ser constantemente alimentada, embelezada, glamourizada. \u00c9 algo que consome muita energia. Me livrar dessas m\u00faltiplas identidades me abriu muito espa\u00e7o, eu acho, para ser uma irm\u00e3, filha, amiga, neta e, depois, artista melhor.\u201d<\/p>\n<p>Ao falar sobre a rotina de divulga\u00e7\u00e3o de projetos, a atriz foi direta: \u201cVou ser honesta e direta: n\u00e3o sinto falta de divulgar coisas. Acho isso bastante destrutivo para a alma. Sinto muita falta de usar minhas habilidades e da arte. Mas eu sentia que estava fazendo t\u00e3o pouco da parte que eu realmente amava\u201d.<\/p>\n<p><strong>Aus\u00eancia dos palcos<\/strong><\/p>\n<p>Ela contou ainda que chegou a fazer uma pequena apresenta\u00e7\u00e3o teatral apenas para amigos e percebeu o quanto a press\u00e3o da atua\u00e7\u00e3o continua forte. \u201cEu tinha esquecido quanta press\u00e3o era. Fiz uma pequena apresenta\u00e7\u00e3o para uma pe\u00e7a, s\u00f3 com meus amigos. Pensei: \u2018Caramba, isso \u00e9 estressante!\u2019 E nem foi na frente de uma plateia de verdade. N\u00e3o sinto falta disso.\u201d<\/p>\n<p>Mesmo assim, Emma destacou que segue conectada ao of\u00edcio. \u201cEmbora eu possa n\u00e3o estar produzindo nada agora, ainda sinto que fa\u00e7o parte de uma comunidade e quero permanecer conectada a essa comunidade e fazer parte dela.\u201d<\/p>\n<p>A atriz tamb\u00e9m falou sobre a sensa\u00e7\u00e3o de estar no palco ou diante das c\u00e2meras, descrevendo-a como uma forma de medita\u00e7\u00e3o. \u201cPoder simplesmente esquecer completamente de todo o resto do mundo, exceto aquele momento [de interpretar um personagem] \u2014 \u00e9 uma forma de medita\u00e7\u00e3o t\u00e3o intensa. Porque voc\u00ea simplesmente n\u00e3o pode estar em nenhum outro lugar. \u00c9 t\u00e3o libertador.\u201d<\/p>\n<p>Apesar de n\u00e3o confirmar planos imediatos, a fala deixou em aberto a possibilidade de um retorno aos palcos ou \u00e0s telonas no futuro.<\/p>\n","protected":false},"excerpt":{"rendered":"Na \u00faltima ter\u00e7a-feira, 23, Emma Watson voltou a comentar sobre o per\u00edodo afastada das c\u00e2meras. Em entrevista ao&hellip;\n","protected":false},"author":2,"featured_media":86491,"comment_status":"","ping_status":"","sticky":false,"template":"","format":"standard","meta":{"footnotes":""},"categories":[140],"tags":[21869,425,813,21870,8161,16355,21850,21871,2270,114,115,1127,147,148,700,21873,12195,21872,20509,146,15888,7819,21874,32,21868,33,3605,17132,2387],"class_list":{"0":"post-86490","1":"post","2":"type-post","3":"status-publish","4":"format-standard","5":"has-post-thumbnail","7":"category-filmes","8":"tag-amiga","9":"tag-apresentacao","10":"tag-atriz","11":"tag-atuacao","12":"tag-carreira","13":"tag-comunidade","14":"tag-divulgacao","15":"tag-emma-watson","16":"tag-energia","17":"tag-entertainment","18":"tag-entretenimento","19":"tag-filha","20":"tag-film","21":"tag-filmes","22":"tag-harry-potter","23":"tag-hollywood-authentic","24":"tag-irma","25":"tag-meditacao","26":"tag-motivo","27":"tag-movies","28":"tag-neto","29":"tag-pausa","30":"tag-persona-publica","31":"tag-portugal","32":"tag-projetos","33":"tag-pt","34":"tag-retorno","35":"tag-revela","36":"tag-teatro"},"share_on_mastodon":{"url":"","error":""},"_links":{"self":[{"href":"https:\/\/www.europesays.com\/pt\/wp-json\/wp\/v2\/posts\/86490","targetHints":{"allow":["GET"]}}],"collection":[{"href":"https:\/\/www.europesays.com\/pt\/wp-json\/wp\/v2\/posts"}],"about":[{"href":"https:\/\/www.europesays.com\/pt\/wp-json\/wp\/v2\/types\/post"}],"author":[{"embeddable":true,"href":"https:\/\/www.europesays.com\/pt\/wp-json\/wp\/v2\/users\/2"}],"replies":[{"embeddable":true,"href":"https:\/\/www.europesays.com\/pt\/wp-json\/wp\/v2\/comments?post=86490"}],"version-history":[{"count":0,"href":"https:\/\/www.europesays.com\/pt\/wp-json\/wp\/v2\/posts\/86490\/revisions"}],"wp:featuredmedia":[{"embeddable":true,"href":"https:\/\/www.europesays.com\/pt\/wp-json\/wp\/v2\/media\/86491"}],"wp:attachment":[{"href":"https:\/\/www.europesays.com\/pt\/wp-json\/wp\/v2\/media?parent=86490"}],"wp:term":[{"taxonomy":"category","embeddable":true,"href":"https:\/\/www.europesays.com\/pt\/wp-json\/wp\/v2\/categories?post=86490"},{"taxonomy":"post_tag","embeddable":true,"href":"https:\/\/www.europesays.com\/pt\/wp-json\/wp\/v2\/tags?post=86490"}],"curies":[{"name":"wp","href":"https:\/\/api.w.org\/{rel}","templated":true}]}}