{"id":86496,"date":"2025-09-25T19:11:44","date_gmt":"2025-09-25T19:11:44","guid":{"rendered":"https:\/\/www.europesays.com\/pt\/86496\/"},"modified":"2025-09-25T19:11:44","modified_gmt":"2025-09-25T19:11:44","slug":"trafaria-em-festa-com-cinema-oficinas-e-musica","status":"publish","type":"post","link":"https:\/\/www.europesays.com\/pt\/86496\/","title":{"rendered":"Trafaria em festa com cinema, oficinas e m\u00fasica"},"content":{"rendered":"<p>Est\u00e1vamos em Fevereiro quando a Casa do Cais, o hub criativo da Trafaria, abriu portas pela primeira vez, em frente \u00e0 esta\u00e7\u00e3o fluvial. Agora \u00e9 palco do <strong>Outono em Festa<\/strong>, organizado pela ZUUM \u2013 Laborat\u00f3rios Criativos. Marcado para o pr\u00f3ximo domingo, 28 de Setembro, das 15.00 \u00e0s 21.00, o programa \u00e9 dedicado \u00e0s imagens em movimento e ao cinema. Pensado para toda a fam\u00edlia, inclui desde workshops a concertos. A entrada \u00e9 livre e haver\u00e1 int\u00e9rprete de L\u00edngua Gestual Portuguesa.<\/p>\n<p>\u201cPorque \u00e9 que nos filmes os pequenos sons est\u00e3o mais presentes do que na vida real? Podemos desenhar num filme ou dar-lhe cor? Como se cria uma tempestade artificial que nos d\u00e1 medo a valer?\u201d, l\u00ea-se em comunicado da iniciativa, que parte destas e outras quest\u00f5es sobre a arte de \u201cfazer cinema\u201d.\u00a0<\/p>\n<p>O arranque acontece \u00e0s 15.00, com <strong>Concerto para uma \u00c1rvore<\/strong>, um espect\u00e1culo explorat\u00f3rio e ritual\u00edstico de Fernando Mota, que cria instrumentos musicais a partir de elementos naturais. Segue-se, entre as 16.00 e as 19.00, uma <strong>mostra de curtas-metragens<\/strong> realizadas por alunos da Universidade Lus\u00f3fona.<\/p>\n<p>Est\u00e3o ainda previstos quatro workshops: <strong>Kms de Pel\u00edcula<\/strong>, com Sara Seabra, uma oficina de manipula\u00e7\u00e3o, interven\u00e7\u00e3o e projec\u00e7\u00e3o de pel\u00edcula que dialoga com as obras das artistas portuguesas Lourdes Castro e Helena Almeida (para crian\u00e7as dos 7 aos 10 anos); <strong>Desenho com Pernas<\/strong>, com Paula Delecave e Ant\u00f3nio Jorge Gon\u00e7alves, que nos v\u00e3o ensinar a dar vida a diferentes personagens, fazendo-as parecer saltar do papel (a partir dos 6 anos); <strong>Shhh\u2026 Estamos \u00e0 Escuta<\/strong>, com Ant\u00f3nio Figueiredo, focado em equipamento t\u00e9cnico profissional de som para cinema (dos 7 aos 10 anos); e <strong>Uma Noite de Tempestade<\/strong>, com M\u00e1rio Melo Costa, que prop\u00f5e explorar todas as etapas da realiza\u00e7\u00e3o de um filme, desde a montagem do cen\u00e1rio \u00e0 direc\u00e7\u00e3o de actores (dos 10 aos 14 anos).<\/p>\n<p>J\u00e1 \u00e0 hora do jantar, pelas 19.00, a ZUUM e o restaurante Clube de V\u00eddeo oferecem sopa. \u00c9 para aconchegar antes do <strong>concerto de encerramento<\/strong>, \u00e0s 20.00, com Jos\u00e9 Grossinho, Gueladjo San\u00e9 e Diogo Duque. Numa fus\u00e3o entre a guitarra el\u00e9ctrica, a percuss\u00e3o e o trompete, prometem criar \u201cuma banda sonora hipot\u00e9tica de um bairro de Lisboa ou de Bissau\u201d.<\/p>\n<p>Casa do Cais \u2013 Hub Criativo da Trafaria. 28 Set, Dom 15.00-21.00. Entrada livre<\/p>\n<p><strong>\ud83c\udfc3 O \u00faltimo \u00e9 um ovo podre: cruze a meta no\u00a0<\/strong><a href=\"https:\/\/www.facebook.com\/TimeOutLisboa\" rel=\"nofollow noopener\" target=\"_blank\"><strong>Facebook<\/strong><\/a><strong>,\u00a0<\/strong><a href=\"https:\/\/www.instagram.com\/timeoutlisboa\/\" rel=\"nofollow noopener\" target=\"_blank\"><strong>Instagram<\/strong><\/a><strong>\u00a0e\u00a0<\/strong><a href=\"https:\/\/whatsapp.com\/channel\/0029VaImNsW6LwHeF5LgS52C\" rel=\"nofollow noopener\" target=\"_blank\"><strong>Whatsapp<\/strong><\/a><\/p>\n<p><script async src=\"\/\/www.instagram.com\/embed.js\"><\/script><\/p>\n","protected":false},"excerpt":{"rendered":"Est\u00e1vamos em Fevereiro quando a Casa do Cais, o hub criativo da Trafaria, abriu portas pela primeira vez,&hellip;\n","protected":false},"author":2,"featured_media":86497,"comment_status":"","ping_status":"","sticky":false,"template":"","format":"standard","meta":{"footnotes":""},"categories":[85],"tags":[1840,1839,114,115,1841,32,33],"class_list":{"0":"post-86496","1":"post","2":"type-post","3":"status-publish","4":"format-standard","5":"has-post-thumbnail","7":"category-entretenimento","8":"tag-categorias-coisas-para-fazer","9":"tag-coisas-para-fazer","10":"tag-entertainment","11":"tag-entretenimento","12":"tag-noticias-vida-urbana","13":"tag-portugal","14":"tag-pt"},"share_on_mastodon":{"url":"","error":""},"_links":{"self":[{"href":"https:\/\/www.europesays.com\/pt\/wp-json\/wp\/v2\/posts\/86496","targetHints":{"allow":["GET"]}}],"collection":[{"href":"https:\/\/www.europesays.com\/pt\/wp-json\/wp\/v2\/posts"}],"about":[{"href":"https:\/\/www.europesays.com\/pt\/wp-json\/wp\/v2\/types\/post"}],"author":[{"embeddable":true,"href":"https:\/\/www.europesays.com\/pt\/wp-json\/wp\/v2\/users\/2"}],"replies":[{"embeddable":true,"href":"https:\/\/www.europesays.com\/pt\/wp-json\/wp\/v2\/comments?post=86496"}],"version-history":[{"count":0,"href":"https:\/\/www.europesays.com\/pt\/wp-json\/wp\/v2\/posts\/86496\/revisions"}],"wp:featuredmedia":[{"embeddable":true,"href":"https:\/\/www.europesays.com\/pt\/wp-json\/wp\/v2\/media\/86497"}],"wp:attachment":[{"href":"https:\/\/www.europesays.com\/pt\/wp-json\/wp\/v2\/media?parent=86496"}],"wp:term":[{"taxonomy":"category","embeddable":true,"href":"https:\/\/www.europesays.com\/pt\/wp-json\/wp\/v2\/categories?post=86496"},{"taxonomy":"post_tag","embeddable":true,"href":"https:\/\/www.europesays.com\/pt\/wp-json\/wp\/v2\/tags?post=86496"}],"curies":[{"name":"wp","href":"https:\/\/api.w.org\/{rel}","templated":true}]}}