{"id":86517,"date":"2025-09-25T19:32:17","date_gmt":"2025-09-25T19:32:17","guid":{"rendered":"https:\/\/www.europesays.com\/pt\/86517\/"},"modified":"2025-09-25T19:32:17","modified_gmt":"2025-09-25T19:32:17","slug":"birkenstock-reajusta-previsao-das-vendas-devido-ao-aumento-da-procura-nos-eua-moda","status":"publish","type":"post","link":"https:\/\/www.europesays.com\/pt\/86517\/","title":{"rendered":"Birkenstock reajusta previs\u00e3o das vendas devido ao aumento da procura nos EUA | Moda"},"content":{"rendered":"<p>A fabricante alem\u00e3 de sand\u00e1lias Birkenstock elevou as expectativas para a receita do ano fiscal de 2025 e espera vendas de, pelo menos, dois mil milh\u00f5es de euros. O reajuste \u00e9 impulsionado pela procura das suas socas que se tornaram tend\u00eancia, apesar dos recentes aumentos de pre\u00e7os.<\/p>\n<p>A procura de produtos-tend\u00eancia, como as sand\u00e1lias em pele de design ergon\u00f3mico da Birkenstock, os populares carrinhos de beb\u00e9 da Bugaboo, bem como as bolsas<a href=\"https:\/\/www.publico.pt\/2024\/04\/04\/impar\/noticia\/coach-processa-gap-vender-tshirts-palavra-coach-2085862\" rel=\"nofollow noopener\" target=\"_blank\"> Tabby da Coach<\/a>, manteve-se inabal\u00e1vel por parte dos consumidores com rendimentos mais elevados nos Estados Unidos, mesmo com as tarifas e a infla\u00e7\u00e3o a pesar nos or\u00e7amentos das fam\u00edlias.<\/p>\n<p>A Birkenstock tem vindo a aumentar os pre\u00e7os para atenuar o impacte da tarifa de 15% imposta por Donald Trump sobre as importa\u00e7\u00f5es europeias. Por exemplo, as socas Boston em pele de camur\u00e7a podem atingir os 275 d\u00f3lares (cerca de 234 euros).<\/p>\n<p>A empresa, cujas ac\u00e7\u00f5es subiram cerca de 6%, espera agora vendas de pelo menos 2,09 mil milh\u00f5es de euros, o que implica um crescimento de cerca de 17,5% nas taxas de c\u00e2mbio constantes em rela\u00e7\u00e3o ao ano passado. A marca, cotada na bolsa de Nova Iorque, tinha dito anteriormente que esperava um crescimento de receita face a 2024 entre os 15% a 17%.<\/p>\n<p>Pelo menos 520 milh\u00f5es de euros de vendas dever\u00e3o ser registados no quarto trimestre, que normalmente termina em Setembro, sin\u00f3nimo de um crescimento de 18% em rela\u00e7\u00e3o ao ano anterior para o per\u00edodo de tr\u00eas meses, detalhou a Birkenstock. Contudo, mant\u00e9m o objectivo de crescimento de 31,3% a 31,8% nos lucros ajustados antes de juros, impostos, deprecia\u00e7\u00e3o e amortiza\u00e7\u00e3o para o ano que termina a 30 de Setembro.<\/p>\n<p>A procura dos produtos ao pre\u00e7o de retalho (sem saldos) contribuiu para um lucro superior ao registado no terceiro trimestre, divulgado em Agosto. A empresa, que fabrica 95% do seu cal\u00e7ado na Alemanha (algum do restante \u00e9 <a href=\"http:\/\/publico.pt\/2023\/05\/11\/impar\/noticia\/partir-portugal-ha-conquiste-pes-mundo-sapatos-feios-2049085\" rel=\"nofollow noopener\" target=\"_blank\">produzido no Norte de Portugal<\/a>), tamb\u00e9m procurou optimizar a efici\u00eancia das f\u00e1bricas e a log\u00edstica, reduzindo os custos de produ\u00e7\u00e3o para gerir as consequ\u00eancias das tarifas.<\/p>\n<p>                &#13;<br \/>\n                    &#13;<br \/>\n                    &#13;<br \/>\n                        As socas da Birkenstock&#13;<br \/>\nToby Melville\/REUTERS                    &#13;<\/p>\n<p>Nesta quinta-feira, a marca anunciou a compra de uma nova unidade de produ\u00e7\u00e3o perto de Dresden, na Alemanha, por 18 milh\u00f5es de euros, que vai permitir aumentar a capacidade de fabrico. Prev\u00ea-se que a f\u00e1brica esteja operacional at\u00e9 ao final de 2027.<\/p>\n<p>No in\u00edcio deste ano, a Birkenstock tentou que o seu cal\u00e7ado passasse a ser protegido como objecto de arte, de forma a evitar as c\u00f3pias de que s\u00e3o habitualmente alvo, mas Supremo Tribunal da Alemanha <a href=\"https:\/\/www.publico.pt\/2025\/02\/24\/impar\/noticia\/sapatos-birkenstock-sao-objectos-arte-supremo-tribunal-alemanha-nao-2123633\" rel=\"nofollow noopener\" target=\"_blank\">n\u00e3o concordou<\/a> e rejeitou o pedido, justificando que as cria\u00e7\u00f5es n\u00e3o t\u00eam um n\u00edvel de design ou individualidade que mere\u00e7a atribuir-lhe direitos de autor.<\/p>\n","protected":false},"excerpt":{"rendered":"A fabricante alem\u00e3 de sand\u00e1lias Birkenstock elevou as expectativas para a receita do ano fiscal de 2025 e&hellip;\n","protected":false},"author":2,"featured_media":86518,"comment_status":"","ping_status":"","sticky":false,"template":"","format":"standard","meta":{"footnotes":""},"categories":[83],"tags":[1305,88,8246,89,90,708,1079,32,33],"class_list":{"0":"post-86517","1":"post","2":"type-post","3":"status-publish","4":"format-standard","5":"has-post-thumbnail","7":"category-empresas","8":"tag-alemanha","9":"tag-business","10":"tag-calcado","11":"tag-economy","12":"tag-empresas","13":"tag-impar","14":"tag-moda","15":"tag-portugal","16":"tag-pt"},"share_on_mastodon":{"url":"","error":""},"_links":{"self":[{"href":"https:\/\/www.europesays.com\/pt\/wp-json\/wp\/v2\/posts\/86517","targetHints":{"allow":["GET"]}}],"collection":[{"href":"https:\/\/www.europesays.com\/pt\/wp-json\/wp\/v2\/posts"}],"about":[{"href":"https:\/\/www.europesays.com\/pt\/wp-json\/wp\/v2\/types\/post"}],"author":[{"embeddable":true,"href":"https:\/\/www.europesays.com\/pt\/wp-json\/wp\/v2\/users\/2"}],"replies":[{"embeddable":true,"href":"https:\/\/www.europesays.com\/pt\/wp-json\/wp\/v2\/comments?post=86517"}],"version-history":[{"count":0,"href":"https:\/\/www.europesays.com\/pt\/wp-json\/wp\/v2\/posts\/86517\/revisions"}],"wp:featuredmedia":[{"embeddable":true,"href":"https:\/\/www.europesays.com\/pt\/wp-json\/wp\/v2\/media\/86518"}],"wp:attachment":[{"href":"https:\/\/www.europesays.com\/pt\/wp-json\/wp\/v2\/media?parent=86517"}],"wp:term":[{"taxonomy":"category","embeddable":true,"href":"https:\/\/www.europesays.com\/pt\/wp-json\/wp\/v2\/categories?post=86517"},{"taxonomy":"post_tag","embeddable":true,"href":"https:\/\/www.europesays.com\/pt\/wp-json\/wp\/v2\/tags?post=86517"}],"curies":[{"name":"wp","href":"https:\/\/api.w.org\/{rel}","templated":true}]}}