{"id":86519,"date":"2025-09-25T19:33:15","date_gmt":"2025-09-25T19:33:15","guid":{"rendered":"https:\/\/www.europesays.com\/pt\/86519\/"},"modified":"2025-09-25T19:33:15","modified_gmt":"2025-09-25T19:33:15","slug":"cineasta-brasileiro-que-realizou-serie-sobre-tragedia-do-chapecoense-morre-em-acidente-de-aviacao","status":"publish","type":"post","link":"https:\/\/www.europesays.com\/pt\/86519\/","title":{"rendered":"Cineasta brasileiro que realizou s\u00e9rie sobre trag\u00e9dia do Chapecoense morre em acidente de avia\u00e7\u00e3o"},"content":{"rendered":"<p>Para al\u00e9m de Luiz Fernando Feres da Cunha Ferraz, morreram tamb\u00e9m o piloto, o arquiteto chin\u00eas de renome internacional Kongjian Yu e outro passageiro, indicaram fontes oficiais.<\/p>\n<blockquote data-type=\"articles\" data-id=\"related-article-17957556\"><p>\n              <strong>Leia tamb\u00e9m <\/strong><br \/>\n              <a href=\"https:\/\/www.jn.pt\/mundo\/artigo\/arquiteto-criador-das-cidades-esponja-morre-em-acidente-aereo-no-brasil\/17957556\" rel=\"nofollow noopener\" target=\"_blank\">Arquiteto criador das &#8220;cidades-esponja&#8221; morre em acidente a\u00e9reo no Brasil<\/a>\n            <\/p><\/blockquote>\n<p data-remotead-prev-elm=\"true\" data-remotead-elm-id=\"inread\">A aeronave despenhou-se numa fazenda de uma zona rural do munic\u00edpio de Aquidauana, na regi\u00e3o do Pantanal, no estado de Mato Grosso do Sul, na fronteira com a Bol\u00edvia e o Paraguai, confirmaram os Bombeiros e a Pol\u00edcia Civil.<\/p>\n<p>As causas do acidente ainda est\u00e3o a ser investigadas.<\/p>\n<p data-remotead-prev-elm=\"true\" data-remotead-elm-id=\"centro1\">Entre os trabalhos de Luiz Fernando Feres da Cunha Ferraz destacam-se a s\u00e9rie &#8220;Dossi\u00ea Chapec\u00f3: O Jogo por Tr\u00e1s da Trag\u00e9dia&#8221;, produzida em parceria com a Pacha Films para a WBD\/HBO e nomeada ao Emmy Internacional, sobre o acidente a\u00e9reo que vitimou a equipa da Chapecoense em 2016.<\/p>\n<p>O tr\u00e1gico acidente ocorreu em novembro de 2016 quando o avi\u00e3o que transportava o Chapecoense se despenhou a 17 quil\u00f3metros do aeroporto Jos\u00e9 Mar\u00eda C\u00f3rdova, perto da cidade de Medell\u00edn, depois de ter ficado sem combust\u00edvel.<\/p>\n<p data-remotead-prev-elm=\"true\" data-remotead-elm-id=\"centro2\">A equipa estava a caminho da Col\u00f4mbia para jogar contra o Atl\u00e9tico Nacional na final da Copa Sul-Americana de 2016.<\/p>\n<p>A trag\u00e9dia provou a morte a 71 das 77 pessoas que seguiam no avi\u00e3o da companhia a\u00e9rea boliviana Lamia. Tr\u00eas futebolistas, dois membros da equipa e um jornalista sobreviveram.<\/p>\n<p data-remotead-prev-elm=\"true\" data-remotead-elm-id=\"centro3\">J\u00e1 Kongjian Yu era professor da Universidade de Pequim e diretor do est\u00fadio Turenscape, um dos maiores do mundo em arquitetura paisagista.<\/p>\n<p>O arquiteto deslocou-se ao Brasil para participar na Confer\u00eancia Internacional do Conselho de Arquitetura e Urbanismo (CAU) do Brasil 2025, realizada em Bras\u00edlia no in\u00edcio de setembro, e na semana passada esteve presente na Bienal de S\u00e3o Paulo.<\/p>\n<p data-remotead-prev-elm=\"true\" data-remotead-elm-id=\"centro4\">O arquiteto tinha viajado at\u00e9 ao Pantanal para conhecer a regi\u00e3o e para gravar material documental juntamente com cineastas brasileiros.<\/p>\n<p>Yu foi o criador do conceito das &#8220;cidades esponja&#8221;, aplicado em mais de mil projetos em 250 cidades, concebido para absorver grandes volumes de \u00e1gua e mitigar os efeitos das inunda\u00e7\u00f5es urbanas.<\/p>\n<p data-remotead-prev-elm=\"true\" data-remotead-elm-id=\"centro5\">Foi tamb\u00e9m consultor do Governo chin\u00eas e projetou obras em mais de 70 cidades.<\/p>\n","protected":false},"excerpt":{"rendered":"Para al\u00e9m de Luiz Fernando Feres da Cunha Ferraz, morreram tamb\u00e9m o piloto, o arquiteto chin\u00eas de renome&hellip;\n","protected":false},"author":2,"featured_media":86520,"comment_status":"","ping_status":"","sticky":false,"template":"","format":"standard","meta":{"footnotes":""},"categories":[50],"tags":[726,27,28,15,16,14,25,26,21,22,62,12,13,19,20,23,24,21883,17,18,29,30,31,63,64,65],"class_list":{"0":"post-86519","1":"post","2":"type-post","3":"status-publish","4":"format-standard","5":"has-post-thumbnail","7":"category-mundo","8":"tag-brasil","9":"tag-breaking-news","10":"tag-breakingnews","11":"tag-featured-news","12":"tag-featurednews","13":"tag-headlines","14":"tag-latest-news","15":"tag-latestnews","16":"tag-main-news","17":"tag-mainnews","18":"tag-mundo","19":"tag-news","20":"tag-noticias","21":"tag-noticias-principais","22":"tag-noticiasprincipais","23":"tag-principais-noticias","24":"tag-principaisnoticias","25":"tag-queda-de-aviao","26":"tag-top-stories","27":"tag-topstories","28":"tag-ultimas","29":"tag-ultimas-noticias","30":"tag-ultimasnoticias","31":"tag-world","32":"tag-world-news","33":"tag-worldnews"},"share_on_mastodon":{"url":"","error":""},"_links":{"self":[{"href":"https:\/\/www.europesays.com\/pt\/wp-json\/wp\/v2\/posts\/86519","targetHints":{"allow":["GET"]}}],"collection":[{"href":"https:\/\/www.europesays.com\/pt\/wp-json\/wp\/v2\/posts"}],"about":[{"href":"https:\/\/www.europesays.com\/pt\/wp-json\/wp\/v2\/types\/post"}],"author":[{"embeddable":true,"href":"https:\/\/www.europesays.com\/pt\/wp-json\/wp\/v2\/users\/2"}],"replies":[{"embeddable":true,"href":"https:\/\/www.europesays.com\/pt\/wp-json\/wp\/v2\/comments?post=86519"}],"version-history":[{"count":0,"href":"https:\/\/www.europesays.com\/pt\/wp-json\/wp\/v2\/posts\/86519\/revisions"}],"wp:featuredmedia":[{"embeddable":true,"href":"https:\/\/www.europesays.com\/pt\/wp-json\/wp\/v2\/media\/86520"}],"wp:attachment":[{"href":"https:\/\/www.europesays.com\/pt\/wp-json\/wp\/v2\/media?parent=86519"}],"wp:term":[{"taxonomy":"category","embeddable":true,"href":"https:\/\/www.europesays.com\/pt\/wp-json\/wp\/v2\/categories?post=86519"},{"taxonomy":"post_tag","embeddable":true,"href":"https:\/\/www.europesays.com\/pt\/wp-json\/wp\/v2\/tags?post=86519"}],"curies":[{"name":"wp","href":"https:\/\/api.w.org\/{rel}","templated":true}]}}