{"id":86525,"date":"2025-09-25T19:36:12","date_gmt":"2025-09-25T19:36:12","guid":{"rendered":"https:\/\/www.europesays.com\/pt\/86525\/"},"modified":"2025-09-25T19:36:12","modified_gmt":"2025-09-25T19:36:12","slug":"filho-de-simone-mendes-e-levado-ao-hospital-e-recebe-diagnostico","status":"publish","type":"post","link":"https:\/\/www.europesays.com\/pt\/86525\/","title":{"rendered":"Filho de Simone Mendes \u00e9 levado ao hospital e recebe diagn\u00f3stico"},"content":{"rendered":"<p>O filho da cantora\u00a0<a href=\"https:\/\/caras.com.br\/tags\/simone-mendes\" target=\"_blank\" rel=\"noopener nofollow\"><strong>Simone Mendes<\/strong><\/a> e do empres\u00e1rio\u00a0<a href=\"https:\/\/caras.com.br\/tags\/kaka-diniz\" target=\"_blank\" rel=\"noopener nofollow\"><strong>Kak\u00e1 Diniz<\/strong><\/a>,\u00a0<strong>Henry Diniz<\/strong>, de 11 anos, deu entrada em um hospital na noite desta quarta-feira, 24. O menino precisou de atendimento m\u00e9dico para tratar um quadro de gastroenterite e passa bem.<\/p>\n<p>Nos stories de seu perfil, Kak\u00e1 compartilhou uma foto do filho recebendo medica\u00e7\u00e3o no hospital e comentou que ficaria \u201coff\u201d at\u00e9 o dia seguinte. Em entrevista ao portal Leo Dias, ele deu mais detalhes sobre o caso, explicando que Henry teve uma gastroenterite e precisou de medicamentos e exames, mas que j\u00e1 est\u00e1 em casa e recuperado. \u201cGra\u00e7as a Deus\u201d, agradeceu.<\/p>\n<p> O que \u00e9 gastroenterite? <\/p>\n<p>Em recente entrevista \u00e0\u00a0<strong>CARAS Brasil, <\/strong>a\u00a0<strong data-ogsc=\"\" data-olk-copy-source=\"MessageBody\">Dra. Giovana G. De Paula<\/strong>, que exerce a profiss\u00e3o de m\u00e9dica <a href=\"https:\/\/caras.com.br\/bem-estar\/qual-o-diagnostico-enfrentado-por-ana-paula-arosio-medica-explica-provoca-disturbios.phtml\" rel=\"nofollow noopener\" target=\"_blank\">generalista na Santa Casa de Miseric\u00f3rdia de Chavantes (SP), explicou o diagn\u00f3stico.<\/a><\/p>\n<p>\u201cA gastroenterite \u00e9 a inflama\u00e7\u00e3o do revestimento do est\u00f4mago e intestinos, podendo ser causada por v\u00edrus, bact\u00e9rias, parasitas ou agentes n\u00e3o infecciosos, como toxinas e medicamentos. Ela provoca dist\u00farbios gastrointestinais comumente chamados de \u2018virose\u2019 ou \u2018gripe intestinal\u2019, apesar de n\u00e3o haver rela\u00e7\u00e3o com o v\u00edrus da gripe\u201d, pontuou.<\/p>\n<p>Segundo a especialista, a maioria dos casos \u00e9 tratada com repouso, hidrata\u00e7\u00e3o e dieta leve, n\u00e3o necessitando de hospitaliza\u00e7\u00e3o.<\/p>\n<p>\t <img loading=\"lazy\" decoding=\"async\" class=\"size-full wp-image-1009231 img-fluid lazy\" alt=\"Filho de Simone Mendes vai ao hospital - Foto: Reprodu\u00e7\u00e3o\/ Instagram @kakadiniz\" width=\"1320\" height=\"2346\" src=\"https:\/\/www.europesays.com\/pt\/wp-content\/uploads\/2025\/09\/554379347_18528115597011637_5394960732443209828_n.jpg\"  \/>Filho de Simone Mendes vai ao hospital \u2013 Foto: Reprodu\u00e7\u00e3o\/ Instagram @kakadiniz Declara\u00e7\u00e3o para o filho <\/p>\n<p>No in\u00edcio de agosto, Simone se declarou no anivers\u00e1rio de 11 anos do filho. \u201cParab\u00e9ns, meu filho querido! Hoje \u00e9 o seu dia, e o meu cora\u00e7\u00e3o transborda de amor e gratid\u00e3o a Deus por ter me dado o privil\u00e9gio de ser sua m\u00e3e. Voc\u00ea foi meu primeiro amor, meu primeiro grande presente da vida. Desde o momento em que te vi, soube que minha vida nunca mais seria a mesma.Voc\u00ea \u00e9 um menino am\u00e1vel, generoso, com um cora\u00e7\u00e3o lindo e uma alma que ilumina todos ao redor. Ver voc\u00ea crescer tem sido a maior alegria da minha exist\u00eancia. Que Deus continue guiando seus passos, protegendo seus sonhos e aben\u00e7oando cada novo caminho que voc\u00ea escolher trilhar. Nunca se esque\u00e7a do quanto \u00e9 amado e do quanto eu me orgulho de voc\u00ea. Te amo infinitamente! Feliz anivers\u00e1rio, meu amor!\u201d, escreveu.<\/p>\n<p> Filho de Simone Mendes tem choque de realidade <\/p>\n<p>Nos \u00faltimos dias, Henry Dini<a href=\"https:\/\/caras.com.br\/atualidades\/filho-de-simone-mendes-tem-choque-de-realidade-ao-saber-do-passado-pobre-da-mae.phtml\" rel=\"nofollow noopener\" target=\"_blank\">z se emocionou ao descobrir que a m\u00e3e, Simone Mendes, passou por uma inf\u00e2ncia muito humilde.<\/a> O garoto tomou consci\u00eancia da realidade dif\u00edcil da cantora durante uma din\u00e2mica de perguntas e respostas com ela.<\/p>\n<p>Na brincadeira, Henry precisava dar um passo \u00e0 frente sempre que a resposta para a pergunta feita pelo pai fosse \u201csim\u201d. Entre as quest\u00f5es estavam se tinham lanche todos os dias na escola, material escolar novo a cada ano e comida todos os dias\u2014 coisas que pareciam triviais para o menino.<\/p>\n<p>Quando percebeu que a m\u00e3e n\u00e3o deu nenhum passo para frente, Henry entendeu que Simone n\u00e3o teve essas regalias e precisou trabalhar desde cedo. Ao notar a diferen\u00e7a, o garoto se emocionou e chorou, recebendo o conforto do pai, que destacou a import\u00e2ncia de valorizar tudo o que t\u00eam.<\/p>\n<p>De origem humilde, Simone agora leva uma vida muito diferente: milion\u00e1ria, ela mora em uma mans\u00e3o, possui jatinho e outros luxos. Mesmo assim, n\u00e3o deixa de valorizar quem trabalha com ela. Segundo o Portal Leo Dias, a cantora j\u00e1 presenteou seu motorista de longa data com um carro, deu uma casa \u00e0 cozinheira Helo\u00edsa, que trabalha com ela h\u00e1 mais de 15 anos, e surpreendeu a bab\u00e1 de seus filhos, Zaya e Henry, com um iPhone de \u00faltima gera\u00e7\u00e3o.<\/p>\n<p>Leia tamb\u00e9m: <a href=\"https:\/\/caras.com.br\/datas-especiais\/marido-de-simone-mendes-se-derrete-com-homenagem-da-cantora-nada-pedir.phtml\" rel=\"nofollow noopener\" target=\"_blank\">Marido de Simone Mendes se derrete com homenagem da cantora: \u2018Nada a pedir\u2019<\/a><\/p>\n<blockquote class=\"instagram-media\" style=\"background: #FFF; border: 0; border-radius: 3px; box-shadow: 0 0 1px 0 rgba(0,0,0,0.5),0 1px 10px 0 rgba(0,0,0,0.15); margin: 1px; max-width: 540px; min-width: 326px; padding: 0; width: calc(100% - 2px);\" data-instgrm-captioned=\"\" data-instgrm-permalink=\"https:\/\/www.instagram.com\/reel\/DOr9zFBjVfx\/?utm_source=ig_embed&amp;utm_campaign=loading\" data-instgrm-version=\"14\"><\/blockquote>\n<p>        <a href=\"https:\/\/caras.com.br\/autor\/juliana-dracz\" rel=\"nofollow noopener\" target=\"_blank\">&#13;<br \/>\n          <img loading=\"lazy\" decoding=\"async\" alt=\"Juliana Dracz\" src=\"https:\/\/www.europesays.com\/pt\/wp-content\/uploads\/2025\/09\/436551461_2434711450057729_5105646040807821088_n_sqmd.png\" class=\"avatar avatar-115 photo rounded-circle\" height=\"115\" width=\"115\"\/>        <\/a><\/p>\n<p><strong>\u00a0Juliana Dracz<\/strong> \u00e9 rep\u00f3rter de conte\u00fado do site CARAS. Formada em jornalismo pela Universidade Cat\u00f3lica de Bras\u00edlia, j\u00e1 passou por sites como Observat\u00f3rio da TV e Leo Dias. Escreve sobre novelas, celebridades e TV.<\/p>\n<ul class=\"terms-list post_tag list-inline\">\n<li class=\"kaka-diniz list-inline-item\">\n\t\t\t\t\t<a href=\"https:\/\/caras.com.br\/tags\/kaka-diniz\" class=\"item-category\" rel=\"nofollow noopener\" target=\"_blank\">Kak\u00e1 Diniz<\/a>\n\t\t\t\t<\/li>\n<li class=\"simone-mendes list-inline-item\">\n\t\t\t\t\t<a href=\"https:\/\/caras.com.br\/tags\/simone-mendes\" class=\"item-category\" rel=\"nofollow noopener\" target=\"_blank\">Simone Mendes<\/a>\n\t\t\t\t<\/li>\n<\/ul>\n<p>\t                                            <script async src=\"\/\/www.instagram.com\/embed.js\"><\/script><\/p>\n","protected":false},"excerpt":{"rendered":"O filho da cantora\u00a0Simone Mendes e do empres\u00e1rio\u00a0Kak\u00e1 Diniz,\u00a0Henry Diniz, de 11 anos, deu entrada em um hospital&hellip;\n","protected":false},"author":2,"featured_media":86526,"comment_status":"","ping_status":"","sticky":false,"template":"","format":"standard","meta":{"footnotes":""},"categories":[145],"tags":[211,210,114,115,21884,32,33,6788],"class_list":{"0":"post-86525","1":"post","2":"type-post","3":"status-publish","4":"format-standard","5":"has-post-thumbnail","7":"category-celebridades","8":"tag-celebridades","9":"tag-celebrities","10":"tag-entertainment","11":"tag-entretenimento","12":"tag-kaka-diniz","13":"tag-portugal","14":"tag-pt","15":"tag-simone-mendes"},"share_on_mastodon":{"url":"","error":""},"_links":{"self":[{"href":"https:\/\/www.europesays.com\/pt\/wp-json\/wp\/v2\/posts\/86525","targetHints":{"allow":["GET"]}}],"collection":[{"href":"https:\/\/www.europesays.com\/pt\/wp-json\/wp\/v2\/posts"}],"about":[{"href":"https:\/\/www.europesays.com\/pt\/wp-json\/wp\/v2\/types\/post"}],"author":[{"embeddable":true,"href":"https:\/\/www.europesays.com\/pt\/wp-json\/wp\/v2\/users\/2"}],"replies":[{"embeddable":true,"href":"https:\/\/www.europesays.com\/pt\/wp-json\/wp\/v2\/comments?post=86525"}],"version-history":[{"count":0,"href":"https:\/\/www.europesays.com\/pt\/wp-json\/wp\/v2\/posts\/86525\/revisions"}],"wp:featuredmedia":[{"embeddable":true,"href":"https:\/\/www.europesays.com\/pt\/wp-json\/wp\/v2\/media\/86526"}],"wp:attachment":[{"href":"https:\/\/www.europesays.com\/pt\/wp-json\/wp\/v2\/media?parent=86525"}],"wp:term":[{"taxonomy":"category","embeddable":true,"href":"https:\/\/www.europesays.com\/pt\/wp-json\/wp\/v2\/categories?post=86525"},{"taxonomy":"post_tag","embeddable":true,"href":"https:\/\/www.europesays.com\/pt\/wp-json\/wp\/v2\/tags?post=86525"}],"curies":[{"name":"wp","href":"https:\/\/api.w.org\/{rel}","templated":true}]}}