{"id":86531,"date":"2025-09-25T19:39:08","date_gmt":"2025-09-25T19:39:08","guid":{"rendered":"https:\/\/www.europesays.com\/pt\/86531\/"},"modified":"2025-09-25T19:39:08","modified_gmt":"2025-09-25T19:39:08","slug":"popularidade-do-secret-story-dois-concorrentes-tem-queda-vertiginosa-e-os-frescos-lideram-secret-story","status":"publish","type":"post","link":"https:\/\/www.europesays.com\/pt\/86531\/","title":{"rendered":"Popularidade do Secret Story: Dois concorrentes t\u00eam queda vertiginosa. E os \u00abfrescos lideram\u00bb &#8211; Secret Story"},"content":{"rendered":"<p>Foi revelado esta quinta-feira o segundo Ranking de Popularidade do Secret Story &#8211; Casa dos Segredos 9 e h\u00e1 mudan\u00e7as surpreendentes face ao primeiro, nomeadamente a descida vertiginosa de dois concorrentes na tabela.\u00a0<\/p>\n<p>Falamos de Dylan e Liliana. Ele desceu do primeiro lugar do ranking na semana passada para o 12\u00ba esta semana. J\u00e1 ela, passou do quarto lugar para o pen\u00faltimo esta semana, ficando apenas acima de F\u00e1bio, em \u00faltimo lugar, de quem Liliana esteve muito pr\u00f3xima desde que o programa come\u00e7ou.\u00a0<\/p>\n<blockquote class=\"instagram-media\" data-instgrm-captioned=\"\" data-instgrm-permalink=\"https:\/\/www.instagram.com\/p\/DPBfLRojCik\/?utm_source=ig_embed&amp;utm_campaign=loading\" data-instgrm-version=\"14\" style=\" background:#FFF; border:0; border-radius:3px; box-shadow:0 0 1px 0 rgba(0,0,0,0.5),0 1px 10px 0 rgba(0,0,0,0.15); margin: 1px; max-width:540px; min-width:326px; padding:0; width:99.375%; width:-webkit-calc(100% - 2px); width:calc(100% - 2px);\">\n<\/blockquote>\n<p>\u00a0<\/p>\n<p>Por outro lado, houve uma concorrente que registou uma subida significativa da semana passada para esta: Marisa estava em nono lugar e passou agora para o primeiro lugar da tabela. Da mesma forma, Marisa Susana subiu da 19\u00aa posi\u00e7\u00e3o para a nona.\u00a0<\/p>\n<p>Fazendo ent\u00e3o um resumo das principais posi\u00e7\u00f5es: Marisa ocupa o primeiro lugar do ranking com 84% de aprova\u00e7\u00e3o contra apenas 16% de reprova\u00e7\u00e3o. Para completar o p\u00f3dio temos o marido Pedro em segundo lugar e Rui em terceiro.\u00a0<\/p>\n<p>No sentido oposto, F\u00e1bio ocupa ent\u00e3o a \u00faltima posi\u00e7\u00e3o do ranking com 84% de reprova\u00e7\u00e3o contra apenas 16% de aprova\u00e7\u00e3o. Liliana est\u00e1 em pen\u00faltimo lugar e logo acima temos L\u00eddia e Vera.\u00a0<\/p>\n<p>Na caixa de coment\u00e1rios da partilha no Instagram do Secret Story, h\u00e1 quem destaque que o grupo do gangue dos frescos &#8211; do qual fazem parte Marisa e Pedro e cujo l\u00edder \u00e9 Leandro &#8211; est\u00e1 na lideran\u00e7a, contra o os reis da treta, que inclui F\u00e1bio Liliana e Dylan.\u00a0<\/p>\n<p><strong>Veja o ranking completo:<\/strong><\/p>\n<p>1\u00ba Marisa<\/p>\n<p>2\u00ba Pedro<\/p>\n<p>3\u00ba Rui<\/p>\n<p>4\u00ba Bruno<\/p>\n<p>5\u00ba Leandro<\/p>\n<p>6\u00ba In\u00eas<\/p>\n<p>7\u00ba Mariana<\/p>\n<p>8\u00ba Raquel<\/p>\n<p>9\u00ba Marisa Susana<\/p>\n<p>10\u00ba Bruna<\/p>\n<p>11\u00ba Joana<\/p>\n<p>12\u00ba Dylan<\/p>\n<p>13\u00ba Ana Cristina<\/p>\n<p>14\u00ba Sandro<\/p>\n<p>15\u00ba Ana<\/p>\n<p>16\u00ba Carina<\/p>\n<p>17\u00ba Vera<\/p>\n<p>18\u00ba L\u00eddia<\/p>\n<p>19\u00ba Liliana<\/p>\n<p>20\u00ba F\u00e1bio<\/p>\n<p>\u00a0<\/p>\n<p>                        <script async src=\"\/\/www.instagram.com\/embed.js\"><\/script><\/p>\n","protected":false},"excerpt":{"rendered":"Foi revelado esta quinta-feira o segundo Ranking de Popularidade do Secret Story &#8211; Casa dos Segredos 9 e&hellip;\n","protected":false},"author":2,"featured_media":86532,"comment_status":"","ping_status":"","sticky":false,"template":"","format":"standard","meta":{"footnotes":""},"categories":[142],"tags":[8113,2632,329,333,328,335,336,19105,114,115,334,330,19016,1326,338,19184,19019,13,14646,21889,32,33,1315,8174,151,162,19020,227],"class_list":{"0":"post-86531","1":"post","2":"type-post","3":"status-publish","4":"format-standard","5":"has-post-thumbnail","7":"category-tv","8":"tag-alice-alves","9":"tag-casa-dos-segredos","10":"tag-claudio-ramos","11":"tag-comentadores","12":"tag-concorrentes","13":"tag-confrontos","14":"tag-discussoes","15":"tag-dylan","16":"tag-entertainment","17":"tag-entretenimento","18":"tag-exclusivos","19":"tag-gala","20":"tag-liliana","21":"tag-mafalda-castro","22":"tag-maria-botelho-moniz","23":"tag-marisa","24":"tag-marta-cardoso","25":"tag-noticias","26":"tag-pedro","27":"tag-popularidade","28":"tag-portugal","29":"tag-pt","30":"tag-secret-story","31":"tag-segredos","32":"tag-tv","33":"tag-tvi","34":"tag-video-do-dia","35":"tag-videos"},"share_on_mastodon":{"url":"","error":""},"_links":{"self":[{"href":"https:\/\/www.europesays.com\/pt\/wp-json\/wp\/v2\/posts\/86531","targetHints":{"allow":["GET"]}}],"collection":[{"href":"https:\/\/www.europesays.com\/pt\/wp-json\/wp\/v2\/posts"}],"about":[{"href":"https:\/\/www.europesays.com\/pt\/wp-json\/wp\/v2\/types\/post"}],"author":[{"embeddable":true,"href":"https:\/\/www.europesays.com\/pt\/wp-json\/wp\/v2\/users\/2"}],"replies":[{"embeddable":true,"href":"https:\/\/www.europesays.com\/pt\/wp-json\/wp\/v2\/comments?post=86531"}],"version-history":[{"count":0,"href":"https:\/\/www.europesays.com\/pt\/wp-json\/wp\/v2\/posts\/86531\/revisions"}],"wp:featuredmedia":[{"embeddable":true,"href":"https:\/\/www.europesays.com\/pt\/wp-json\/wp\/v2\/media\/86532"}],"wp:attachment":[{"href":"https:\/\/www.europesays.com\/pt\/wp-json\/wp\/v2\/media?parent=86531"}],"wp:term":[{"taxonomy":"category","embeddable":true,"href":"https:\/\/www.europesays.com\/pt\/wp-json\/wp\/v2\/categories?post=86531"},{"taxonomy":"post_tag","embeddable":true,"href":"https:\/\/www.europesays.com\/pt\/wp-json\/wp\/v2\/tags?post=86531"}],"curies":[{"name":"wp","href":"https:\/\/api.w.org\/{rel}","templated":true}]}}