{"id":86543,"date":"2025-09-25T19:47:08","date_gmt":"2025-09-25T19:47:08","guid":{"rendered":"https:\/\/www.europesays.com\/pt\/86543\/"},"modified":"2025-09-25T19:47:08","modified_gmt":"2025-09-25T19:47:08","slug":"cacas-dos-eua-intercetam-avioes-russos-perto-do-alaska-observador","status":"publish","type":"post","link":"https:\/\/www.europesays.com\/pt\/86543\/","title":{"rendered":"Ca\u00e7as dos EUA intercetam avi\u00f5es russos perto do Alaska \u2013 Observador"},"content":{"rendered":"<p>V\u00e1rios avi\u00f5es norte-americanos, incluindo quatro ca\u00e7as, intercetaram, esta quarta-feira, avi\u00f5es de guerra russos que sobrevoavam uma zona perto do espa\u00e7o a\u00e9reo do Alaska, um estado norte-americano, escreve a\u00a0<a href=\"https:\/\/www.cbsnews.com\/news\/russia-planes-alaska-us-fighter-jets-intercept-bomber-fighter-jets-adiz\/\" rel=\"nofollow noopener\" target=\"_blank\">CBS<\/a>, citando o\u00a0Comando de Defesa Aeroespacial da Am\u00e9rica do Norte (NORAD).<\/p>\n<p>Ao todo, foram intercetados quatro avi\u00f5es de guerra russos, nomeadamente dois bombardeiros estrat\u00e9gicos russos Tu-95 e dois ca\u00e7as Su-35, que voavam na Zona de Identifica\u00e7\u00e3o de Defesa A\u00e9rea do Alasca, fora do espa\u00e7o a\u00e9reo norte-americano.<\/p>\n<p>Quando detetou as aeronaves, o NORAD enviou um avi\u00e3o de reconhecimento e alerta E-3, juntamente com quatro F-16s e quatro avi\u00f5es-tanque KC-135, \u201cpara identificar e intercetar\u201d as aeronaves russas. Neste contexto, a interce\u00e7\u00e3o significa que uma aeronave aproxima-se de outra, com ordens para investigar, identificar ou interagir com os seus tripulantes \u2014\u00a0 normalmente acontece em casos de viola\u00e7\u00e3o do espa\u00e7o a\u00e9reo ou quando uma aeronave est\u00e1 a agir de forma suspeita.<\/p>\n<p>Em comunicado, o NORAD esclarece que a atividade militar russa nesta zona pr\u00f3xima do Alaska \u00e9 comum e n\u00e3o \u00e9 considerada uma amea\u00e7a. O secret\u00e1rio-geral da NATO, Mark Rutte, disse que os pa\u00edses da alian\u00e7a atl\u00e2ntica poder\u00e3o abater drones e avi\u00f5es russos se for necess\u00e1rio.<\/p>\n<p>\u201cSe for necess\u00e1rio. Concordo totalmente com o presidente Trump: se for necess\u00e1rio\u201d, disse Rutte, citado pela\u00a0<a href=\"https:\/\/www.reuters.com\/business\/aerospace-defense\/natos-rutte-members-can-target-russian-aircraft-entering-nato-space-when-2025-09-25\/\" rel=\"nofollow noopener\" target=\"_blank\">Reuters<\/a>, em entrevista no programa \u201cFox &amp; Friends\u201d da Fox News, quando questionado sobre se concordava com as palavras do presidente norte-americano \u2014 que tinha defendido que os pa\u00edses da NATO deveriam abater os avi\u00f5es e drones russos que violassem os seus espa\u00e7os a\u00e9reos.<\/p>\n","protected":false},"excerpt":{"rendered":"V\u00e1rios avi\u00f5es norte-americanos, incluindo quatro ca\u00e7as, intercetaram, esta quarta-feira, avi\u00f5es de guerra russos que sobrevoavam uma zona perto&hellip;\n","protected":false},"author":2,"featured_media":86544,"comment_status":"","ping_status":"","sticky":false,"template":"","format":"standard","meta":{"footnotes":""},"categories":[50],"tags":[624,27,28,623,15,16,14,25,26,21,22,62,3400,12,13,19,20,23,24,17,18,29,30,31,63,64,65],"class_list":{"0":"post-86543","1":"post","2":"type-post","3":"status-publish","4":"format-standard","5":"has-post-thumbnail","7":"category-mundo","8":"tag-amu00e9rica","9":"tag-breaking-news","10":"tag-breakingnews","11":"tag-estados-unidos-da-amu00e9rica","12":"tag-featured-news","13":"tag-featurednews","14":"tag-headlines","15":"tag-latest-news","16":"tag-latestnews","17":"tag-main-news","18":"tag-mainnews","19":"tag-mundo","20":"tag-nato","21":"tag-news","22":"tag-noticias","23":"tag-noticias-principais","24":"tag-noticiasprincipais","25":"tag-principais-noticias","26":"tag-principaisnoticias","27":"tag-top-stories","28":"tag-topstories","29":"tag-ultimas","30":"tag-ultimas-noticias","31":"tag-ultimasnoticias","32":"tag-world","33":"tag-world-news","34":"tag-worldnews"},"share_on_mastodon":{"url":"","error":""},"_links":{"self":[{"href":"https:\/\/www.europesays.com\/pt\/wp-json\/wp\/v2\/posts\/86543","targetHints":{"allow":["GET"]}}],"collection":[{"href":"https:\/\/www.europesays.com\/pt\/wp-json\/wp\/v2\/posts"}],"about":[{"href":"https:\/\/www.europesays.com\/pt\/wp-json\/wp\/v2\/types\/post"}],"author":[{"embeddable":true,"href":"https:\/\/www.europesays.com\/pt\/wp-json\/wp\/v2\/users\/2"}],"replies":[{"embeddable":true,"href":"https:\/\/www.europesays.com\/pt\/wp-json\/wp\/v2\/comments?post=86543"}],"version-history":[{"count":0,"href":"https:\/\/www.europesays.com\/pt\/wp-json\/wp\/v2\/posts\/86543\/revisions"}],"wp:featuredmedia":[{"embeddable":true,"href":"https:\/\/www.europesays.com\/pt\/wp-json\/wp\/v2\/media\/86544"}],"wp:attachment":[{"href":"https:\/\/www.europesays.com\/pt\/wp-json\/wp\/v2\/media?parent=86543"}],"wp:term":[{"taxonomy":"category","embeddable":true,"href":"https:\/\/www.europesays.com\/pt\/wp-json\/wp\/v2\/categories?post=86543"},{"taxonomy":"post_tag","embeddable":true,"href":"https:\/\/www.europesays.com\/pt\/wp-json\/wp\/v2\/tags?post=86543"}],"curies":[{"name":"wp","href":"https:\/\/api.w.org\/{rel}","templated":true}]}}