{"id":86551,"date":"2025-09-25T19:54:08","date_gmt":"2025-09-25T19:54:08","guid":{"rendered":"https:\/\/www.europesays.com\/pt\/86551\/"},"modified":"2025-09-25T19:54:08","modified_gmt":"2025-09-25T19:54:08","slug":"dylan-com-ciumes-de-vera-e-bruno-e-inevitavel-nao-ver-os-olhares-secret-story","status":"publish","type":"post","link":"https:\/\/www.europesays.com\/pt\/86551\/","title":{"rendered":"Dylan com ci\u00fames de Vera&#8230; e Bruno: \u00ab\u00c9 inevit\u00e1vel n\u00e3o ver os olhares\u00bb &#8211; Secret Story"},"content":{"rendered":"<p>No Secret Story 9, Dylan e Vera conversa sobre a rela\u00e7\u00e3o de ambos. O concorrente mostra-se com ci\u00fames de Bruno. Veja a conversa.<\/p>\n<p>Esta semana, h\u00e1 cinco concorrentes em risco de abandonarem o Secret Story 9. Vote no seu concorrente preferido para salvar:<\/p>\n<p>CARINA \u2013 761 20 20 06<br \/>F\u00c1BIO \u2013 761 20 20 08<br \/>IN\u00caS \u2013 761 20 20 10<br \/>LEANDRO \u2013 761 20 20 12<br \/>LILIANA \u2013 761 20 20 14<\/p>\n<p><a href=\"https:\/\/tvi.iol.pt\/secretstory\/aominuto\" rel=\"nofollow noopener\" target=\"_blank\">Acompanhe aqui tudo o que se passa na casa mais vigiada do pa\u00eds<\/a><\/p>\n","protected":false},"excerpt":{"rendered":"No Secret Story 9, Dylan e Vera conversa sobre a rela\u00e7\u00e3o de ambos. O concorrente mostra-se com ci\u00fames&hellip;\n","protected":false},"author":2,"featured_media":86552,"comment_status":"","ping_status":"","sticky":false,"template":"","format":"standard","meta":{"footnotes":""},"categories":[142],"tags":[19105,114,115,18800,32,33,151,162,11841,18801],"class_list":{"0":"post-86551","1":"post","2":"type-post","3":"status-publish","4":"format-standard","5":"has-post-thumbnail","7":"category-tv","8":"tag-dylan","9":"tag-entertainment","10":"tag-entretenimento","11":"tag-momentos-virais-secret-story","12":"tag-portugal","13":"tag-pt","14":"tag-tv","15":"tag-tvi","16":"tag-vera","17":"tag-videos-virais-concorrentes"},"share_on_mastodon":{"url":"","error":""},"_links":{"self":[{"href":"https:\/\/www.europesays.com\/pt\/wp-json\/wp\/v2\/posts\/86551","targetHints":{"allow":["GET"]}}],"collection":[{"href":"https:\/\/www.europesays.com\/pt\/wp-json\/wp\/v2\/posts"}],"about":[{"href":"https:\/\/www.europesays.com\/pt\/wp-json\/wp\/v2\/types\/post"}],"author":[{"embeddable":true,"href":"https:\/\/www.europesays.com\/pt\/wp-json\/wp\/v2\/users\/2"}],"replies":[{"embeddable":true,"href":"https:\/\/www.europesays.com\/pt\/wp-json\/wp\/v2\/comments?post=86551"}],"version-history":[{"count":0,"href":"https:\/\/www.europesays.com\/pt\/wp-json\/wp\/v2\/posts\/86551\/revisions"}],"wp:featuredmedia":[{"embeddable":true,"href":"https:\/\/www.europesays.com\/pt\/wp-json\/wp\/v2\/media\/86552"}],"wp:attachment":[{"href":"https:\/\/www.europesays.com\/pt\/wp-json\/wp\/v2\/media?parent=86551"}],"wp:term":[{"taxonomy":"category","embeddable":true,"href":"https:\/\/www.europesays.com\/pt\/wp-json\/wp\/v2\/categories?post=86551"},{"taxonomy":"post_tag","embeddable":true,"href":"https:\/\/www.europesays.com\/pt\/wp-json\/wp\/v2\/tags?post=86551"}],"curies":[{"name":"wp","href":"https:\/\/api.w.org\/{rel}","templated":true}]}}