{"id":86561,"date":"2025-09-25T20:02:23","date_gmt":"2025-09-25T20:02:23","guid":{"rendered":"https:\/\/www.europesays.com\/pt\/86561\/"},"modified":"2025-09-25T20:02:23","modified_gmt":"2025-09-25T20:02:23","slug":"portugal-e-o-unico-pais-da-europa-onde-os-drones-russos-nao-chegam","status":"publish","type":"post","link":"https:\/\/www.europesays.com\/pt\/86561\/","title":{"rendered":"Portugal \u00e9 o \u00fanico pa\u00eds da Europa onde os drones russos n\u00e3o chegam"},"content":{"rendered":"<p><img decoding=\"async\" loading=\"lazy\" class=\"wp-image-702251 size-kopa-image-size-3\" src=\"https:\/\/www.europesays.com\/pt\/wp-content\/uploads\/2025\/09\/c4ca4238a0b923820dcc509a6f75849b-23-783x450.jpg\" alt=\"\" width=\"700\" height=\"402\"  \/><\/p>\n<p class=\"wp-caption-text bot\">Alcance dos drones disparados da ponta mais oeste dos territ\u00f3rios controlados pela R\u00fassia<\/p>\n<p><strong>Nem passam a fronteira \u2014 drones russos s\u00e3o eficazes, mas nunca para atacar a capital portuguesa. \u00c1rea de alcance s\u00f3 vai at\u00e9 \u00e0 Galiza.<\/strong><\/p>\n<p>A capacidade dos drones russos de percorrer longas dist\u00e2ncias \u00e9 uma amea\u00e7a \u00e0 escala europeia. S\u00f3 Portugal \u2014 \u00e0 exce\u00e7\u00e3o de uma <strong>pontinha de Bragan\u00e7a<\/strong> que ainda poderia ouvir as explos\u00f5es \u2014 n\u00e3o precisa de se preocupar com ela.<\/p>\n<p>De acordo com a Intelig\u00eancia de Defesa da Ucr\u00e2nia (HUR), o alcance de voo dos drones Geran-2 (os mesmos que sobrevoaram a Pol\u00f3nia este m\u00eas) situa-se entre <strong>1.800 e 2.500 km<\/strong>, descreve a <a href=\"https:\/\/newsukraine.rbc.ua\/news\/russian-drones-can-strike-almost-every-eu-1758630580.html\" data-wpel-link=\"external\" target=\"_blank\" rel=\"nofollow external noopener noreferrer\" class=\"ext-link\">RBC<\/a>.<\/p>\n<p>Se lan\u00e7ados a partir de Kaliningrado ou at\u00e9 mesmo da Bielor\u00fassia, pa\u00eds sob influ\u00eancia russa, o m\u00e1ximo onde chegam os drones russos \u00e9 \u00e0 ponta superior direita portuguesa \u2014 <strong>com custo, atacam Madrid, mas nunca Lisboa.<\/strong><\/p>\n<p>Se o alcance dos Geran-2 atingir 2.500 km,<strong> todo o Reino Unido<\/strong>, <strong>It\u00e1lia<\/strong> e uma parte significativa de <strong>Fran\u00e7a<\/strong> ficam tamb\u00e9m dentro da zona de ataque, bem como a capital espanhola. Metade da <strong>Galiza<\/strong> poderia tamb\u00e9m ser afetada, mas o sul de Espanha ficaria inalcan\u00e7\u00e1vel.<\/p>\n<p>De acordo com o <a href=\"https:\/\/defence-ua.com\/army_and_war\/na_skilki_daleko_rf_mozhe_biti_po_jevropi_shahedami_i_chomu_gotovim_treba_bude_navit_ispaniji-20306.html\" data-wpel-link=\"external\" target=\"_blank\" rel=\"nofollow external noopener noreferrer\" class=\"ext-link\">Defence Express,<\/a> os meios dispon\u00edveis aos pa\u00edses europeus para destruir essas amea\u00e7as s\u00e3o, neste momento, centenas de vezes mais caros, o que pode deixar a NATO em alerta.<\/p>\n<p>Por\u00e9m, neste \u201cjardim \u00e0 beira-mar plantado\u201d, a amea\u00e7a ainda \u00e9 abstrata. Por agora, como conta o <a href=\"https:\/\/youtu.be\/QJMa6m2YFNk\" data-wpel-link=\"external\" target=\"_blank\" rel=\"nofollow external noopener noreferrer\" class=\"ext-link\">filme<\/a>, \u201ca oeste nada de novo\u201d.<\/p>\n<p style=\"padding-left: 25px; margin-bottom: 10; font-family: Roboto, Arial, Helvetica, sans-serif; font-size: 15px\">&#13;<br \/>\n        Carolina Bastos Pereira, ZAP \/\/ <a href=\"\" data-wpel-link=\"internal\"\/>&#13;\n    <\/p>\n<p>    <a href=\"https:\/\/zap.aeiou.pt\/subscrever-newsletter\" data-wpel-link=\"internal\" rel=\"nofollow noopener\" target=\"_blank\">&#13;<br \/>\n        <img loading=\"lazy\" decoding=\"async\" class=\"aligncenter size-full wp-image-575475\" src=\"https:\/\/www.europesays.com\/pt\/wp-content\/uploads\/2025\/09\/1758473009_679_2d51fe4a0ba54894421ead1809309ed9-1-450x140.jpg\" alt=\"Subscreva a Newsletter ZAP\" width=\"450\" height=\"140\"\/>&#13;<br \/>\n    <\/a><\/p>\n<p>                <a href=\"https:\/\/whatsapp.com\/channel\/0029VaIC4EE2f3EJZPPSbR34\" data-wpel-link=\"external\" target=\"_blank\" rel=\"nofollow external noopener noreferrer\" class=\"ext-link\">&#13;<br \/>\n                    <img loading=\"lazy\" decoding=\"async\" class=\"aligncenter size-full wp-image-575475\" src=\"https:\/\/www.europesays.com\/pt\/wp-content\/uploads\/2025\/09\/1758473009_524_c68c559d956d4ca20f435ed74a6e71e6.png\" alt=\"Siga-nos no WhatsApp\" width=\"175\" height=\"64\"\/>&#13;<br \/>\n                <\/a><\/p>\n<p>                <a href=\"https:\/\/news.google.com\/publications\/CAAiEHRwZondIV71PDjWNoqMduEqFAgKIhB0cGaJ3SFe9Tw41jaKjHbh?hl=en-US&amp;gl=US&amp;ceid=US%3Aen\" data-wpel-link=\"external\" target=\"_blank\" rel=\"nofollow external noopener noreferrer\" class=\"ext-link\">&#13;<br \/>\n                    <img loading=\"lazy\" decoding=\"async\" class=\"aligncenter size-full wp-image-575475\" src=\"https:\/\/www.europesays.com\/pt\/wp-content\/uploads\/2025\/09\/1758473010_545_5123dd8b087b644fdb8f8603acd1bad4.png\" alt=\"Siga-nos no Google News\" width=\"176\" height=\"64\"\/>&#13;<br \/>\n                <\/a><\/p>\n","protected":false},"excerpt":{"rendered":"Alcance dos drones disparados da ponta mais oeste dos territ\u00f3rios controlados pela R\u00fassia Nem passam a fronteira \u2014&hellip;\n","protected":false},"author":2,"featured_media":86562,"comment_status":"","ping_status":"","sticky":false,"template":"","format":"standard","meta":{"footnotes":""},"categories":[50],"tags":[27,28,269,2537,837,15,16,830,14,25,26,797,21,22,62,12,13,19,20,32,23,24,839,17,18,29,30,31,63,64,65],"class_list":{"0":"post-86561","1":"post","2":"type-post","3":"status-publish","4":"format-standard","5":"has-post-thumbnail","7":"category-mundo","8":"tag-breaking-news","9":"tag-breakingnews","10":"tag-capa","11":"tag-defesa","12":"tag-drones","13":"tag-featured-news","14":"tag-featurednews","15":"tag-guerra","16":"tag-headlines","17":"tag-latest-news","18":"tag-latestnews","19":"tag-lisboa","20":"tag-main-news","21":"tag-mainnews","22":"tag-mundo","23":"tag-news","24":"tag-noticias","25":"tag-noticias-principais","26":"tag-noticiasprincipais","27":"tag-portugal","28":"tag-principais-noticias","29":"tag-principaisnoticias","30":"tag-russia","31":"tag-top-stories","32":"tag-topstories","33":"tag-ultimas","34":"tag-ultimas-noticias","35":"tag-ultimasnoticias","36":"tag-world","37":"tag-world-news","38":"tag-worldnews"},"share_on_mastodon":{"url":"","error":""},"_links":{"self":[{"href":"https:\/\/www.europesays.com\/pt\/wp-json\/wp\/v2\/posts\/86561","targetHints":{"allow":["GET"]}}],"collection":[{"href":"https:\/\/www.europesays.com\/pt\/wp-json\/wp\/v2\/posts"}],"about":[{"href":"https:\/\/www.europesays.com\/pt\/wp-json\/wp\/v2\/types\/post"}],"author":[{"embeddable":true,"href":"https:\/\/www.europesays.com\/pt\/wp-json\/wp\/v2\/users\/2"}],"replies":[{"embeddable":true,"href":"https:\/\/www.europesays.com\/pt\/wp-json\/wp\/v2\/comments?post=86561"}],"version-history":[{"count":0,"href":"https:\/\/www.europesays.com\/pt\/wp-json\/wp\/v2\/posts\/86561\/revisions"}],"wp:featuredmedia":[{"embeddable":true,"href":"https:\/\/www.europesays.com\/pt\/wp-json\/wp\/v2\/media\/86562"}],"wp:attachment":[{"href":"https:\/\/www.europesays.com\/pt\/wp-json\/wp\/v2\/media?parent=86561"}],"wp:term":[{"taxonomy":"category","embeddable":true,"href":"https:\/\/www.europesays.com\/pt\/wp-json\/wp\/v2\/categories?post=86561"},{"taxonomy":"post_tag","embeddable":true,"href":"https:\/\/www.europesays.com\/pt\/wp-json\/wp\/v2\/tags?post=86561"}],"curies":[{"name":"wp","href":"https:\/\/api.w.org\/{rel}","templated":true}]}}