{"id":86577,"date":"2025-09-25T20:16:54","date_gmt":"2025-09-25T20:16:54","guid":{"rendered":"https:\/\/www.europesays.com\/pt\/86577\/"},"modified":"2025-09-25T20:16:54","modified_gmt":"2025-09-25T20:16:54","slug":"primeira-loja-fisica-druni-em-portugal-ja-abriu-e-representou-investimento-de-um-milhao","status":"publish","type":"post","link":"https:\/\/www.europesays.com\/pt\/86577\/","title":{"rendered":"Primeira loja f\u00edsica Druni em Portugal j\u00e1 abriu e representou investimento de um milh\u00e3o"},"content":{"rendered":"<p>        A abertura desta primeira loja Druni em Portugal representa um investimento de um milh\u00e3o de euros e permitiu criar 12 novos postos de trabalho. O plano de expans\u00e3o em Portugal prev\u00ea a abertura de quatro lojas at\u00e9 ao final de 2025, com o objetivo de atingir uma rede nacional de mais de 25 lojas at\u00e9 2028.    <\/p>\n<p>A Druni, empresa l\u00edder no setor de perfumaria e cosm\u00e9tica em Espanha, inaugurou a sua primeira loja em Portugal, localizada no Pen\u00ednsula Boutique Center, no Porto.<\/p>\n<p>Esta abertura representa um investimento de um milh\u00e3o de euros e permitiu criar 12 novos postos de trabalho.\u00a0O plano de expans\u00e3o da Druni em Portugal prev\u00ea a abertura de quatro lojas at\u00e9 ao final de 2025, com o objetivo de atingir uma rede nacional de mais de 25 lojas at\u00e9 2028.<\/p>\n<p>\u201cA entrada no mercado portugu\u00eas representa um passo estrat\u00e9gico na sua expans\u00e3o internacional, com o objetivo de levar o seu conceito de sucesso a novos consumidores, ampliar a presen\u00e7a da marca em mercados de proximidade e refor\u00e7ar a sua posi\u00e7\u00e3o competitiva face a outras cadeias internacionais, num mercado cada vez mais globalizado\u201d, refere a empresa.<\/p>\n<p>\u201cPortugal representa um mercado din\u00e2mico e em crescimento, com forte afinidade cultural e de consumo com Espanha\u201d, segundo o comunicado.<\/p>\n<p>Esta abertura surge depois do lan\u00e7amento do canal online Druni em Portugal, ocorrido no final de 2024, e permitir\u00e1 potenciar sinergias entre o retalho f\u00edsico e o com\u00e9rcio digital, segmento que regista uma penetra\u00e7\u00e3o crescente nas vendas totais da empresa l\u00edder em Espanha.<\/p>\n<p>\u201cEste passo reflete o nosso compromisso com um crescimento sustentado, expandindo a nossa proposta de valor e oferecendo ao consumidor portugu\u00eas uma experi\u00eancia de compra diferenciada. \u00c9 um marco decisivo para o futuro da Druni, onde conjugamos a nossa experi\u00eancia no setor e o sucesso comprovado pela lideran\u00e7a em Espanha, com o know-how do nosso acionista MC no mercado portugu\u00eas\u201d, afirma Bernardo Casp, CEO da Druni.<\/p>\n<p>\u201cCom uma \u00e1rea de 500 m2 esta primeira loja apresenta uma proposta de valor diferenciadora, com um portef\u00f3lio alargado de produtos de perfumaria, cosm\u00e9tica, maquilhagem, cabelo, parafarm\u00e1cia e higiene pessoal, incluindo marcas premium e exclusivas, sempre aos melhores pre\u00e7os\u201d, acrescenta a empresa.<\/p>\n","protected":false},"excerpt":{"rendered":"A abertura desta primeira loja Druni em Portugal representa um investimento de um milh\u00e3o de euros e permitiu&hellip;\n","protected":false},"author":2,"featured_media":86578,"comment_status":"","ping_status":"","sticky":false,"template":"","format":"standard","meta":{"footnotes":""},"categories":[83],"tags":[88,21893,89,90,32,33],"class_list":{"0":"post-86577","1":"post","2":"type-post","3":"status-publish","4":"format-standard","5":"has-post-thumbnail","7":"category-empresas","8":"tag-business","9":"tag-druni","10":"tag-economy","11":"tag-empresas","12":"tag-portugal","13":"tag-pt"},"share_on_mastodon":{"url":"","error":""},"_links":{"self":[{"href":"https:\/\/www.europesays.com\/pt\/wp-json\/wp\/v2\/posts\/86577","targetHints":{"allow":["GET"]}}],"collection":[{"href":"https:\/\/www.europesays.com\/pt\/wp-json\/wp\/v2\/posts"}],"about":[{"href":"https:\/\/www.europesays.com\/pt\/wp-json\/wp\/v2\/types\/post"}],"author":[{"embeddable":true,"href":"https:\/\/www.europesays.com\/pt\/wp-json\/wp\/v2\/users\/2"}],"replies":[{"embeddable":true,"href":"https:\/\/www.europesays.com\/pt\/wp-json\/wp\/v2\/comments?post=86577"}],"version-history":[{"count":0,"href":"https:\/\/www.europesays.com\/pt\/wp-json\/wp\/v2\/posts\/86577\/revisions"}],"wp:featuredmedia":[{"embeddable":true,"href":"https:\/\/www.europesays.com\/pt\/wp-json\/wp\/v2\/media\/86578"}],"wp:attachment":[{"href":"https:\/\/www.europesays.com\/pt\/wp-json\/wp\/v2\/media?parent=86577"}],"wp:term":[{"taxonomy":"category","embeddable":true,"href":"https:\/\/www.europesays.com\/pt\/wp-json\/wp\/v2\/categories?post=86577"},{"taxonomy":"post_tag","embeddable":true,"href":"https:\/\/www.europesays.com\/pt\/wp-json\/wp\/v2\/tags?post=86577"}],"curies":[{"name":"wp","href":"https:\/\/api.w.org\/{rel}","templated":true}]}}