{"id":86588,"date":"2025-09-25T20:23:09","date_gmt":"2025-09-25T20:23:09","guid":{"rendered":"https:\/\/www.europesays.com\/pt\/86588\/"},"modified":"2025-09-25T20:23:09","modified_gmt":"2025-09-25T20:23:09","slug":"amor-a-vista-fabio-garante-que-vai-esperar-por-liliana-fora-da-casa-secret-story","status":"publish","type":"post","link":"https:\/\/www.europesays.com\/pt\/86588\/","title":{"rendered":"Amor \u00e0 vista? F\u00e1bio garante que vai esperar por Liliana fora da Casa &#8211; Secret Story"},"content":{"rendered":"<p>\u00a0<\/p>\n<p>No Secret Story 9, j\u00e1 de madrugada, F\u00e1bio abriu o cora\u00e7\u00e3o numa conversa com Sandro sobre os seus sentimentos por Liliana. O concorrente admitiu que a aproxima\u00e7\u00e3o come\u00e7ou desde o in\u00edcio do jogo e Sandro recordou que a jovem j\u00e1 mostrou ter ci\u00fames dele. O barbeiro aconselhou F\u00e1bio a esperar pelos dias mais frios e carentes, acreditando que os dois acabar\u00e3o por se aproximar ainda mais e at\u00e9 sair da casa juntos. F\u00e1bio assegurou que os sentimentos s\u00e3o genu\u00ednos, mas que Liliana demonstra algum receio. Determinado, confessou que, se for expulso no pr\u00f3ximo domingo, vai esperar por ela c\u00e1 fora, e se chegarem juntos \u00e0 final, sair\u00e3o da casa a namorar.<\/p>\n<p>Esta semana, h\u00e1 cinco concorrentes em risco de abandonarem o Secret Story 9. Vote no seu concorrente preferido para salvar:<\/p>\n<p>CARINA \u2013 761 20 20 06<br \/>F\u00c1BIO \u2013 761 20 20 08<br \/>IN\u00caS \u2013 761 20 20 10<br \/>LEANDRO \u2013 761 20 20 12<br \/>LILIANA \u2013 761 20 20 14<\/p>\n<p><a href=\"https:\/\/tvi.iol.pt\/secretstory\/aominuto\" wbo-id=\"59\" rel=\"nofollow noopener\" target=\"_blank\">Acompanhe aqui tudo o que se passa na casa mais vigiada do pa\u00eds<\/a><\/p>\n","protected":false},"excerpt":{"rendered":"\u00a0 No Secret Story 9, j\u00e1 de madrugada, F\u00e1bio abriu o cora\u00e7\u00e3o numa conversa com Sandro sobre os&hellip;\n","protected":false},"author":2,"featured_media":86589,"comment_status":"","ping_status":"","sticky":false,"template":"","format":"standard","meta":{"footnotes":""},"categories":[142],"tags":[114,115,19033,19016,19034,32,33,151,19032],"class_list":{"0":"post-86588","1":"post","2":"type-post","3":"status-publish","4":"format-standard","5":"has-post-thumbnail","7":"category-tv","8":"tag-entertainment","9":"tag-entretenimento","10":"tag-galas-em-video","11":"tag-liliana","12":"tag-melhores-momentos-casa-dos-segredos","13":"tag-portugal","14":"tag-pt","15":"tag-tv","16":"tag-videos-secret-story-tvi"},"share_on_mastodon":{"url":"","error":""},"_links":{"self":[{"href":"https:\/\/www.europesays.com\/pt\/wp-json\/wp\/v2\/posts\/86588","targetHints":{"allow":["GET"]}}],"collection":[{"href":"https:\/\/www.europesays.com\/pt\/wp-json\/wp\/v2\/posts"}],"about":[{"href":"https:\/\/www.europesays.com\/pt\/wp-json\/wp\/v2\/types\/post"}],"author":[{"embeddable":true,"href":"https:\/\/www.europesays.com\/pt\/wp-json\/wp\/v2\/users\/2"}],"replies":[{"embeddable":true,"href":"https:\/\/www.europesays.com\/pt\/wp-json\/wp\/v2\/comments?post=86588"}],"version-history":[{"count":0,"href":"https:\/\/www.europesays.com\/pt\/wp-json\/wp\/v2\/posts\/86588\/revisions"}],"wp:featuredmedia":[{"embeddable":true,"href":"https:\/\/www.europesays.com\/pt\/wp-json\/wp\/v2\/media\/86589"}],"wp:attachment":[{"href":"https:\/\/www.europesays.com\/pt\/wp-json\/wp\/v2\/media?parent=86588"}],"wp:term":[{"taxonomy":"category","embeddable":true,"href":"https:\/\/www.europesays.com\/pt\/wp-json\/wp\/v2\/categories?post=86588"},{"taxonomy":"post_tag","embeddable":true,"href":"https:\/\/www.europesays.com\/pt\/wp-json\/wp\/v2\/tags?post=86588"}],"curies":[{"name":"wp","href":"https:\/\/api.w.org\/{rel}","templated":true}]}}