{"id":86590,"date":"2025-09-25T20:25:19","date_gmt":"2025-09-25T20:25:19","guid":{"rendered":"https:\/\/www.europesays.com\/pt\/86590\/"},"modified":"2025-09-25T20:25:19","modified_gmt":"2025-09-25T20:25:19","slug":"wicked-for-good-ganha-trailer-epico-com-duelo-de-glinda-e-elphaba-casamento-de-fiyero-e-vocais-de-tirar-o-folego-de-no-good-deed-assista","status":"publish","type":"post","link":"https:\/\/www.europesays.com\/pt\/86590\/","title":{"rendered":"\u201cWicked: For Good\u201d ganha trailer \u00c9PICO com duelo de Glinda e Elphaba, casamento de Fiyero e vocais de tirar o f\u00f4lego de \u201cNo Good Deed\u201d; assista"},"content":{"rendered":"<p>                                Ler resumo <\/p>\n<p>Ap\u00f3s meses de expectativa, o trailer final de \u201cWicked: For Good\u201d foi divulgado nesta quarta-feira (24). A pr\u00e9via mostra Ariana Grande e Cynthia Erivo nos pap\u00e9is de Glinda e Elphaba, e antecipa os acontecimentos da aguardada segunda parte do musical nos cinemas.<\/p>\n<p>Ap\u00f3s muita espera, o trailer final de \u201cWicked: For Good\u201d foi lan\u00e7ado nesta quarta-feira (24) e deixou os f\u00e3s em \u00eaxtase! A pr\u00e9via traz alguns dos momentos mais ic\u00f4nicos do musical para as telonas em uma nova roupagem \u2014 incluindo o aguardado duelo entre Glinda (<a href=\"https:\/\/hugogloss.uol.com.br\/tag\/ariana-grande\" rel=\"nofollow noopener\" target=\"_blank\">Ariana Grande<\/a>) e Elphaba (<a href=\"https:\/\/hugogloss.uol.com.br\/tag\/cynthia-erivo\" target=\"_blank\" rel=\"noopener nofollow\">Cynthia Erivo<\/a>), com direito a varinhas em punho e muita magia no ar.<\/p>\n<p>O v\u00eddeo mostra os acontecimentos em Oz ap\u00f3s o desaparecimento de Elphaba. Glinda, com o apoio de Madame Morrible (<a href=\"https:\/\/hugogloss.uol.com.br\/tag\/michelle-yeoh\" target=\"_blank\" rel=\"noopener nofollow\">Michelle Yeoh<\/a>) e do M\u00e1gico (<a href=\"https:\/\/hugogloss.uol.com.br\/tag\/jeff-goldblum\" target=\"_blank\" rel=\"noopener nofollow\">Jeff Goldblum<\/a>), ascende ao poder e se transforma em \u201cGlinda, A Boa\u201d \u2013 um lindo (e glamouroso) s\u00edmbolo da Bondade para Oz. Enquanto vive no luxuoso pal\u00e1cio da Cidade das Esmeraldas e desfruta da fama e popularidade, ela segue sob a orienta\u00e7\u00e3o de Morrible e se dedica a confortar o povo, refor\u00e7ando a ideia de que tudo est\u00e1 sob controle do M\u00e1gico.<\/p>\n<p> <img loading=\"lazy\" decoding=\"async\" class=\"size-large wp-image-1183118 img-fluid lazy\" alt=\"\" width=\"617\" height=\"411\" src=\"https:\/\/www.europesays.com\/pt\/wp-content\/uploads\/2025\/09\/2552_D085_00483R-617x411.jpg\"  \/>Ariana Grande \u00e9 Glinda em \u201cWicked For Good\u201d. (Foto: Universal Pictures)             <\/p>\n<p>Mas essa nova realidade cria uma dist\u00e2ncia cada vez maior entre ela e Elphaba, que segue lutando pelos animais ainda oprimidos sob o regime do M\u00e1gico. A pr\u00e9via revela a persegui\u00e7\u00e3o constante \u00e0 \u201cBruxa M\u00e1 do Oeste\u201d \u2014 como Elphaba foi apelidada \u2014 e destaca as consequ\u00eancias desse afastamento em sua amizade com Glinda.<\/p>\n<p>O reencontro entre as duas, cheio de emo\u00e7\u00e3o, traz abra\u00e7os, di\u00e1logos intensos e uma cena em que Elphaba pede que a amiga tente enxerg\u00e1-la pelos olhos de quem a odeia. Al\u00e9m, \u00e9 claro, de um duelo pra l\u00e1 de intenso, adaptado diretamente dos palcos, com uma roupagem dram\u00e1tica e intensa.<\/p>\n<p> <img loading=\"lazy\" decoding=\"async\" class=\"size-large wp-image-1183116 img-fluid lazy\" alt=\"\" width=\"617\" height=\"411\" src=\"https:\/\/www.europesays.com\/pt\/wp-content\/uploads\/2025\/09\/2552_D085_00216R-617x411.jpg\"  \/>Glinda e Elphaba se enfrentam na pr\u00e9via. (Foto: Universal Pictures) Continua depois da Publicidade <\/p>\n<p>O trailer tamb\u00e9m mostra o tri\u00e2ngulo amoroso envolvendo Glinda, Elphaba e Fiyero (Jonathan Bailey), dividido entre o dever e seus sentimentos pela bruxa de pele verde. H\u00e1 ainda vislumbres de cenas marcantes, como o reencontro deles na floresta e o momento em que ele tenta ajud\u00e1-la a escapar dos guardas de Oz.<\/p>\n<p>Enquanto uma multid\u00e3o enfurecida se volta contra a chamada \u201cBruxa M\u00e1\u201d, Glinda e Elphaba precisam se unir uma \u00faltima vez \u2014 e a amizade delas assume um papel determinante no futuro de ambas.<\/p>\n<p>A pr\u00e9via reserva, tamb\u00e9m, surpresas in\u00e9ditas, como o destino de Nessarose (Marissa Bode) e um trecho poderoso da nova vers\u00e3o de \u201cNo Good Deed\u201d, interpretada com o vozeir\u00e3o arrebatador de Cynthia Erivo. <strong>Espia s\u00f3:<\/strong><\/p>\n<p>  Continua depois da Publicidade <\/p>\n<p>A vers\u00e3o com a dublagem das brasileiras Myra Ruiz e Fabi Bang tamb\u00e9m foi divulgada. <strong>Assista abaixo:<\/strong><\/p>\n<p>Com dire\u00e7\u00e3o de Jon M. Chu e produ\u00e7\u00e3o de Marc Platt e David Stone, \u201cWicked: Parte II\u201d estreia nos cinemas em 20 de novembro.<\/p>\n<p>                                                                    <a id=\"google-news\" class=\"google-news\" href=\"https:\/\/news.google.com\/publications\/CAAqBwgKMM6ViAswv82GAw?ceid=BR:pt-419&amp;amp;oc=3&amp;amp;hl=pt-BR&amp;amp;gl=BR\" target=\"_blank\" rel=\"nofollow noopener\"><\/p>\n<p>                                            Siga a <strong> Hugo Gloss no Google News<\/strong> e acompanhe nossos destaques<\/p>\n<p>                                    <\/a><\/p>\n","protected":false},"excerpt":{"rendered":"Ler resumo Ap\u00f3s meses de expectativa, o trailer final de \u201cWicked: For Good\u201d foi divulgado nesta quarta-feira (24).&hellip;\n","protected":false},"author":2,"featured_media":86591,"comment_status":"","ping_status":"","sticky":false,"template":"","format":"standard","meta":{"footnotes":""},"categories":[140],"tags":[1940,21898,114,115,147,148,146,32,33,21899],"class_list":{"0":"post-86590","1":"post","2":"type-post","3":"status-publish","4":"format-standard","5":"has-post-thumbnail","7":"category-filmes","8":"tag-ariana-grande","9":"tag-cynthia-erivo","10":"tag-entertainment","11":"tag-entretenimento","12":"tag-film","13":"tag-filmes","14":"tag-movies","15":"tag-portugal","16":"tag-pt","17":"tag-wicked-for-good"},"share_on_mastodon":{"url":"","error":""},"_links":{"self":[{"href":"https:\/\/www.europesays.com\/pt\/wp-json\/wp\/v2\/posts\/86590","targetHints":{"allow":["GET"]}}],"collection":[{"href":"https:\/\/www.europesays.com\/pt\/wp-json\/wp\/v2\/posts"}],"about":[{"href":"https:\/\/www.europesays.com\/pt\/wp-json\/wp\/v2\/types\/post"}],"author":[{"embeddable":true,"href":"https:\/\/www.europesays.com\/pt\/wp-json\/wp\/v2\/users\/2"}],"replies":[{"embeddable":true,"href":"https:\/\/www.europesays.com\/pt\/wp-json\/wp\/v2\/comments?post=86590"}],"version-history":[{"count":0,"href":"https:\/\/www.europesays.com\/pt\/wp-json\/wp\/v2\/posts\/86590\/revisions"}],"wp:featuredmedia":[{"embeddable":true,"href":"https:\/\/www.europesays.com\/pt\/wp-json\/wp\/v2\/media\/86591"}],"wp:attachment":[{"href":"https:\/\/www.europesays.com\/pt\/wp-json\/wp\/v2\/media?parent=86590"}],"wp:term":[{"taxonomy":"category","embeddable":true,"href":"https:\/\/www.europesays.com\/pt\/wp-json\/wp\/v2\/categories?post=86590"},{"taxonomy":"post_tag","embeddable":true,"href":"https:\/\/www.europesays.com\/pt\/wp-json\/wp\/v2\/tags?post=86590"}],"curies":[{"name":"wp","href":"https:\/\/api.w.org\/{rel}","templated":true}]}}