{"id":86612,"date":"2025-09-25T20:46:18","date_gmt":"2025-09-25T20:46:18","guid":{"rendered":"https:\/\/www.europesays.com\/pt\/86612\/"},"modified":"2025-09-25T20:46:18","modified_gmt":"2025-09-25T20:46:18","slug":"seria-a-guerra-o-aviso-do-embaixador-da-russia-em-franca-em-caso-de-abate-de-aviao","status":"publish","type":"post","link":"https:\/\/www.europesays.com\/pt\/86612\/","title":{"rendered":"&#8220;Seria a guerra&#8221;. O aviso do embaixador da R\u00fassia em Fran\u00e7a em caso de abate de avi\u00e3o"},"content":{"rendered":"<p>&#13;<br \/>\nAp\u00f3s sucessivas viola\u00e7\u00f5es do espa\u00e7o a\u00e9reo de pa\u00edses europeus por parte de aeronaves e drones russos e uma mudan\u00e7a de tom por parte da NATO, sobretudo do presidente americano Donald Trump, que considera que os pa\u00edses da Alian\u00e7a deveriam abater as aeronaves russas se violassem o seu espa\u00e7o a\u00e9reo, Moscovo brande a amea\u00e7a de guerra.&#13;\n<\/p>\n<p><b>&#8220;Sabe, h\u00e1 muitos avi\u00f5es da NATO que violam o espa\u00e7o a\u00e9reo russo (&#8230;)\u00a0 isso acontece com bastante frequ\u00eancia e eles n\u00e3o s\u00e3o abatidos&#8221;,<\/b><br \/>\nafirmou Alexey\u00a0Meshkov, ao microfone da <a href=\"https:\/\/www.rtl.fr\/actu\/international\/et-si-l-otan-abattait-un-avion-russe-violant-son-espace-aerien-a-serait-la-guerre-previent-l-ambassadeur-de-russie-en-france-sur-rtl-7900545224\" target=\"_blank\" rel=\"nofollow noopener\">RTL<\/a>. O embaixador da R\u00fassia em Fran\u00e7a advertiu que, se a NATO respondesse,\u00a0<b>&#8220;seria a guerra&#8221;.\u00a0<\/b><\/p>\n<p><b><br \/>&#13;<br \/>\n<\/b><\/p>\n<p>&#13;<br \/>\nNa \u00faltima madrugada, pela segunda vez esta semana, <b>drones de origem desconhecida sobrevoaram os aeroportos civis e militares na Dinamarca, colocando o pa\u00eds em alerta m\u00e1ximo.<\/b> O ministro dinamarqu\u00eas da Defesa considerou que se tratava de &#8220;uma amea\u00e7a sistem\u00e1tica&#8221; causada por &#8220;um ator profissional&#8221;.&#13;\n<\/p>\n<p>&#13;<br \/>\nMoscovo &#8220;nega&#8221; qualquer incurs\u00e3o&#13;\n<\/p>\n<p>Questionado sobre a responsabilidade nestes incidentes em espa\u00e7o a\u00e9reo europeu, a resposta do diplomata russo \u00e9 categ\u00f3rica:\u00a0<b>&#8220;N\u00f3s negamos&#8221;<\/b>.\u00a0<\/p>\n<p>Alexey Meshkov observou que\u00a0<b>&#8220;a R\u00fassia n\u00e3o faz isso, brincar com algu\u00e9m. N\u00e3o \u00e9 bem o nosso estilo&#8221;,<\/b> afirmou o diplomata russo, acusando o Ocidente ter &#8220;enganado&#8221; Moscovo &#8220;repetidamente&#8221;.&#13;\n<\/p>\n<p>&#13;<br \/>\n&#8220;N\u00e3o foi a R\u00fassia que se aproximou das fronteiras da NATO&#8221;&#13;\n<\/p>\n<p>&#13;<br \/>\nQuestionado pelo jornalista da RTL sobre o facto de parecer a v\u00edtima e n\u00e3o o agressor, o diplomata russo diz que \u00e9 esse o caso:\u00a0<b>&#8220;n\u00e3o foi\u00a0a R\u00fassia que se aproximou das fronteiras da NATO&#8221;<\/b>, se analisarmos os acontecimentos dos \u00faltimos anos.\u00a0&#13;\n<\/p>\n<p>&#13;<br \/>\n<b>&#8220;Acusam-nos de arranjar problemas nas fronteiras da NATO mas foi a NATO que veio na nossa dire\u00e7\u00e3o, que se aproximou das nossas fronteiras, n\u00e3o foi o contr\u00e1rio, a Pol\u00f3nia, a Finl\u00e2ndia, os pa\u00edses b\u00e1lticos, eram pa\u00edses neutros e por isso representam problemas de seguran\u00e7a&#8221;<\/b>, afirmou\u00a0Alexey Meshkov.&#13;\n<\/p>\n<p>&#13;<br \/>\n&#8220;Kremlin n\u00e3o tem pa\u00edses inimigos, tem governos inimigos&#8221;&#13;\n<\/p>\n<p>&#13;<br \/>\nSobre se a Fran\u00e7a era considerada um advers\u00e1rio da R\u00fassia, o diplomata citou o presidente Vladmir Putin que disse recentemente que &#8220;<b>a R\u00fassia n\u00e3o tem pa\u00edses inimigos, tem governos inimigos&#8221;<\/b> e lamentou que, atualmente, &#8220;o governo franc\u00eas conduza uma pol\u00edtica inimiga em rela\u00e7\u00e3o \u00e0 R\u00fassia&#8221;.&#13;\n<\/p>\n<p>&#13;<br \/>\nSobre a possibilidade de um governo conservador chegar ao poder em Fran\u00e7a, como por exemplo o Rassemblement National de Marine Le Pen, o embaixador declarou que cabe &#8220;ao povo franc\u00eas eleger o seu chefe&#8221; e que &#8220;a R\u00fassia n\u00e3o interfere nos assuntos internos de outros Estados&#8221;, negando qualquer inger\u00eancia do Kremlin para desestabilizar a Fran\u00e7a.\u00a0&#8220;N\u00e3o, n\u00e3o \u00e9 a nossa forma de proceder, a R\u00fassia n\u00e3o se ingere nos &#13;<br \/>\nassuntos de nenhum Estado, contrariamente \u00e0 pol\u00edtica ocidental&#8221;, afirmou.\u00a0&#13;\n<\/p>\n<p>&#13;<br \/>\nConfrontado com a exist\u00eancia de nove dossiers que indicam o contr\u00e1rio, atualmente nas m\u00e3os da justi\u00e7a francesa, Alexey Meshkov questionou:<b> &#8220;Mas quais inger\u00eancias russas? A R\u00fassia, a Embaixada nunca foram informadas, \u00e9 atrav\u00e9s de si que acabo de saber da exist\u00eancia desses nove dossiers&#8221;<\/b>. E concluiu a entrevista, observando que cabe aos franceses responder &#8220;porque \u00e9 que o caos reina em Fran\u00e7a hoje em dia?&#8221;.\u00a0&#13;<\/p>\n","protected":false},"excerpt":{"rendered":"&#13; Ap\u00f3s sucessivas viola\u00e7\u00f5es do espa\u00e7o a\u00e9reo de pa\u00edses europeus por parte de aeronaves e drones russos e&hellip;\n","protected":false},"author":2,"featured_media":86613,"comment_status":"","ping_status":"","sticky":false,"template":"","format":"standard","meta":{"footnotes":""},"categories":[50],"tags":[21909,27,28,929,4062,445,15,16,830,14,25,26,21,22,62,3400,12,13,19,20,23,24,839,17,18,840,1977,29,30,31,63,64,65],"class_list":{"0":"post-86612","1":"post","2":"type-post","3":"status-publish","4":"format-standard","5":"has-post-thumbnail","7":"category-mundo","8":"tag-alexey-meshkov","9":"tag-breaking-news","10":"tag-breakingnews","11":"tag-conflito","12":"tag-drone","13":"tag-europa","14":"tag-featured-news","15":"tag-featurednews","16":"tag-guerra","17":"tag-headlines","18":"tag-latest-news","19":"tag-latestnews","20":"tag-main-news","21":"tag-mainnews","22":"tag-mundo","23":"tag-nato","24":"tag-news","25":"tag-noticias","26":"tag-noticias-principais","27":"tag-noticiasprincipais","28":"tag-principais-noticias","29":"tag-principaisnoticias","30":"tag-russia","31":"tag-top-stories","32":"tag-topstories","33":"tag-ucrania","34":"tag-ue","35":"tag-ultimas","36":"tag-ultimas-noticias","37":"tag-ultimasnoticias","38":"tag-world","39":"tag-world-news","40":"tag-worldnews"},"share_on_mastodon":{"url":"","error":""},"_links":{"self":[{"href":"https:\/\/www.europesays.com\/pt\/wp-json\/wp\/v2\/posts\/86612","targetHints":{"allow":["GET"]}}],"collection":[{"href":"https:\/\/www.europesays.com\/pt\/wp-json\/wp\/v2\/posts"}],"about":[{"href":"https:\/\/www.europesays.com\/pt\/wp-json\/wp\/v2\/types\/post"}],"author":[{"embeddable":true,"href":"https:\/\/www.europesays.com\/pt\/wp-json\/wp\/v2\/users\/2"}],"replies":[{"embeddable":true,"href":"https:\/\/www.europesays.com\/pt\/wp-json\/wp\/v2\/comments?post=86612"}],"version-history":[{"count":0,"href":"https:\/\/www.europesays.com\/pt\/wp-json\/wp\/v2\/posts\/86612\/revisions"}],"wp:featuredmedia":[{"embeddable":true,"href":"https:\/\/www.europesays.com\/pt\/wp-json\/wp\/v2\/media\/86613"}],"wp:attachment":[{"href":"https:\/\/www.europesays.com\/pt\/wp-json\/wp\/v2\/media?parent=86612"}],"wp:term":[{"taxonomy":"category","embeddable":true,"href":"https:\/\/www.europesays.com\/pt\/wp-json\/wp\/v2\/categories?post=86612"},{"taxonomy":"post_tag","embeddable":true,"href":"https:\/\/www.europesays.com\/pt\/wp-json\/wp\/v2\/tags?post=86612"}],"curies":[{"name":"wp","href":"https:\/\/api.w.org\/{rel}","templated":true}]}}