{"id":86614,"date":"2025-09-25T20:49:13","date_gmt":"2025-09-25T20:49:13","guid":{"rendered":"https:\/\/www.europesays.com\/pt\/86614\/"},"modified":"2025-09-25T20:49:13","modified_gmt":"2025-09-25T20:49:13","slug":"medica-conta-como-descobriu-doenca-rara","status":"publish","type":"post","link":"https:\/\/www.europesays.com\/pt\/86614\/","title":{"rendered":"m\u00e9dica conta como descobriu doen\u00e7a rara"},"content":{"rendered":"<p><\/p>\n<p class=\"texto\">Na \u00faltima semana, Yhudy, filho de <a href=\"https:\/\/www.correiobraziliense.com.br\/diversao-e-arte\/2025\/09\/7255857-filho-de-wesley-safadao-passa-por-cirurgia-de-emergencia-no-cerebro.html\" target=\"_blank\" rel=\"nofollow noopener\">Wesley Safad\u00e3o<\/a> e Mileide Mihaile, precisou passar por cirurgia no cr\u00e2nio ap\u00f3s relatar fortes dores. O adolescente, de 14 anos, sentiu desconforto intenso durante um corte de cabelo e foi levado ao pronto-atendimento imediatamente.<\/p>\n<p class=\"texto\">A pediatra Dra. Lilian Zaboto explicou: &#8220;Ele reclamou de dor na regi\u00e3o parietal direita e precisou ser encaminhado para avalia\u00e7\u00e3o m\u00e9dica&#8221;. Os exames mostraram altera\u00e7\u00f5es preocupantes, incluindo &#8220;uma les\u00e3o tumoral rompendo o osso do cr\u00e2nio&#8221;.<\/p>\n<p>Diagn\u00f3stico e procedimento cir\u00fargico<\/p>\n<p class=\"texto\">Devido \u00e0 gravidade, Yhudy foi transferido para o Hospital S\u00edrio-Liban\u00eas. A cirurgia ocorreu na sexta-feira, 20, conduzida pelo neurocirurgi\u00e3o Dr. Hamilton com apoio da oncologia.<\/p>\n<p class=\"texto\">A m\u00e9dica revelou: &#8220;A opera\u00e7\u00e3o foi um sucesso. Conseguimos retirar a parte afetada e a bi\u00f3psia confirmou histiocitose controlada&#8221;. Yhudy segue em acompanhamento, mas apresenta recupera\u00e7\u00e3o positiva.<\/p>\n<p class=\"texto\">O post Filho de Wesley Safad\u00e3o: m\u00e9dica conta como descobriu doen\u00e7a rara foi publicado primeiro em Observat\u00f3rio dos Famosos.<\/p>\n<p class=\"texto\"><strong><a href=\"https:\/\/whatsapp.com\/channel\/0029VaB1U9a002T64ex1Sy2w\" rel=\"nofollow noopener\" target=\"_blank\">Siga o canal do Correio no WhatsApp e receba as principais not\u00edcias do dia no seu celular<\/a><\/strong><\/p>\n<p>                            <a href=\"https:\/\/www.correiobraziliense.com.br\/autor\/observatorio-dos-famosos\/page\/1\/\" style=\"height: 100%;\" rel=\"nofollow noopener\" target=\"_blank\"><img decoding=\"async\" class=\"hidden-print author-circle d-block h6 mt-0 mb-0 mr-6 text-center\" src=\"https:\/\/www.europesays.com\/pt\/wp-content\/uploads\/2025\/07\/logo_observatorio_dos_famosos-29028262.png\" alt=\"\" width=\"40\" height=\"40\" loading=\"lazy\" style=\"object-fit:cover; width: 40px; height: 40px; margin-right:10px;\"\/><\/a><a href=\"https:\/\/www.correiobraziliense.com.br\/autor\/observatorio-dos-famosos\/page\/1\/\" rel=\"nofollow noopener\" target=\"_blank\"><img decoding=\"async\" class=\"hidden-print author-circle d-block h6 mt-0 mb-0 mr-6 text-center\" src=\"https:\/\/www.europesays.com\/pt\/wp-content\/uploads\/2025\/07\/logo_observatorio_dos_famosos-29028262.png\" alt=\"\" width=\"40\" height=\"40\" loading=\"lazy\" style=\"object-fit:cover; width: 40px; height: 40px; margin-right:10px;\"\/><\/a>Observat\u00f3rio dos Famosos  <strong class=\"entryStrongAuthor\"\/><\/p>\n","protected":false},"excerpt":{"rendered":"Na \u00faltima semana, Yhudy, filho de Wesley Safad\u00e3o e Mileide Mihaile, precisou passar por cirurgia no cr\u00e2nio ap\u00f3s&hellip;\n","protected":false},"author":2,"featured_media":86615,"comment_status":"","ping_status":"","sticky":false,"template":"","format":"standard","meta":{"footnotes":""},"categories":[145],"tags":[211,210,4357,114,115,13,32,33,13421,21910,117,21911,21912,6787],"class_list":{"0":"post-86614","1":"post","2":"type-post","3":"status-publish","4":"format-standard","5":"has-post-thumbnail","7":"category-celebridades","8":"tag-celebridades","9":"tag-celebrities","10":"tag-doenca","11":"tag-entertainment","12":"tag-entretenimento","13":"tag-noticias","14":"tag-portugal","15":"tag-pt","16":"tag-rara","17":"tag-safadao","18":"tag-saude","19":"tag-sit","20":"tag-wesley","21":"tag-wesley-safadao"},"share_on_mastodon":{"url":"","error":""},"_links":{"self":[{"href":"https:\/\/www.europesays.com\/pt\/wp-json\/wp\/v2\/posts\/86614","targetHints":{"allow":["GET"]}}],"collection":[{"href":"https:\/\/www.europesays.com\/pt\/wp-json\/wp\/v2\/posts"}],"about":[{"href":"https:\/\/www.europesays.com\/pt\/wp-json\/wp\/v2\/types\/post"}],"author":[{"embeddable":true,"href":"https:\/\/www.europesays.com\/pt\/wp-json\/wp\/v2\/users\/2"}],"replies":[{"embeddable":true,"href":"https:\/\/www.europesays.com\/pt\/wp-json\/wp\/v2\/comments?post=86614"}],"version-history":[{"count":0,"href":"https:\/\/www.europesays.com\/pt\/wp-json\/wp\/v2\/posts\/86614\/revisions"}],"wp:featuredmedia":[{"embeddable":true,"href":"https:\/\/www.europesays.com\/pt\/wp-json\/wp\/v2\/media\/86615"}],"wp:attachment":[{"href":"https:\/\/www.europesays.com\/pt\/wp-json\/wp\/v2\/media?parent=86614"}],"wp:term":[{"taxonomy":"category","embeddable":true,"href":"https:\/\/www.europesays.com\/pt\/wp-json\/wp\/v2\/categories?post=86614"},{"taxonomy":"post_tag","embeddable":true,"href":"https:\/\/www.europesays.com\/pt\/wp-json\/wp\/v2\/tags?post=86614"}],"curies":[{"name":"wp","href":"https:\/\/api.w.org\/{rel}","templated":true}]}}