{"id":86626,"date":"2025-09-25T20:59:19","date_gmt":"2025-09-25T20:59:19","guid":{"rendered":"https:\/\/www.europesays.com\/pt\/86626\/"},"modified":"2025-09-25T20:59:19","modified_gmt":"2025-09-25T20:59:19","slug":"novo-hyundai-ioniq-5-vai-mais-longe-e-esta-mais-barato-em-portugal","status":"publish","type":"post","link":"https:\/\/www.europesays.com\/pt\/86626\/","title":{"rendered":"Novo Hyundai IONIQ 5 vai mais longe e est\u00e1 mais barato em Portugal"},"content":{"rendered":"<p>\n\tO novo Hyundai IONIQ 5 foi atualizado no essencial: o pre\u00e7o desceu, a autonomia aumentou e o equipamento tamb\u00e9m.\n<\/p>\n<p>O Hyundai IONIQ 5 est\u00e1 diferente \u2014 e melhor, segundo o terceiro maior construtor mundial de autom\u00f3veis. O crossover el\u00e9trico da marca sul-coreana recebeu um facelift que refor\u00e7a a sua posi\u00e7\u00e3o como uma das propostas mais completas do segmento.<\/p>\n<p>A autonomia aumentou, o motor ganhou pot\u00eancia e os pre\u00e7os ficaram mais competitivos, tanto para particulares como para empresas. <a href=\"https:\/\/www.hyundai.pt\/campanhas-automoveis\/ioniq-5\/?utm_campaign=parceiros&amp;utm_content=campanha-hyundai-ioniq-5&amp;utm_medium=digital&amp;utm_source=razao-automovel&amp;utm_term=setembro-25\" target=\"_blank\" rel=\"noreferrer noopener nofollow\">Todos os detalhes neste link<\/a>.<\/p>\n<p>Mais longe com uma s\u00f3 carga<\/p>\n<p>O IONIQ 5 j\u00e1 era um dos el\u00e9tricos mais eficientes do mercado, mas agora vai ainda mais longe apenas com uma carga. A nova bateria de 84 kWh \u00e9 maior, e substitui a anterior de 77,4 kWh permitindo ao IONIQ 5 percorrer at\u00e9 570 km em ciclo WLTP \u2014 mais 63 km face \u00e0 vers\u00e3o anterior. O motor tamb\u00e9m foi revisto: passou de 218 cv para 228 cv, mantendo os 350 Nm de bin\u00e1rio m\u00e1ximo.<\/p>\n<p><img loading=\"lazy\" decoding=\"async\" width=\"2048\" height=\"1152\" src=\"data:image\/svg+xml,%3Csvg%20xmlns=\" http:=\"\" alt=\"Hyundai IONIQ 5 - traseira com V2L\" class=\"wp-image-1087376\" data-lazy- data-lazy- data-lazy-src=\"https:\/\/www.europesays.com\/pt\/wp-content\/uploads\/2025\/09\/Hyundai-IONIQ-5-04.webp.webp\"\/>\u00a9 Hyundai O Hyundai IONIQ 5 \u00e9 dos poucos modelos deste segmento com uma plataforma de 800 V, capaz de carregamentos ultrarr\u00e1pidos.<\/p>\n<p>Na vers\u00e3o de acesso, equipada tamb\u00e9m com uma nova bateria de 63 kWh e com 170 cv de pot\u00eancia, a autonomia chega aos 440 km, sem comprometer a competitividade.<\/p>\n<p>Independentemente da escolha, mant\u00e9m-se uma das maiores vantagens da plataforma E-GMP: arquitetura de 800 V e carregamentos ultrarr\u00e1pidos at\u00e9 260 kW. Na pr\u00e1tica \u00e9 poss\u00edvel recuperar 350 km de autonomia em apenas 18 minutos.<\/p>\n<p><img loading=\"lazy\" decoding=\"async\" width=\"2048\" height=\"1152\" src=\"data:image\/svg+xml,%3Csvg%20xmlns=\" http:=\"\" alt=\"Hyundai IONIQ 5 - assentos dianteiros\" class=\"wp-image-1087382\" data-lazy- data-lazy- data-lazy-src=\"https:\/\/www.europesays.com\/pt\/wp-content\/uploads\/2025\/09\/Hyundai-IONIQ-5-06.webp.webp\"\/>\u00a9 Hyundai O interior foi renovado. A escolha dos materiais sustent\u00e1veis mant\u00e9m-se, bem como o recurso \u00e0s tecnologias mais recentes do Grupo Hyundai.<\/p>\n<p>Pre\u00e7os mais baixos para particulares e empresas<\/p>\n<p>Mais por menos. O facelift trouxe tamb\u00e9m boas not\u00edcias no cap\u00edtulo financeiro. Para empresas e clientes profissionais, a Hyundai disponibiliza uma vers\u00e3o desde 29 990 \u20ac (+IVA), tornando o IONIQ 5 numa op\u00e7\u00e3o ainda mais interessante. Um carro de um segmento acima, pelo pre\u00e7o de um segmento mais baixo.<\/p>\n<p>J\u00e1 para clientes particulares, e com um n\u00edvel de equipamento muito completo, o pre\u00e7o de entrada desceu para 43 850 \u20ac, um valor inferior ao praticado anteriormente.<\/p>\n<p>O que mudou no novo Hyundai IONIQ 5<\/p>\n<p>As mudan\u00e7as visuais s\u00e3o discretas, mas eficazes: novos para-choques dianteiro e traseiro, jantes redesenhadas (19\u201d e 20\u201d) e melhorias no habit\u00e1culo. O novo volante e a introdu\u00e7\u00e3o de mais bot\u00f5es f\u00edsicos tornam o uso das fun\u00e7\u00f5es principais mais intuitivo.<\/p>\n<p><img loading=\"lazy\" decoding=\"async\" width=\"2048\" height=\"1152\" src=\"data:image\/svg+xml,%3Csvg%20xmlns=\" http:=\"\" alt=\"Hyundai IONIQ 5 - 3\/4 de traseira\" class=\"wp-image-1087379\" data-lazy- data-lazy- data-lazy-src=\"https:\/\/www.europesays.com\/pt\/wp-content\/uploads\/2025\/09\/Hyundai-IONIQ-5-02.webp.webp\"\/>\u00a9 Hyundai Com um design inspirado no Hyundai Pony dos anos 70, o IONIQ 5 assinalou a nova gera\u00e7\u00e3o el\u00e9trica da Hyundai ao estrear a plataforma E-GMP, concebida de raiz para ve\u00edculos 100% el\u00e9tricos.<\/p>\n<p>Dispon\u00edvel em quatro n\u00edveis de equipamento, o IONIQ 5 j\u00e1 oferece de s\u00e9rie sensores dianteiros e traseiros, c\u00e2mara frontal, jantes de 19\u201d e vidros escurecidos. Nos patamares Premium Plus, Vanguard e Vanguard Plus surgem bancos em pele, Head-up Display, sistema de som Bose Premium, jantes de 20\u201d e at\u00e9 tecnologia Vehicle-to-Load (V2L).<\/p>\n<p>Ecossistema e servi\u00e7os Hyundai<\/p>\n<p>A Hyundai Portugal quer acabar com a ansiedade nos utilizadores dos seus carros el\u00e9tricos. Para simplificar os carregamentos, a marca lan\u00e7ou o <strong><a href=\"https:\/\/blue.hyundai.pt\/?utm_source=razao-automovel&amp;utm_medium=digital&amp;utm_term=setembro-25&amp;utm_content=branded-content-hyundai-ioniq-5&amp;utm_campaign=parceiros\" target=\"_blank\" rel=\"noreferrer noopener nofollow\">Hyundai Blue e-mobility<\/a><\/strong>, um ecossistema que combina infraestrutura de carregamento, solu\u00e7\u00f5es digitais e servi\u00e7os de apoio num s\u00f3 cart\u00e3o.<\/p>\n<p>A isto, junta-se ainda o programa <a href=\"https:\/\/www.hyundaixtraflex.pt\/?utm_source=razao-automovel&amp;utm_medium=digital&amp;utm_term=setembro-25&amp;utm_content=branded-content-hyundai-ioniq-5&amp;utm_campaign=parceiros\" rel=\"nofollow noopener\" target=\"_blank\"><strong>Hyundai xtraFLEX<\/strong><\/a>, um servi\u00e7o destinado a particulares e empresas que permite aos utilizadores alugar qualquer modelo da gama Hyundai por um per\u00edodo de at\u00e9 12 meses, caso venha a necessitar de um ve\u00edculo a gasolina, h\u00edbrido ou h\u00edbrido plug-in.<\/p>\n<p>Servi\u00e7os que somados \u00e0s novidades est\u00e9ticas e tecnol\u00f3gicas do Hyundai IONIQ 5, poder\u00e3o continuar a fazer deste 100% el\u00e9trico, um dos mais importantes na gama Hyundai Portugal.<\/p>\n<p>Apontado como um dos modelos mais relevantes do segmento, o crossover sul-coreano combina um visual arrojado, desempenho, efici\u00eancia e inova\u00e7\u00e3o. Um conjunto de argumentos que j\u00e1 lhe valeu v\u00e1rios pr\u00e9mios e nomea\u00e7\u00f5es internacionais, destacando-se o t\u00edtulo de <a href=\"https:\/\/www.razaoautomovel.com\/noticias\/world-car-awards-hyundai-ioniq-5-carro-mundial-2022\/\" rel=\"nofollow noopener\" target=\"_blank\">Carro Mundial do Ano 2022<\/a>.<\/p>\n<p><strong>O que mudou?<\/strong><\/p>\n<p>Um dos principais pontos de diferencia\u00e7\u00e3o dos 100% el\u00e9tricos \u00e9 a autonomia, e este foi um dos campos onde o Hyundai IONIQ 5 mais evoluiu. Se a vers\u00e3o pr\u00e9-facelift do IONIQ 5 j\u00e1 oferecia at\u00e9 507 km (WLTP), esta atualiza\u00e7\u00e3o permite ao modelo percorrer mais 63 km entre cargas, para um total de 570 km (WLTP).<\/p>\n<p>A \u00abculpa\u00bb deste incremento \u00e9 da bateria, que nesta atualiza\u00e7\u00e3o viu a sua capacidade crescer de 77,4 kWh para 84 kWh. O motor el\u00e9trico tamb\u00e9m recebeu mais pot\u00eancia \u2014 passou de 218 cv para 228 cv \u2014, mas manteve os mesmos 350 Nm de bin\u00e1rio.<\/p>\n<p>No caso de optar pela vers\u00e3o de acesso \u00e0 gama, o IONIQ 5 recorre a uma bateria de 63 kWh e a um motor de 125 kW (170 cv). Ainda assim, a autonomia est\u00e1 longe de comprometer a competitividade deste modelo, anunciando at\u00e9 440 km (WLTP).<\/p>\n<p>Mas se o crossover sul-coreano vai agora mais longe entre carregamentos, saiba que tamb\u00e9m recebeu algumas mudan\u00e7as est\u00e9ticas. Apesar de discretas, o novo IONIQ 5 tem novos para-choques dianteiros e traseiros e, no interior, recebeu um novo volante e mais bot\u00f5es f\u00edsicos, para facilitar o acesso \u00e0s principais fun\u00e7\u00f5es durante a condu\u00e7\u00e3o.<\/p>\n<p><strong>Desde 29 990 euros (+IVA)<\/strong><\/p>\n<p>A Hyundai quer estar entre as 15 marcas mais vendidas em Portugal. Para isso, est\u00e1 a apostar na renova\u00e7\u00e3o da gama e no aumento da sua quota de vendas a empresas, e f\u00e1-lo com uma vers\u00e3o de entrada para frotas <strong>com um pre\u00e7o base de 29 990 euros (+IVA).<\/strong><\/p>\n<p>Se estiver a pensar adquirir o IONIQ 5 em nome particular, o modelo surge agora com um pre\u00e7o mais acess\u00edvel. Com esta atualiza\u00e7\u00e3o, o pre\u00e7o de entrada passou para <strong>43 850 euros<\/strong>, um valor inferior ao praticado anteriormente.<\/p>\n<p><img loading=\"lazy\" decoding=\"async\" width=\"1280\" height=\"853\" src=\"data:image\/svg+xml,%3Csvg%20xmlns=\" http:=\"\" alt=\"\" class=\"wp-image-1088653\" data-lazy- data-lazy- data-lazy-src=\"https:\/\/www.europesays.com\/pt\/wp-content\/uploads\/2025\/09\/hyundai-ioniq-5-2026-interior-1.jpeg.webp.webp\"\/>No habit\u00e1culo, o novo Hyundai IONIQ 5 tem um novo volante e mais bot\u00f5es f\u00edsicos, para facilitar o acesso \u00e0s principais fun\u00e7\u00f5es durante a condu\u00e7\u00e3o.<\/p>\n<p>Dispon\u00edvel com duas baterias e em quatro n\u00edveis de equipamento, a vers\u00e3o de entrada destaca-se por j\u00e1 incluir sensores de estacionamento dianteiros e traseiros, c\u00e2mara frontal, jantes de 19\u201d e vidros traseiros escurecidos.<\/p>\n<p>As variantes Premium Plus, Vanguard e Vanguard Plus acrescentam bancos em pele, Head-up Display, sistema de som Bose Premium, jantes de 20\u201d e at\u00e9 tecnologia Vehicle-to-Load (V2L).<\/p>\n<p>Para tornar a experi\u00eancia com ve\u00edculos el\u00e9tricos ainda mais pr\u00e1tica, a Hyundai lan\u00e7ou em Portugal o ecossistema <a href=\"https:\/\/blue.hyundai.pt\/?utm_source=razao-automovel&amp;utm_medium=digital&amp;utm_term=setembro-25&amp;utm_content=branded-content-hyundai-ioniq-5&amp;utm_campaign=parceiros\" rel=\"nofollow noopener\" target=\"_blank\"><strong>Hyundai Blue e-mobility<\/strong>.<\/a> Este sistema re\u00fane infraestrutura de carregamento, solu\u00e7\u00f5es digitais e servi\u00e7os de apoio, oferecendo planos integrados que garantem maior conveni\u00eancia e tranquilidade aos utilizadores de modelos como o IONIQ 5.<\/p>\n","protected":false},"excerpt":{"rendered":"O novo Hyundai IONIQ 5 foi atualizado no essencial: o pre\u00e7o desceu, a autonomia aumentou e o equipamento&hellip;\n","protected":false},"author":2,"featured_media":86627,"comment_status":"","ping_status":"","sticky":false,"template":"","format":"standard","meta":{"footnotes":""},"categories":[83],"tags":[88,89,428,90,2362,2974,32,33],"class_list":{"0":"post-86626","1":"post","2":"type-post","3":"status-publish","4":"format-standard","5":"has-post-thumbnail","7":"category-empresas","8":"tag-business","9":"tag-economy","10":"tag-eletricos","11":"tag-empresas","12":"tag-hyundai","13":"tag-hyundai-ioniq-5","14":"tag-portugal","15":"tag-pt"},"share_on_mastodon":{"url":"","error":""},"_links":{"self":[{"href":"https:\/\/www.europesays.com\/pt\/wp-json\/wp\/v2\/posts\/86626","targetHints":{"allow":["GET"]}}],"collection":[{"href":"https:\/\/www.europesays.com\/pt\/wp-json\/wp\/v2\/posts"}],"about":[{"href":"https:\/\/www.europesays.com\/pt\/wp-json\/wp\/v2\/types\/post"}],"author":[{"embeddable":true,"href":"https:\/\/www.europesays.com\/pt\/wp-json\/wp\/v2\/users\/2"}],"replies":[{"embeddable":true,"href":"https:\/\/www.europesays.com\/pt\/wp-json\/wp\/v2\/comments?post=86626"}],"version-history":[{"count":0,"href":"https:\/\/www.europesays.com\/pt\/wp-json\/wp\/v2\/posts\/86626\/revisions"}],"wp:featuredmedia":[{"embeddable":true,"href":"https:\/\/www.europesays.com\/pt\/wp-json\/wp\/v2\/media\/86627"}],"wp:attachment":[{"href":"https:\/\/www.europesays.com\/pt\/wp-json\/wp\/v2\/media?parent=86626"}],"wp:term":[{"taxonomy":"category","embeddable":true,"href":"https:\/\/www.europesays.com\/pt\/wp-json\/wp\/v2\/categories?post=86626"},{"taxonomy":"post_tag","embeddable":true,"href":"https:\/\/www.europesays.com\/pt\/wp-json\/wp\/v2\/tags?post=86626"}],"curies":[{"name":"wp","href":"https:\/\/api.w.org\/{rel}","templated":true}]}}