{"id":86666,"date":"2025-09-25T21:42:07","date_gmt":"2025-09-25T21:42:07","guid":{"rendered":"https:\/\/www.europesays.com\/pt\/86666\/"},"modified":"2025-09-25T21:42:07","modified_gmt":"2025-09-25T21:42:07","slug":"o-que-e-ser-madrasta-explicacao-de-jessica-athayde-deixa-diogo-amaral-em-lagrimas-novelas","status":"publish","type":"post","link":"https:\/\/www.europesays.com\/pt\/86666\/","title":{"rendered":"O que \u00e9 ser madrasta? Explica\u00e7\u00e3o de Jessica Athayde deixa Diogo Amaral em l\u00e1grimas &#8211; Novelas"},"content":{"rendered":"<ul>\n<li data-end=\"240\" data-start=\"94\">\n<p data-end=\"240\" data-start=\"96\"><strong data-end=\"158\" data-start=\"96\">Jessica Athayde emociona f\u00e3s ao falar do papel de madrasta<\/strong>, partilhando reflex\u00f5es sobre amor, educa\u00e7\u00e3o e conviv\u00eancia com o enteado Mateus.<\/p>\n<\/li>\n<li data-end=\"360\" data-start=\"241\">\n<p data-end=\"360\" data-start=\"243\"><strong data-end=\"286\" data-start=\"243\">Homenagem ao 11.\u00ba anivers\u00e1rio de Mateus<\/strong>, destacando os nove anos de liga\u00e7\u00e3o, empatia e aprendizagem em fam\u00edlia.<\/p>\n<\/li>\n<li data-end=\"473\" data-start=\"361\">\n<p data-end=\"473\" data-start=\"363\"><strong data-end=\"396\" data-start=\"363\">Diogo Amaral reage emocionado<\/strong> \u00e0s palavras da esposa, mostrando o carinho e a uni\u00e3o familiar entre todos.<\/p>\n<\/li>\n<\/ul>\n<p data-end=\"542\" data-start=\"206\"><strong data-end=\"240\" data-start=\"206\"><a href=\"https:\/\/tvi.iol.pt\/novelas\/diogo-amaral\/jessic-athayde\/diogo-amaral-desafia-jessica-athayde-e-acaba-surpreendido-subestimei-a-minha-celia\" rel=\"nofollow noopener\" target=\"_blank\">Jessica Athayde<\/a> e <a href=\"https:\/\/tvi.iol.pt\/novelas\/videos\/diogo-amaral-recorda-primeiro-casting-havia-uma-fila-enorme-e-eu-passei-a-frente\/64c39b710cf23765eb8722f1\" rel=\"nofollow noopener\" target=\"_blank\">Diogo Amaral<\/a><\/strong> assumiram o namoro em 2018 e, embora tenham passado por uma separa\u00e7\u00e3o ap\u00f3s o nascimento do filho, <strong data-end=\"349\" data-start=\"339\">Oliver<\/strong>, reconciliaram-se e atualmente est\u00e3o casados. Como resultado, <strong data-end=\"486\" data-start=\"412\">a atriz tornou-se madrasta do filho mais velho de Diogo Amaral, Mateus<\/strong>, fruto da rela\u00e7\u00e3o anterior do ator com Vera Kolodzig.<\/p>\n<p data-end=\"865\" data-start=\"544\">Recentemente, <strong data-end=\"643\" data-start=\"558\">Jessica Athayde utilizou as redes sociais para partilhar uma homenagem ao enteado<\/strong>, que celebrou o seu 11.\u00ba anivers\u00e1rio na quinta-feira, 25 de setembro. Para al\u00e9m de partilhar imagens \u00fanicas do momento, a atriz refletiu sobre <strong data-end=\"810\" data-start=\"787\">o papel de madrasta<\/strong>, explicando a complexidade e a beleza desta rela\u00e7\u00e3o. Segundo o <a href=\"https:\/\/dicionario.priberam.org\/madrasta#google_vignette\" rel=\"nofollow noopener\" target=\"_blank\">dicion\u00e1rio priberam<\/a>, madrasta significa:\u00a0 \u00abEsposa\u00a0ou\u00a0companheira\u00a0do\u00a0pai,\u00a0ou\u00a0da\u00a0m\u00e3e\u00a0em\u00a0casais\u00a0do\u00a0mesmo\u00a0sexo,\u00a0em\u00a0rela\u00e7\u00e3o\u00a0aos\u00a0filhos\u00a0por\u00a0eles\u00a0tidos\u00a0em\u00a0 relacionamento\u00a0anterior.\u00bb<\/p>\n<p data-end=\"865\" data-start=\"544\">Para a atriz \u00e9 muito mais do que isto:\u00a0<strong>&#8220;Falo muito sobre maternidade, mas pouco sobre ser madrasta. \u00c9 ter um filho semana sim, semana n\u00e3o, impor-te mas n\u00e3o demais, n\u00e3o substituir a m\u00e3e mas n\u00e3o ser s\u00f3 amiga. Tratar os dois por igual, educar, brincar, ajudar com trabalhos de casa e ser chata a mand\u00e1-lo lavar os dentes bem antes de dormir. S\u00e3o dois filhos, mas um &#8216;emprestado&#8217; que vai e volta&#8221;, <\/strong>escreveu Jessica na legenda da publica\u00e7\u00e3o.<\/p>\n<p data-end=\"1413\" data-start=\"1270\">A atriz n\u00e3o escondeu o carinho que sente por <strong data-end=\"1325\" data-start=\"1315\">Mateus<\/strong>, destacando a import\u00e2ncia da conviv\u00eancia e do papel que desempenha na vida do menino:<\/p>\n<p data-end=\"1413\" data-start=\"1270\">&#8220;O Mateus faz 11 anos amanh\u00e3, s\u00e3o nove anos de amor, empatia e aprendizagem sobre fam\u00edlia e sobre o que \u00e9 ser o melhor irm\u00e3o do mundo para o Oli. O Matosinhos \u00e9 da m\u00e3e e do pai, mas tamb\u00e9m \u00e9 um bocadinho meu&#8221;, acrescentou.<\/p>\n<p data-end=\"1743\" data-start=\"1643\">A publica\u00e7\u00e3o emocionou tamb\u00e9m <strong data-end=\"1689\" data-start=\"1673\">Diogo Amaral<\/strong>, que n\u00e3o conseguiu conter a emo\u00e7\u00e3o nos coment\u00e1rios:\u00a0<strong>&#8220;N\u00e3o estou a chorar\u2026 Entrou-me uma coisa para o olho&#8221;,<\/strong> escreveu o ator na caixa de coment\u00e1rios.\u00a0Este momento mostra a <strong data-end=\"1934\" data-start=\"1868\">proximidade e o carinho que Jessica Athayde sente pelo enteado<\/strong>, refor\u00e7ando a import\u00e2ncia do papel da madrasta na constru\u00e7\u00e3o de uma fam\u00edlia unida e afetuosa, onde o amor e a empatia s\u00e3o fundamentais.<\/p>\n<p data-end=\"1743\" data-start=\"1643\">O casal tamb\u00e9m \u00e9 conhecido pelo seu bom humor e descontra\u00e7\u00e3o. Ora veja um dos momentos mais hilariantes a dois:\u00a0<\/p>\n<p data-end=\"2072\" data-start=\"1846\">Veja tamb\u00e9m:\u00a0<\/p>\n<p data-end=\"2072\" data-start=\"1846\"><a href=\"https:\/\/tvi.iol.pt\/novelas\/matilde-breyner\/tiago-felizardo\/quando-discuto-com-o-tiago-felizardo-matilde-breyner-replica-momento-iconico-do-secret-story\" rel=\"nofollow noopener\" target=\"_blank\">\u201cQuando discuto com o Tiago Felizardo\u201d: Matilde Breyner replica momento ic\u00f3nico do Secret Story &#8211; Novelas &#8211; TVI<\/a><\/p>\n<p data-end=\"2072\" data-start=\"1846\"><a href=\"https:\/\/tvi.iol.pt\/novelas\/ines-aires-pereira\/revelacao\/queres-ver-que-vou-voltar-aos-realities-ines-aires-pereira-nao-resiste-e-faz-revelacao-inesperada\" rel=\"nofollow noopener\" target=\"_blank\">\u201cQueres ver que vou voltar aos realities?\u201d: In\u00eas Aires Pereira n\u00e3o resiste e faz revela\u00e7\u00e3o inesperada &#8211; Novelas &#8211; TVI<\/a><\/p>\n","protected":false},"excerpt":{"rendered":"Jessica Athayde emociona f\u00e3s ao falar do papel de madrasta, partilhando reflex\u00f5es sobre amor, educa\u00e7\u00e3o e conviv\u00eancia com&hellip;\n","protected":false},"author":2,"featured_media":86667,"comment_status":"","ping_status":"","sticky":false,"template":"","format":"standard","meta":{"footnotes":""},"categories":[142],"tags":[2642,160,166,2663,114,115,981,157,167,11436,164,20239,161,158,165,159,32,33,156,163,151,162],"class_list":{"0":"post-86666","1":"post","2":"type-post","3":"status-publish","4":"format-standard","5":"has-post-thumbnail","7":"category-tv","8":"tag-amor","9":"tag-ana-guiomar","10":"tag-cristina-ferreira","11":"tag-diogo-amaral","12":"tag-entertainment","13":"tag-entretenimento","14":"tag-familia","15":"tag-festa-e-festa","16":"tag-ficcao","17":"tag-jessica-athayde","18":"tag-jose-fidalgo","19":"tag-madrasta","20":"tag-novelas","21":"tag-para-sempre","22":"tag-pedro-sousa","23":"tag-pedro-teixeira","24":"tag-portugal","25":"tag-pt","26":"tag-queridos-papas","27":"tag-tiago-teotonio-pereira","28":"tag-tv","29":"tag-tvi"},"share_on_mastodon":{"url":"","error":""},"_links":{"self":[{"href":"https:\/\/www.europesays.com\/pt\/wp-json\/wp\/v2\/posts\/86666","targetHints":{"allow":["GET"]}}],"collection":[{"href":"https:\/\/www.europesays.com\/pt\/wp-json\/wp\/v2\/posts"}],"about":[{"href":"https:\/\/www.europesays.com\/pt\/wp-json\/wp\/v2\/types\/post"}],"author":[{"embeddable":true,"href":"https:\/\/www.europesays.com\/pt\/wp-json\/wp\/v2\/users\/2"}],"replies":[{"embeddable":true,"href":"https:\/\/www.europesays.com\/pt\/wp-json\/wp\/v2\/comments?post=86666"}],"version-history":[{"count":0,"href":"https:\/\/www.europesays.com\/pt\/wp-json\/wp\/v2\/posts\/86666\/revisions"}],"wp:featuredmedia":[{"embeddable":true,"href":"https:\/\/www.europesays.com\/pt\/wp-json\/wp\/v2\/media\/86667"}],"wp:attachment":[{"href":"https:\/\/www.europesays.com\/pt\/wp-json\/wp\/v2\/media?parent=86666"}],"wp:term":[{"taxonomy":"category","embeddable":true,"href":"https:\/\/www.europesays.com\/pt\/wp-json\/wp\/v2\/categories?post=86666"},{"taxonomy":"post_tag","embeddable":true,"href":"https:\/\/www.europesays.com\/pt\/wp-json\/wp\/v2\/tags?post=86666"}],"curies":[{"name":"wp","href":"https:\/\/api.w.org\/{rel}","templated":true}]}}