{"id":86762,"date":"2025-09-25T23:08:12","date_gmt":"2025-09-25T23:08:12","guid":{"rendered":"https:\/\/www.europesays.com\/pt\/86762\/"},"modified":"2025-09-25T23:08:12","modified_gmt":"2025-09-25T23:08:12","slug":"direto-braga-feyenoord-o-jogo","status":"publish","type":"post","link":"https:\/\/www.europesays.com\/pt\/86762\/","title":{"rendered":"DIRETO | Braga-Feyenoord &#8211; O Jogo"},"content":{"rendered":"<p>O Braga estreia-se esta quarta-feira na fase de liga da Liga Europa de futebol, em jogo em que recebe os neerlandeses do Feyenoord, relegados para a segunda competi\u00e7\u00e3o da UEFA depois de afastados da Champions.<\/p>\n<p>A equipa portuguesa entra nesta fase ap\u00f3s ter disputado seis jogos na qualifica\u00e7\u00e3o, em que afastou sucessivamente o Levski S\u00f3fia, o CFR Cluj e o Lincoln Red Imps.<\/p>\n<p>J\u00e1 o Feyenoord, terceiro classificado na Liga neerlandesa em 2024\/25, caiu para a Liga Europa ao ser eliminado na terceira pr\u00e9-eliminat\u00f3ria da Champions, pelo Fenerbah\u00e7e, que era ent\u00e3o treinado por Jos\u00e9 Mourinho.<\/p>\n<p>O jogo de hoje, com in\u00edcio \u00e0s 20h00, no Est\u00e1dio Municipal de Braga, com arbitragem do montenegrino Nikola Dabanovic, \u00e9 o primeiro da hist\u00f3ria entre Braga e Feyenoord.<\/p>\n<p>Os bracarenses s\u00e3o a primeira equipa portuguesa a entrar na fase de liga da edi\u00e7\u00e3o 2025\/26 da Liga Europa, com o FC Porto a jogar na quinta-feira, dia em que visita os austr\u00edacos do Salzburgo.<\/p>\n<p>Nesta fase de liga, o Braga ainda defrontar\u00e1 Celtic (fora), Estrela Vermelha (casa), Genk (casa), Rangers (fora), Nice (fora), Nottingham Forest (casa) e Go Ahead Eagles (fora).<\/p>\n<p>Por seu lado, o FC Porto, e ap\u00f3s Salzburgo, encontrar\u00e1 Estrela Vermelha (casa), Nottingham Forest (fora), Utrecht (fora), Nice (casa), Malm\u00f6 (casa), Plzen (fora) e Rangers (casa).<\/p>\n<p>Os oito primeiros classificados da fase de liga, ap\u00f3s oito jornadas, seguem diretamente para os oitavos de final, enquanto as equipas classificadas entre o nono e o 24.\u00ba lugares disputam um play-off de acesso aos &#8220;oitavos&#8221;.<\/p>\n","protected":false},"excerpt":{"rendered":"O Braga estreia-se esta quarta-feira na fase de liga da Liga Europa de futebol, em jogo em que&hellip;\n","protected":false},"author":2,"featured_media":86763,"comment_status":"","ping_status":"","sticky":false,"template":"","format":"standard","meta":{"footnotes":""},"categories":[8],"tags":[1912,27,28,610,15,16,303,14,25,26,137,21,22,12,13,19,20,32,23,24,33,17,18,29,30,31],"class_list":{"0":"post-86762","1":"post","2":"type-post","3":"status-publish","4":"format-standard","5":"has-post-thumbnail","7":"category-principais-noticias","8":"tag-braga","9":"tag-breaking-news","10":"tag-breakingnews","11":"tag-direto","12":"tag-featured-news","13":"tag-featurednews","14":"tag-feyenoord","15":"tag-headlines","16":"tag-latest-news","17":"tag-latestnews","18":"tag-liga-europa","19":"tag-main-news","20":"tag-mainnews","21":"tag-news","22":"tag-noticias","23":"tag-noticias-principais","24":"tag-noticiasprincipais","25":"tag-portugal","26":"tag-principais-noticias","27":"tag-principaisnoticias","28":"tag-pt","29":"tag-top-stories","30":"tag-topstories","31":"tag-ultimas","32":"tag-ultimas-noticias","33":"tag-ultimasnoticias"},"share_on_mastodon":{"url":"","error":""},"_links":{"self":[{"href":"https:\/\/www.europesays.com\/pt\/wp-json\/wp\/v2\/posts\/86762","targetHints":{"allow":["GET"]}}],"collection":[{"href":"https:\/\/www.europesays.com\/pt\/wp-json\/wp\/v2\/posts"}],"about":[{"href":"https:\/\/www.europesays.com\/pt\/wp-json\/wp\/v2\/types\/post"}],"author":[{"embeddable":true,"href":"https:\/\/www.europesays.com\/pt\/wp-json\/wp\/v2\/users\/2"}],"replies":[{"embeddable":true,"href":"https:\/\/www.europesays.com\/pt\/wp-json\/wp\/v2\/comments?post=86762"}],"version-history":[{"count":0,"href":"https:\/\/www.europesays.com\/pt\/wp-json\/wp\/v2\/posts\/86762\/revisions"}],"wp:featuredmedia":[{"embeddable":true,"href":"https:\/\/www.europesays.com\/pt\/wp-json\/wp\/v2\/media\/86763"}],"wp:attachment":[{"href":"https:\/\/www.europesays.com\/pt\/wp-json\/wp\/v2\/media?parent=86762"}],"wp:term":[{"taxonomy":"category","embeddable":true,"href":"https:\/\/www.europesays.com\/pt\/wp-json\/wp\/v2\/categories?post=86762"},{"taxonomy":"post_tag","embeddable":true,"href":"https:\/\/www.europesays.com\/pt\/wp-json\/wp\/v2\/tags?post=86762"}],"curies":[{"name":"wp","href":"https:\/\/api.w.org\/{rel}","templated":true}]}}