{"id":86810,"date":"2025-09-25T23:44:18","date_gmt":"2025-09-25T23:44:18","guid":{"rendered":"https:\/\/www.europesays.com\/pt\/86810\/"},"modified":"2025-09-25T23:44:18","modified_gmt":"2025-09-25T23:44:18","slug":"o-homem-do-amanha-james-gunn-revela-imagem-do-roteiro-e-sugere-possivel-aparicao-de-brainiac","status":"publish","type":"post","link":"https:\/\/www.europesays.com\/pt\/86810\/","title":{"rendered":"\u2018O Homem do Amanh\u00e3\u2019: James Gunn revela imagem do roteiro e sugere poss\u00edvel apari\u00e7\u00e3o de Brainiac"},"content":{"rendered":"<p>O cineasta <strong><a href=\"https:\/\/cinepop.com.br\/tag\/james-gunn\/\" title=\"James Gunn\" rel=\"nofollow noopener\" target=\"_blank\">James Gunn<\/a><\/strong> compartilhou recentemente uma atualiza\u00e7\u00e3o enigm\u00e1tica sobre o roteiro de<strong> \u2018<a href=\"https:\/\/cinepop.com.br\/tag\/superman\/\" title=\"Superman\" rel=\"nofollow noopener\" target=\"_blank\">Superman<\/a>: O Homem do Amanh\u00e3\u2019<\/strong>, que pode indicar a entrada do vil\u00e3o Brainiac no Universo <a href=\"https:\/\/cinepop.com.br\/tag\/dc\/\" title=\"DC\" rel=\"nofollow noopener\" target=\"_blank\">DC<\/a> (DCU).<\/p>\n<p>Segundo o <a href=\"https:\/\/comicbookmovie.com\/superman\/james-gunn-shares-first-look-at-man-of-tomorrow-script---and-he-may-have-confirmed-brainiac-a223951\" rel=\"nofollow noopener\" target=\"_blank\">ComicBookMovie<\/a>, <strong>Gunn<\/strong> publicou uma imagem intrigante nas redes sociais: uma ilustra\u00e7\u00e3o m\u00e9dica no estilo vintage da anatomia de uma cabe\u00e7a humana.<\/p>\n<blockquote class=\"instagram-media\" style=\"background: #FFF; border: 0; border-radius: 3px; box-shadow: 0 0 1px 0 rgba(0,0,0,0.5),0 1px 10px 0 rgba(0,0,0,0.15); margin: 1px; max-width: 540px; min-width: 326px; padding: 0; width: calc(100% - 2px);\" data-instgrm-captioned=\"\" data-instgrm-permalink=\"https:\/\/www.instagram.com\/p\/DO6RIzFADRG\/?utm_source=ig_embed&amp;utm_campaign=loading\" data-instgrm-version=\"14\">\n<\/blockquote>\n<p>A imagem rapidamente gerou teorias entre os f\u00e3s. As especula\u00e7\u00f5es apontam para uma poss\u00edvel refer\u00eancia \u00e0 genialidade de Lex Luthor, um contraste entre a fisiologia humana e a de <a href=\"https:\/\/cinepop.com.br\/tag\/superman\/\" title=\"Superman\" rel=\"nofollow noopener\" target=\"_blank\">Superman<\/a>, ou, mais prov\u00e1vel, a uma pista da apari\u00e7\u00e3o de Brainiac, conhecido por sua superintelig\u00eancia e por coletar conhecimento.<\/p>\n<p><a href=\"https:\/\/cinepop.com.br\/james-gunn-afirma-que-heroi-conseguiria-vencer-o-superman-693048\/\" rel=\"nofollow noopener\" target=\"_blank\">James Gunn afirma que her\u00f3i conseguiria vencer o Superman<\/a><\/p>\n<p>A teoria se fortalece com uma declara\u00e7\u00e3o de <strong>Gunn<\/strong>: \u201c\u00c9 uma hist\u00f3ria sobre Lex Luthor e <a href=\"https:\/\/cinepop.com.br\/tag\/superman\/\" title=\"Superman\" rel=\"nofollow noopener\" target=\"_blank\">Superman<\/a> tendo que trabalhar juntos, de certa forma, contra uma amea\u00e7a muito, muito maior. \u00c9 mais complexo do que isso, mas essa \u00e9 uma grande parte\u201d.<\/p>\n<p><strong>Gunn<\/strong> ainda destacou a import\u00e2ncia de Lex Luthor na trama. \u201c\u00c9 tanto um filme do Lex quanto \u00e9 um filme do <a href=\"https:\/\/cinepop.com.br\/tag\/superman\/\" title=\"Superman\" rel=\"nofollow noopener\" target=\"_blank\">Superman<\/a>. Adorei trabalhar com Nicholas Hoult. Me identifico com o personagem do Lex, infelizmente\u201d.<\/p>\n<p>Nas redes sociais, <strong>Gunn<\/strong> tamb\u00e9m refor\u00e7ou que a sequ\u00eancia de<strong> \u2018<a href=\"https:\/\/cinepop.com.br\/tag\/superman\/\" title=\"Superman\" rel=\"nofollow noopener\" target=\"_blank\">Superman<\/a>\u2019<\/strong> ter\u00e1 conex\u00f5es importantes com outros projetos do DCU.<\/p>\n<p>\u201cComo j\u00e1 disse in\u00fameras vezes, voc\u00ea pode assistir a cada projeto de forma isolada, claro\u2026 Mas \u2018<a href=\"https:\/\/cinepop.com.br\/tag\/superman\/\" title=\"Superman\" rel=\"nofollow noopener\" target=\"_blank\">Superman<\/a>: O Homem do Amanh\u00e3\u2019 e a [2\u00aa temporada de \u2018<a href=\"https:\/\/cinepop.com.br\/tag\/pacificador\/\" title=\"Pacificador\" rel=\"nofollow noopener\" target=\"_blank\">Pacificador<\/a>\u2019] est\u00e3o muito, muito conectados\u201d, concluiu.<\/p>\n<p><a href=\"https:\/\/cinepop.com.br\/o-homem-do-amanha-sequencia-de-superman-ganha-mais-atualizacoes-promissoras-690526\/\" rel=\"nofollow noopener\" target=\"_blank\">\u2018O Homem do Amanh\u00e3\u2019: Sequ\u00eancia de \u2018Superman\u2019 ganha mais atualiza\u00e7\u00f5es PROMISSORAS<\/a><\/p>\n<p><strong>Lembrando que \u2018O Homem do Amanh\u00e3\u2019 estreia nos cinemas em 9 de julho de 2027.<\/strong><\/p>\n<blockquote class=\"twitter-tweet\">\n<p dir=\"ltr\" lang=\"en\">Man of Tomorrow. In theatres July 9, 2027. <a href=\"https:\/\/t.co\/hegJEuRMTk\" rel=\"nofollow\">pic.twitter.com\/hegJEuRMTk<\/a><\/p>\n<p>\u2014 <a href=\"https:\/\/cinepop.com.br\/tag\/james-gunn\/\" title=\"James Gunn\" rel=\"nofollow noopener\" target=\"_blank\">James Gunn<\/a> (@JamesGunn) <a href=\"https:\/\/twitter.com\/JamesGunn\/status\/1963282616527851796?ref_src=twsrc%5Etfw\" rel=\"nofollow noopener\" target=\"_blank\">September 3, 2025<\/a><\/p>\n<\/blockquote>\n<p>Vale lembrar que\u00a0<strong>\u2018<a href=\"https:\/\/cinepop.com.br\/tag\/superman\/\" title=\"Superman\" rel=\"nofollow noopener\" target=\"_blank\">Superman<\/a>\u2019<\/strong> j\u00e1 est\u00e1 dispon\u00edvel no cat\u00e1logo da\u00a0<strong>HBO Max<\/strong>.<\/p>\n<p><img loading=\"lazy\" decoding=\"async\" alt=\"YouTube video\" width=\"480\" height=\"360\" data-pin-nopin=\"true\" nopin=\"nopin\" class=\"perfmatters-lazy\" src=\"https:\/\/www.europesays.com\/pt\/wp-content\/uploads\/2025\/09\/1758843858_652_hqdefault.jpg\"\/><br \/>\n<script async src=\"https:\/\/platform.twitter.com\/widgets.js\" charset=\"utf-8\"><\/script><script async src=\"\/\/www.instagram.com\/embed.js\"><\/script><\/p>\n","protected":false},"excerpt":{"rendered":"O cineasta James Gunn compartilhou recentemente uma atualiza\u00e7\u00e3o enigm\u00e1tica sobre o roteiro de \u2018Superman: O Homem do Amanh\u00e3\u2019,&hellip;\n","protected":false},"author":2,"featured_media":86811,"comment_status":"","ping_status":"","sticky":false,"template":"","format":"standard","meta":{"footnotes":""},"categories":[140],"tags":[4744,12957,12958,12959,12960,12961,12962,12963,12964,2945,12965,114,115,12966,12967,147,148,12968,12969,12970,12971,12972,12973,12974,12975,7320,4741,14832,12976,12977,12978,12979,12980,146,5709,12243,12981,12982,12983,12984,12985,32,12986,33,12987,12988,12989,12990,1248,12991,12992,12993],"class_list":{"0":"post-86810","1":"post","2":"type-post","3":"status-publish","4":"format-standard","5":"has-post-thumbnail","7":"category-filmes","8":"tag-aquaman","9":"tag-arqueiro-verde","10":"tag-chris-conrad","11":"tag-chris-smith","12":"tag-christopher-heyerdahl","13":"tag-chukwudi-iwuji","14":"tag-coringa","15":"tag-danielle-brooks","16":"tag-david-ayer","17":"tag-dc","18":"tag-elizabeth-faith-ludlow","19":"tag-entertainment","20":"tag-entretenimento","21":"tag-esquadrao-suicida","22":"tag-ezra-miller","23":"tag-film","24":"tag-filmes","25":"tag-flash","26":"tag-flula-borg","27":"tag-frank-grillo","28":"tag-guardioes-da-galaxia","29":"tag-guardioes-da-galaxia-vol-2","30":"tag-hobbs-shaw","31":"tag-idris-elba","32":"tag-jai-courtney","33":"tag-james-gunn","34":"tag-jason-momoa","35":"tag-jennifer-holland","36":"tag-joaquin-phoenix","37":"tag-john-cena","38":"tag-liga-da-justica","39":"tag-lochlyn-munro","40":"tag-michael-rooker","41":"tag-movies","42":"tag-mulher-maravilha","43":"tag-nathan-fillion","44":"tag-pacificador","45":"tag-peacemaker","46":"tag-pete-davidson","47":"tag-peter-capaldi","48":"tag-peter-safran","49":"tag-portugal","50":"tag-praque-mayer","51":"tag-pt","52":"tag-rizwan-manji","53":"tag-robert-patrick","54":"tag-saturday-night-live","55":"tag-sean-gunn","56":"tag-superman","57":"tag-taika-waititi","58":"tag-todd-phillips","59":"tag-viola-davis"},"share_on_mastodon":{"url":"","error":""},"_links":{"self":[{"href":"https:\/\/www.europesays.com\/pt\/wp-json\/wp\/v2\/posts\/86810","targetHints":{"allow":["GET"]}}],"collection":[{"href":"https:\/\/www.europesays.com\/pt\/wp-json\/wp\/v2\/posts"}],"about":[{"href":"https:\/\/www.europesays.com\/pt\/wp-json\/wp\/v2\/types\/post"}],"author":[{"embeddable":true,"href":"https:\/\/www.europesays.com\/pt\/wp-json\/wp\/v2\/users\/2"}],"replies":[{"embeddable":true,"href":"https:\/\/www.europesays.com\/pt\/wp-json\/wp\/v2\/comments?post=86810"}],"version-history":[{"count":0,"href":"https:\/\/www.europesays.com\/pt\/wp-json\/wp\/v2\/posts\/86810\/revisions"}],"wp:featuredmedia":[{"embeddable":true,"href":"https:\/\/www.europesays.com\/pt\/wp-json\/wp\/v2\/media\/86811"}],"wp:attachment":[{"href":"https:\/\/www.europesays.com\/pt\/wp-json\/wp\/v2\/media?parent=86810"}],"wp:term":[{"taxonomy":"category","embeddable":true,"href":"https:\/\/www.europesays.com\/pt\/wp-json\/wp\/v2\/categories?post=86810"},{"taxonomy":"post_tag","embeddable":true,"href":"https:\/\/www.europesays.com\/pt\/wp-json\/wp\/v2\/tags?post=86810"}],"curies":[{"name":"wp","href":"https:\/\/api.w.org\/{rel}","templated":true}]}}