{"id":86831,"date":"2025-09-26T00:01:06","date_gmt":"2025-09-26T00:01:06","guid":{"rendered":"https:\/\/www.europesays.com\/pt\/86831\/"},"modified":"2025-09-26T00:01:06","modified_gmt":"2025-09-26T00:01:06","slug":"muito-antes-de-wegovy-e-mounjaro-conheca-remedios-mais-baratos-usados-para-tratar-obesidade","status":"publish","type":"post","link":"https:\/\/www.europesays.com\/pt\/86831\/","title":{"rendered":"Muito antes de Wegovy e Mounjaro: conhe\u00e7a rem\u00e9dios mais baratos usados para tratar obesidade"},"content":{"rendered":"<p data-component-name=\"paragraph\" class=\"styles__ParagraphStyled-sc-6adecn-0 gsLklW  \">Nos \u00faltimos anos, as canetas injet\u00e1veis para tratamento da <a href=\"https:\/\/www.estadao.com.br\/tudo-sobre\/obesidade\/\" target=\"_blank\" rel=\"nofollow noopener\" title=\"https:\/\/www.estadao.com.br\/tudo-sobre\/obesidade\/\"><strong>obesidade<\/strong><\/a>, como <a href=\"https:\/\/www.estadao.com.br\/tudo-sobre\/wegovy\/\" target=\"_blank\" rel=\"nofollow noopener\" title=\"https:\/\/www.estadao.com.br\/tudo-sobre\/wegovy\/\"><strong>Wegovy<\/strong><\/a> e <a href=\"https:\/\/www.estadao.com.br\/tudo-sobre\/mounjaro\/\" target=\"_blank\" rel=\"nofollow noopener\" title=\"https:\/\/www.estadao.com.br\/tudo-sobre\/mounjaro\/\"><strong>Mounjaro<\/strong><\/a>, ganharam destaque por seus efeitos na perda de peso e na <a href=\"https:\/\/www.estadao.com.br\/saude\/wegovy-estudo-mostra-reducao-de-risco-de-problemas-cardiacos-independente-da-perda-de-peso-entenda\/?srsltid=AfmBOoqPTeqih7RtXmdwEN5NQWaX9eOXgmfS8NZ27GM10mXhKAn7Lnoq\" target=\"_blank\" rel=\"nofollow noopener\"><strong>prote\u00e7\u00e3o contra problemas cardiovasculares<\/strong><\/a>, entre <a href=\"https:\/\/www.estadao.com.br\/saude\/estudo-analisa-riscos-e-beneficios-de-remedios-da-classe-do-ozempic-efeito-no-cerebro-e-destaque\/\" target=\"_blank\" rel=\"nofollow noopener\" title=\"https:\/\/www.estadao.com.br\/saude\/estudo-analisa-riscos-e-beneficios-de-remedios-da-classe-do-ozempic-efeito-no-cerebro-e-destaque\/\"><strong>outros benef\u00edcios<\/strong><\/a>. O valor dos medicamentos, no entanto, pode afastar os pacientes: eles podem custar mais de R$ 1,7 mil. <\/p>\n<p data-component-name=\"paragraph\" class=\"styles__ParagraphStyled-sc-6adecn-0 gsLklW  \">Mas os an\u00e1logos de GLP-1, classe \u00e0 qual pertencem as canetas, n\u00e3o s\u00e3o a \u00fanica op\u00e7\u00e3o no mercado. Existem medicamentos mais baratos que podem ajudar no tratamento da obesidade, <a href=\"https:\/\/www.estadao.com.br\/saude\/tres-em-cada-dez-brasileiros-vivem-com-obesidade-indica-atlas-mundial\/\" target=\"_blank\" rel=\"nofollow noopener\" title=\"https:\/\/www.estadao.com.br\/saude\/tres-em-cada-dez-brasileiros-vivem-com-obesidade-indica-atlas-mundial\/\"><strong>doen\u00e7a cr\u00f4nica complexa que afeta milh\u00f5es de brasileiros<\/strong><\/a>.<\/p>\n<p><img  loading=\"lazy\" class=\"lazy-load-img\"\/><\/p>\n<p>Al\u00e9m dos an\u00e1logos de GLP-1, existem outros medicamentos para tratamento da obesidade\u00a0Foto:  Iuliia Pilipeichenko\/Adobe Stock<\/p>\n<p>Segundo Marcio Mancini, coordenador do Departamento de Farmacologia da Associa\u00e7\u00e3o Brasileira para o Estudo da Obesidade e S\u00edndrome Metab\u00f3lica (Abeso), essas alternativas ainda s\u00e3o muito \u00fateis, principalmente por conta do custo. \u201cEsses rem\u00e9dios est\u00e3o no mercado porque estudos mostraram que eles s\u00e3o eficazes no tratamento da obesidade\u201d, diz.<\/p>\n<p>\u201cOs medicamentos podem, inclusive, ser associados ao tratamento com os injet\u00e1veis, n\u00e3o h\u00e1 nenhuma contraindica\u00e7\u00e3o. Podem potencializar a perda de peso\u201d, adiciona Mancini, que tamb\u00e9m \u00e9 membro da Sociedade Brasileira de <a href=\"https:\/\/www.estadao.com.br\/tudo-sobre\/endocrinologia\/\" target=\"_blank\" rel=\"nofollow noopener\" title=\"https:\/\/www.estadao.com.br\/tudo-sobre\/endocrinologia\/\"><strong>Endocrinologia<\/strong><\/a> e Metabologia (Sbem).<\/p>\n<p data-component-name=\"paragraph\" class=\"styles__ParagraphStyled-sc-6adecn-0 gsLklW  \">Ele ressalta, por\u00e9m, que a redu\u00e7\u00e3o de peso com os medicamentos \u00e9 inferior \u00e0 das canetas e que sua efic\u00e1cia na redu\u00e7\u00e3o das comorbidades \u00e9 menor \u2014 algumas op\u00e7\u00f5es, inclusive, podem aumentar a press\u00e3o arterial. Outro ponto que vale refor\u00e7ar: essas subst\u00e2ncias devem ser prescritas por um profissional de sa\u00fade e utilizadas com acompanhamento. <\/p>\n<p>Sibutramina<\/p>\n<p data-component-name=\"paragraph\" class=\"styles__ParagraphStyled-sc-6adecn-0 gsLklW  \">Uma das op\u00e7\u00f5es no mercado \u00e9 a sibutramina, com valores que variam de R$ 30 a R$ 120. \u201cA principal fun\u00e7\u00e3o da sibutramina \u00e9 diminuir a vontade de comer carboidratos e doces, porque ela tem um efeito serotonin\u00e9rgico e noradren\u00e9rgico\u201d, afirma Paulo Rosenbaum, endocrinologista do Einstein Hospital Israelita. <\/p>\n<p data-component-name=\"paragraph\" class=\"styles__ParagraphStyled-sc-6adecn-0 gsLklW  \">\u201cEla vai dar um poder de saciedade, mas a perda de peso e os resultados s\u00e3o inferiores em compara\u00e7\u00e3o com as canetas\u201d, afirma. <\/p>\n<p data-component-name=\"paragraph\" class=\"styles__ParagraphStyled-sc-6adecn-0 gsLklW  \">O principal efeito colateral do rem\u00e9dio \u00e9 o risco cardiovascular. Em pacientes com <a href=\"https:\/\/www.estadao.com.br\/tudo-sobre\/hipertensao-arterial\/\" target=\"_blank\" rel=\"nofollow noopener\" title=\"https:\/\/www.estadao.com.br\/tudo-sobre\/hipertensao-arterial\/\"><strong>hipertens\u00e3o<\/strong><\/a> ou diabetes, por exemplo, ele pode aumentar a press\u00e3o arterial e frequ\u00eancia card\u00edaca. Por conta dos riscos, a sibutramina chegou a ser retirada do mercado europeu em 2010, ap\u00f3s uma determina\u00e7\u00e3o da Ag\u00eancia Europeia de Medicamentos (EMA).<\/p>\n<p>Orlistate<\/p>\n<p data-component-name=\"paragraph\" class=\"styles__ParagraphStyled-sc-6adecn-0 gsLklW  \">Outra op\u00e7\u00e3o \u00e9 o orlistate, antes chamado de xenical, com pre\u00e7os que variam entre R$ 47 e R$ 274. \u201cEsse medicamento diminui a absor\u00e7\u00e3o de gordura no intestino, levando a uma perda de peso em pessoas que ingerem uma quantidade maior de gordura\u201d, detalha Rosenbaum. <\/p>\n<p data-component-name=\"paragraph\" class=\"styles__ParagraphStyled-sc-6adecn-0 gsLklW  \">Ele destaca que a perda de peso \u00e9 pequena, de cerca de 2,5 a 3%, e que os efeitos colaterais incluem flatul\u00eancia e diarreia. Por conta disso, o medicamento \u00e9 pouco utilizado na pr\u00e1tica cl\u00ednica.<\/p>\n<p>Bupropiona e naltrexona<\/p>\n<p data-component-name=\"paragraph\" class=\"styles__ParagraphStyled-sc-6adecn-0 gsLklW  \">A associa\u00e7\u00e3o de bupropiona e naltrexona, chamada comercialmente de Contrave, tamb\u00e9m pode ser usada no tratamento. O primeiro atua como um antidepressivo e pode ajudar a reduzir o apetite, enquanto o segundo \u00e9 frequentemente usado no tratamento de depend\u00eancia qu\u00edmica e \u00e1lcool, mas tem sido associado \u00e0 redu\u00e7\u00e3o de desejos compulsivos por alimentos. <\/p>\n<p data-component-name=\"paragraph\" class=\"styles__ParagraphStyled-sc-6adecn-0 gsLklW  \">\u201c(A associa\u00e7\u00e3o) tem um bom resultado em termos de perda de peso. A principal indica\u00e7\u00e3o \u00e9 para indiv\u00edduos que t\u00eam uma certa compuls\u00e3o, porque ele tem uma a\u00e7\u00e3o no mecanismo de recompensa\u201d, pontua Rosenbaum. Cada caixa custa entre R$ 600 e R$ 700.<\/p>\n<p>Uso combinado de medicamentos<\/p>\n<p>A combina\u00e7\u00e3o da sibutramina com topiramato \u2014 medicamento usado principalmente para tratar epilepsia e enxaqueca, mas que tamb\u00e9m gera perda de peso \u2014 \u00e9 um outro m\u00e9todo que pode ajudar no tratamento da obesidade, <a href=\"https:\/\/dmsjournal.biomedcentral.com\/articles\/10.1186\/s13098-025-01842-1\" target=\"_blank\" rel=\"nofollow noopener\" title=\"https:\/\/dmsjournal.biomedcentral.com\/articles\/10.1186\/s13098-025-01842-1\"><strong>segundo um estudo<\/strong><\/a> conduzido por pesquisadores do Hospital das Cl\u00ednicas da Faculdade de Medicina da <a href=\"https:\/\/www.estadao.com.br\/tudo-sobre\/usp-universidade-de-sao-paulo\/\" target=\"_blank\" rel=\"nofollow noopener\" title=\"https:\/\/www.estadao.com.br\/tudo-sobre\/usp-universidade-de-sao-paulo\/\"><strong>Universidade de S\u00e3o Paulo<\/strong><\/a> (HCFMUSP).<\/p>\n<p>A combina\u00e7\u00e3o j\u00e1 vinha sendo usada de forma off-label na pr\u00e1tica cl\u00ednica, mas havia pouca informa\u00e7\u00e3o sobre sua seguran\u00e7a e efic\u00e1cia. \u201cA sibutramina e o topiramato levam \u00e0 perda de peso quando usados isoladamente, mas a associa\u00e7\u00e3o dos dois leva a uma perda de peso muito maior. Por isso a gente resolveu fazer o levantamento\u201d, explica a endocrinologista Maria Edna de Melo, uma das autoras do estudo e m\u00e9dica do Grupo de Obesidade e S\u00edndrome Metab\u00f3lica do HCFMUSP.<\/p>\n<p>Os resultados apontam uma perda de peso de 11% em m\u00e9dia, pr\u00f3xima \u00e0 de alguns estudos com as canetas. A <a href=\"https:\/\/www.estadao.com.br\/tudo-sobre\/mounjaro\/\" target=\"_blank\" rel=\"nofollow noopener\" title=\"https:\/\/www.estadao.com.br\/tudo-sobre\/mounjaro\/\"><strong>tirzepatida (Mounjaro)<\/strong><\/a> tem uma estimativa de perda de peso que varia entre 15% e 22%. A <a href=\"https:\/\/www.estadao.com.br\/tudo-sobre\/wegovy\/\" target=\"_blank\" rel=\"nofollow noopener\" title=\"https:\/\/www.estadao.com.br\/tudo-sobre\/wegovy\/\"><strong>semaglutida (Wegovy)<\/strong><\/a> apresenta uma redu\u00e7\u00e3o estimada de 10% a 15%, enquanto com a<a href=\"https:\/\/www.estadao.com.br\/saude\/canetas-para-obesidade-confira-as-diferencas-entre-liraglutida-semaglutida-e-tirzepatida-nprm\/\" target=\"_blank\" rel=\"nofollow noopener\" title=\"https:\/\/www.estadao.com.br\/saude\/canetas-para-obesidade-confira-as-diferencas-entre-liraglutida-semaglutida-e-tirzepatida-nprm\/\"><strong> liraglutida<\/strong><\/a> a diminui\u00e7\u00e3o varia entre 5% e 8%.<\/p>\n<p>O estudo incluiu 246 pacientes com 18 anos ou mais. Todos apresentavam \u00edndice de massa corporal (IMC) superior a 30 kg\/m\u00b2 ou acima de 27 kg\/m\u00b2, desde que tivessem pelo menos uma comorbidade, como diabetes tipo 2, hipertens\u00e3o ou dislipidemia. Eles usaram a combina\u00e7\u00e3o por, pelo menos, tr\u00eas meses.<\/p>\n<p>Os participantes receberam orienta\u00e7\u00e3o para seguir uma dieta hipocal\u00f3rica e foram incentivados a praticar atividade f\u00edsica regularmente. Al\u00e9m disso, foram acompanhados por uma equipe formada por endocrinologistas e nutricionistas.<\/p>\n<p>Entre os efeitos colaterais, foram relatados formigamento nas m\u00e3os e nos p\u00e9s, diminui\u00e7\u00e3o de mem\u00f3ria e aumento da press\u00e3o arterial. \u201cInterrompemos o uso da medica\u00e7\u00e3o em 24% dos pacientes. Em estudo cl\u00ednico, \u00e9 uma m\u00e9dia comum\u201d, diz Maria Edna.<\/p>\n<p data-component-name=\"paragraph\" class=\"styles__ParagraphStyled-sc-6adecn-0 gsLklW  \">Segundo a pesquisadora, a combina\u00e7\u00e3o n\u00e3o \u00e9 recomendada para pacientes com alto risco cardiovascular, com quadro psiqui\u00e1trico grave, hipertens\u00e3o ou glaucoma. Ela tamb\u00e9m n\u00e3o deve ser usada por gestantes.<\/p>\n","protected":false},"excerpt":{"rendered":"Nos \u00faltimos anos, as canetas injet\u00e1veis para tratamento da obesidade, como Wegovy e Mounjaro, ganharam destaque por seus&hellip;\n","protected":false},"author":2,"featured_media":86832,"comment_status":"","ping_status":"","sticky":false,"template":"","format":"standard","meta":{"footnotes":""},"categories":[86],"tags":[21943,12085,7357,10329,21944,5486,7359,21945,21946,10334,7361,4187,21947,21948,21949,21950,12595,4191,116,183,7366,184,21951,21952,21953,15094,10339,1107,1108,4196,21954,10340,4197,1109,21955,4198,7371,1113,21956,4201,32,21957,5509,21958,7374,33,6805,19970,21959,21960,117,4204,21961],"class_list":{"0":"post-86831","1":"post","2":"type-post","3":"status-publish","4":"format-standard","5":"has-post-thumbnail","7":"category-saude","8":"tag-60s","9":"tag-adult","10":"tag-aging","11":"tag-amnesia","12":"tag-amnesic","13":"tag-care","14":"tag-caucasian","15":"tag-concerned","16":"tag-confused","17":"tag-confusion","18":"tag-dementia","19":"tag-elderly","20":"tag-forget","21":"tag-forgetful","22":"tag-forgetting","23":"tag-fridge","24":"tag-gray","25":"tag-hair","26":"tag-health","27":"tag-home","28":"tag-horizontal","29":"tag-indoors","30":"tag-list","31":"tag-living","32":"tag-lonesome","33":"tag-looking","34":"tag-loss","35":"tag-male","36":"tag-man","37":"tag-mature","38":"tag-maturity","39":"tag-memory","40":"tag-men","41":"tag-mental","42":"tag-notes","43":"tag-old","44":"tag-one","45":"tag-person","46":"tag-pondering","47":"tag-portrait","48":"tag-portugal","49":"tag-post-it","50":"tag-problem","51":"tag-problems","52":"tag-process","53":"tag-pt","54":"tag-remember","55":"tag-reminder","56":"tag-retired","57":"tag-retirement","58":"tag-saude","59":"tag-senior","60":"tag-sticky"},"share_on_mastodon":{"url":"","error":""},"_links":{"self":[{"href":"https:\/\/www.europesays.com\/pt\/wp-json\/wp\/v2\/posts\/86831","targetHints":{"allow":["GET"]}}],"collection":[{"href":"https:\/\/www.europesays.com\/pt\/wp-json\/wp\/v2\/posts"}],"about":[{"href":"https:\/\/www.europesays.com\/pt\/wp-json\/wp\/v2\/types\/post"}],"author":[{"embeddable":true,"href":"https:\/\/www.europesays.com\/pt\/wp-json\/wp\/v2\/users\/2"}],"replies":[{"embeddable":true,"href":"https:\/\/www.europesays.com\/pt\/wp-json\/wp\/v2\/comments?post=86831"}],"version-history":[{"count":0,"href":"https:\/\/www.europesays.com\/pt\/wp-json\/wp\/v2\/posts\/86831\/revisions"}],"wp:featuredmedia":[{"embeddable":true,"href":"https:\/\/www.europesays.com\/pt\/wp-json\/wp\/v2\/media\/86832"}],"wp:attachment":[{"href":"https:\/\/www.europesays.com\/pt\/wp-json\/wp\/v2\/media?parent=86831"}],"wp:term":[{"taxonomy":"category","embeddable":true,"href":"https:\/\/www.europesays.com\/pt\/wp-json\/wp\/v2\/categories?post=86831"},{"taxonomy":"post_tag","embeddable":true,"href":"https:\/\/www.europesays.com\/pt\/wp-json\/wp\/v2\/tags?post=86831"}],"curies":[{"name":"wp","href":"https:\/\/api.w.org\/{rel}","templated":true}]}}