{"id":86921,"date":"2025-09-26T01:26:17","date_gmt":"2025-09-26T01:26:17","guid":{"rendered":"https:\/\/www.europesays.com\/pt\/86921\/"},"modified":"2025-09-26T01:26:17","modified_gmt":"2025-09-26T01:26:17","slug":"estava-a-espera-da-meia-noite-para-diogo-amaral-surpreende-com-publicacao-inesperada-novelas","status":"publish","type":"post","link":"https:\/\/www.europesays.com\/pt\/86921\/","title":{"rendered":"\u00abEstava \u00e0 espera da meia noite para&#8230;\u00bb: Diogo Amaral surpreende com publica\u00e7\u00e3o inesperada &#8211; Novelas"},"content":{"rendered":"<p data-end=\"537\" data-start=\"243\"><strong data-end=\"253\" data-start=\"243\">Mateus<\/strong>, filho mais velho de<a href=\"https:\/\/tvi.iol.pt\/novelas\/diogo-amaral\/jessic-athayde\/diogo-amaral-desafia-jessica-athayde-e-acaba-surpreendido-subestimei-a-minha-celia\" rel=\"nofollow noopener\" target=\"_blank\"> <strong data-end=\"291\" data-start=\"275\">Diogo Amaral<\/strong><\/a>, fruto do relacionamento com <a href=\"https:\/\/tvi.iol.pt\/novelas\/vera-kolodzig\/espirito-indomavel\/vera-kolodzig-abre-o-coracao-arrisquei-tudo-um-dos-meus-maiores-medos\" rel=\"nofollow noopener\" target=\"_blank\"><strong data-end=\"338\" data-start=\"321\">Vera Kolodzig<\/strong><\/a>, celebra esta quinta-feira, 25 de setembro, o seu <strong data-end=\"409\" data-start=\"389\">11.\u00ba anivers\u00e1rio<\/strong>. A data foi assinalada de forma especial nas redes sociais pelo pr\u00f3prio pai, que partilhou uma homenagem carregada de emo\u00e7\u00e3o: <strong>&#8220;O meu beb\u00e9 mais crescido faz hoje 11 anos (podes dar-lhe os parab\u00e9ns sff \ud83d\ude01\ud83e\udd70) o meu Matosinhos j\u00e1 faz 11 anos, o meu rapaz do cora\u00e7\u00e3o bom, o meu menino da imagina\u00e7\u00e3o grande, da generosidade bonita e da gargalhada contagiante. N\u00e3o h\u00e1 palavras para descrever o amor que se sente por um filho\u2026 amo-te Mateus, todos os dias e incondicionalmente \u2764\ufe0f<\/strong>&#8220;<\/p>\n<p data-end=\"1111\" data-start=\"891\">Tamb\u00e9m <strong data-end=\"917\" data-start=\"898\">Jessica Athayde<\/strong>, madrasta de Mateus, n\u00e3o deixou passar a data em branco. A atriz partilhou <strong data-end=\"1013\" data-start=\"993\">imagens in\u00e9ditas<\/strong> e refletiu sobre o papel de madrasta, mostrando o carinho e a dedica\u00e7\u00e3o que sente pelo enteado:<strong> &#8220;Falo muito sobre maternidade, mas pouco sobre ser madrasta. \u00c9 ter um filho semana sim, semana n\u00e3o, impor-te mas n\u00e3o demais, n\u00e3o substituir a m\u00e3e mas n\u00e3o ser s\u00f3 amiga. Tratar os dois por igual, educar, brincar, ajudar com trabalhos de casa e ser chata a mand\u00e1-lo lavar os dentes bem antes de dormir. S\u00e3o dois filhos, mas um &#8216;emprestado&#8217; que vai e volta&#8221;,<\/strong> desabafou.<\/p>\n<p data-end=\"1742\" data-start=\"1484\">Relembre-se que <strong data-end=\"1532\" data-start=\"1500\">Diogo Amaral e Vera Kolodzig<\/strong> mantiveram uma rela\u00e7\u00e3o duradoura, tendo <strong data-end=\"1583\" data-start=\"1573\">Mateus<\/strong> como filho em comum. A separa\u00e7\u00e3o do casal foi anunciada em janeiro de 2017, embora o div\u00f3rcio tenha sido formalizado quando o menino tinha apenas dois anos.<\/p>\n<p data-end=\"2099\" data-start=\"1744\">Em 2018, <strong data-end=\"1809\" data-start=\"1753\">Diogo Amaral iniciou uma rela\u00e7\u00e3o com Jessica Athayde<\/strong>, e a 8 de junho de 2019 nasceram <strong data-end=\"1879\" data-start=\"1843\">Oliver Ross de Athayde do Amaral<\/strong>, o segundo filho do ator. Apesar de se terem separado em setembro de 2019, o casal voltou a encontrar-se e est\u00e1 atualmente <strong data-end=\"2027\" data-start=\"2003\">juntamente novamente<\/strong>, consolidando a fam\u00edlia e mantendo uma rela\u00e7\u00e3o pr\u00f3xima com os filhos.\u00a0<\/p>\n<p data-end=\"2099\" data-start=\"1744\">Veja aqui um dos videos mais engra\u00e7ados do casal:\u00a0<\/p>\n<p data-end=\"2288\" data-start=\"2101\">Este anivers\u00e1rio de Mateus evidencia a <strong data-end=\"2195\" data-start=\"2140\">uni\u00e3o e o carinho entre todos os membros da fam\u00edlia<\/strong>, mostrando que mesmo rela\u00e7\u00f5es complexas podem ser marcadas por amor, respeito e dedica\u00e7\u00e3o.<\/p>\n<p data-end=\"2288\" data-start=\"2101\">Veja tamb\u00e9m:\u00a0<\/p>\n<p data-end=\"2288\" data-start=\"2101\"><a href=\"https:\/\/tvi.iol.pt\/novelas\/matilde-breyner\/tiago-felizardo\/quando-discuto-com-o-tiago-felizardo-matilde-breyner-replica-momento-iconico-do-secret-story\" rel=\"nofollow noopener\" target=\"_blank\">\u201cQuando discuto com o Tiago Felizardo\u201d: Matilde Breyner replica momento ic\u00f3nico do Secret Story &#8211; Novelas &#8211; TVI<\/a><\/p>\n<p data-end=\"2288\" data-start=\"2101\"><a href=\"https:\/\/tvi.iol.pt\/novelas\/diferenca-de-idades\/historia-de-amor\/luisa-tem-47-anos-e-apaixonou-se-por-um-homem-17-anos-mais-novo-sou-feliz-como-nunca\" rel=\"nofollow noopener\" target=\"_blank\">Lu\u00edsa tem 47 anos e apaixonou-se por um homem 17 anos mais novo: \u00abSou feliz como nunca\u00bb &#8211; Novelas &#8211; TVI<\/a><\/p>\n","protected":false},"excerpt":{"rendered":"Mateus, filho mais velho de Diogo Amaral, fruto do relacionamento com Vera Kolodzig, celebra esta quinta-feira, 25 de&hellip;\n","protected":false},"author":2,"featured_media":86922,"comment_status":"","ping_status":"","sticky":false,"template":"","format":"standard","meta":{"footnotes":""},"categories":[142],"tags":[2642,160,166,2663,114,115,981,157,167,11436,164,21965,161,158,165,159,32,33,156,163,151,162,21964],"class_list":{"0":"post-86921","1":"post","2":"type-post","3":"status-publish","4":"format-standard","5":"has-post-thumbnail","7":"category-tv","8":"tag-amor","9":"tag-ana-guiomar","10":"tag-cristina-ferreira","11":"tag-diogo-amaral","12":"tag-entertainment","13":"tag-entretenimento","14":"tag-familia","15":"tag-festa-e-festa","16":"tag-ficcao","17":"tag-jessica-athayde","18":"tag-jose-fidalgo","19":"tag-mateus","20":"tag-novelas","21":"tag-para-sempre","22":"tag-pedro-sousa","23":"tag-pedro-teixeira","24":"tag-portugal","25":"tag-pt","26":"tag-queridos-papas","27":"tag-tiago-teotonio-pereira","28":"tag-tv","29":"tag-tvi","30":"tag-vera-kolodzig"},"share_on_mastodon":{"url":"","error":""},"_links":{"self":[{"href":"https:\/\/www.europesays.com\/pt\/wp-json\/wp\/v2\/posts\/86921","targetHints":{"allow":["GET"]}}],"collection":[{"href":"https:\/\/www.europesays.com\/pt\/wp-json\/wp\/v2\/posts"}],"about":[{"href":"https:\/\/www.europesays.com\/pt\/wp-json\/wp\/v2\/types\/post"}],"author":[{"embeddable":true,"href":"https:\/\/www.europesays.com\/pt\/wp-json\/wp\/v2\/users\/2"}],"replies":[{"embeddable":true,"href":"https:\/\/www.europesays.com\/pt\/wp-json\/wp\/v2\/comments?post=86921"}],"version-history":[{"count":0,"href":"https:\/\/www.europesays.com\/pt\/wp-json\/wp\/v2\/posts\/86921\/revisions"}],"wp:featuredmedia":[{"embeddable":true,"href":"https:\/\/www.europesays.com\/pt\/wp-json\/wp\/v2\/media\/86922"}],"wp:attachment":[{"href":"https:\/\/www.europesays.com\/pt\/wp-json\/wp\/v2\/media?parent=86921"}],"wp:term":[{"taxonomy":"category","embeddable":true,"href":"https:\/\/www.europesays.com\/pt\/wp-json\/wp\/v2\/categories?post=86921"},{"taxonomy":"post_tag","embeddable":true,"href":"https:\/\/www.europesays.com\/pt\/wp-json\/wp\/v2\/tags?post=86921"}],"curies":[{"name":"wp","href":"https:\/\/api.w.org\/{rel}","templated":true}]}}