{"id":87020,"date":"2025-09-26T03:02:23","date_gmt":"2025-09-26T03:02:23","guid":{"rendered":"https:\/\/www.europesays.com\/pt\/87020\/"},"modified":"2025-09-26T03:02:23","modified_gmt":"2025-09-26T03:02:23","slug":"ines-morais-declara-se-a-dois-ex-concorrentes-do-desafio-final-opa-adoro-os","status":"publish","type":"post","link":"https:\/\/www.europesays.com\/pt\/87020\/","title":{"rendered":"In\u00eas Morais declara-se a dois ex-concorrentes do Desafio Final: &#8220;Opa, adoro-os&#8230;&#8221;"},"content":{"rendered":"<p>\t\t\t\t\t\t\t\t\t\t\t\t<a href=\"#\" onclick=\"window.open('http:\/\/www.facebook.com\/sharer.php?u=https:\/\/cusquices.com\/ines-morais-declara-se-a-dois-ex-concorrentes-do-desafio-final-opa-adoro-os\/&amp;t=In\u00eas Morais declara-se a dois ex-concorrentes do Desafio Final: \u201cOpa, adoro-os\u2026\u201d', 'facebookShare', 'width=626,height=436'); return false;\" title=\"Share on Facebook\"><\/p>\n<p>Share<\/p>\n<p><\/a><br \/>\n\t\t\t\t\t\t\t\t\t\t\t\t<a href=\"#\" onclick=\"window.open('http:\/\/twitter.com\/share?text=In\u00eas Morais declara-se a dois ex-concorrentes do Desafio Final: \u201cOpa, adoro-os\u2026\u201d -&amp;url=https:\/\/cusquices.com\/ines-morais-declara-se-a-dois-ex-concorrentes-do-desafio-final-opa-adoro-os\/', 'twitterShare', 'width=626,height=436'); return false;\" title=\"Tweet This Post\"><\/p>\n<p>Tweet<\/p>\n<p><\/a><br \/>\n\t\t\t\t\t\t\t\t\t\t\t\t<a href=\"whatsapp:\/\/send?text=In\u00eas Morais declara-se a dois ex-concorrentes do Desafio Final: \u201cOpa, adoro-os\u2026\u201d https:\/\/cusquices.com\/ines-morais-declara-se-a-dois-ex-concorrentes-do-desafio-final-opa-adoro-os\/\" rel=\"nofollow\"><\/p>\n<p>Share<\/p>\n<p><\/a><br \/>\n\t\t\t\t\t\t\t\t\t\t\t\t<a href=\"#\" onclick=\"window.open('http:\/\/pinterest.com\/pin\/create\/button\/?url=https:\/\/cusquices.com\/ines-morais-declara-se-a-dois-ex-concorrentes-do-desafio-final-opa-adoro-os\/&amp;media=https:\/\/cusquices.com\/wp-content\/uploads\/2025\/09\/inesmorais-1000x600.jpg&amp;description=In\u00eas Morais declara-se a dois ex-concorrentes do Desafio Final: \u201cOpa, adoro-os\u2026\u201d', 'pinterestShare', 'width=750,height=350'); return false;\" title=\"Pin This Post\"><\/p>\n<p>Share<\/p>\n<p><\/a><br \/>\n\t\t\t\t\t\t\t\t\t\t\t\t<a href=\"mailto:?subject=In\u00eas Morais declara-se a dois ex-concorrentes do Desafio Final: \u201cOpa, adoro-os\u2026\u201d&amp;BODY=I found this article interesting and thought of sharing it with you. Check it out: https:\/\/cusquices.com\/ines-morais-declara-se-a-dois-ex-concorrentes-do-desafio-final-opa-adoro-os\/\"><\/p>\n<p>Email<\/p>\n<p><\/a><br \/>\n\t\t\t\t\t\t\t\t\t\t\t\t\t\t\t\t\t\t\t\t\t\t\t\t\t\t\t\t\t\t\t\t\t\t\t\t\t\t\t\t\t\t\t\t\t\t\t\t\t\t\t\t\t<a href=\"https:\/\/cusquices.com\/ines-morais-declara-se-a-dois-ex-concorrentes-do-desafio-final-opa-adoro-os\/#respond\" rel=\"nofollow noopener\" target=\"_blank\"><\/p>\n<p><strong>In\u00eas Morais <\/strong>voltou a juntar-se com dois amigos muito especiais que fez durante a sua participa\u00e7\u00e3o no Desafio Final. A bi-campe\u00e3, partilhou o encontro com <strong>Joana Diniz e Jo\u00e3o Ricardo<\/strong> e acabou por se declarar aos amigos.<\/p>\n<p><strong>\u201cOpa, adoro-os\u201d,<\/strong> escreveu In\u00eas na legenda da publica\u00e7\u00e3o onde mostrou Joana e Jo\u00e3o Ricardo num momento divertido de grande cumplicidade.<\/p>\n<p>Veja a publica\u00e7\u00e3o de In\u00eas:<\/p>\n<p><img loading=\"lazy\" decoding=\"async\" width=\"566\" height=\"1024\" src=\"https:\/\/www.europesays.com\/pt\/wp-content\/uploads\/2025\/09\/ines-joanajoao-566x1024.png\" alt=\"\" class=\"wp-image-98764 webpexpress-processed\"  \/><\/p>\n<p>\t\t\t\t\t\t\t\t\t\t\t\t\t\t\t\t\t\t\t\t\t\t\t\t\t<img decoding=\"async\" src=\"https:\/\/www.europesays.com\/pt\/wp-content\/uploads\/2025\/09\/1758443114_763_cusquices-logo-52x.png\" class=\"webpexpress-processed\"\/><\/p>\n<p>\t\t\t\t\t\t\t\t\t\t\t\t\t\t\t\t\t\t\t\t\t            \t\t\t\t\t\t\t\t\t\t\t\t\t\t\t\t\t\t\t\t\t\t\t\t\t\t\t\t\t\t\t\t\t\t\t\t\t\t\t<script async src=\"https:\/\/platform.twitter.com\/widgets.js\" charset=\"utf-8\"><\/script><\/p>\n","protected":false},"excerpt":{"rendered":"Share Tweet Share Share Email In\u00eas Morais voltou a juntar-se com dois amigos muito especiais que fez durante&hellip;\n","protected":false},"author":2,"featured_media":87021,"comment_status":"","ping_status":"","sticky":false,"template":"","format":"standard","meta":{"footnotes":""},"categories":[85],"tags":[49,114,115,980,6520,21972,1829,32,33],"class_list":{"0":"post-87020","1":"post","2":"type-post","3":"status-publish","4":"format-standard","5":"has-post-thumbnail","7":"category-entretenimento","8":"tag-destaques","9":"tag-entertainment","10":"tag-entretenimento","11":"tag-famosos","12":"tag-ines-morais","13":"tag-joana-dinis","14":"tag-joao-ricardo","15":"tag-portugal","16":"tag-pt"},"share_on_mastodon":{"url":"","error":""},"_links":{"self":[{"href":"https:\/\/www.europesays.com\/pt\/wp-json\/wp\/v2\/posts\/87020","targetHints":{"allow":["GET"]}}],"collection":[{"href":"https:\/\/www.europesays.com\/pt\/wp-json\/wp\/v2\/posts"}],"about":[{"href":"https:\/\/www.europesays.com\/pt\/wp-json\/wp\/v2\/types\/post"}],"author":[{"embeddable":true,"href":"https:\/\/www.europesays.com\/pt\/wp-json\/wp\/v2\/users\/2"}],"replies":[{"embeddable":true,"href":"https:\/\/www.europesays.com\/pt\/wp-json\/wp\/v2\/comments?post=87020"}],"version-history":[{"count":0,"href":"https:\/\/www.europesays.com\/pt\/wp-json\/wp\/v2\/posts\/87020\/revisions"}],"wp:featuredmedia":[{"embeddable":true,"href":"https:\/\/www.europesays.com\/pt\/wp-json\/wp\/v2\/media\/87021"}],"wp:attachment":[{"href":"https:\/\/www.europesays.com\/pt\/wp-json\/wp\/v2\/media?parent=87020"}],"wp:term":[{"taxonomy":"category","embeddable":true,"href":"https:\/\/www.europesays.com\/pt\/wp-json\/wp\/v2\/categories?post=87020"},{"taxonomy":"post_tag","embeddable":true,"href":"https:\/\/www.europesays.com\/pt\/wp-json\/wp\/v2\/tags?post=87020"}],"curies":[{"name":"wp","href":"https:\/\/api.w.org\/{rel}","templated":true}]}}