{"id":87033,"date":"2025-09-26T03:25:08","date_gmt":"2025-09-26T03:25:08","guid":{"rendered":"https:\/\/www.europesays.com\/pt\/87033\/"},"modified":"2025-09-26T03:25:08","modified_gmt":"2025-09-26T03:25:08","slug":"a-tomar-as-dores-do-marido-marisa-envolve-se-em-picardia-com-ana-cristina-secret-story","status":"publish","type":"post","link":"https:\/\/www.europesays.com\/pt\/87033\/","title":{"rendered":"A tomar as dores do marido? Marisa envolve-se em picardia com Ana Cristina &#8211; Secret Story"},"content":{"rendered":"<p>No Secret Story 9, Ana Cristina e Marisa protagonizaram uma nova picardia, desta vez relacionada com a quest\u00e3o das lideran\u00e7as dentro da casa. Ana Cristina n\u00e3o poupou cr\u00edticas e assegurou que os argumentos apresentados por Marisa \u00abnada t\u00eam a ver com lideran\u00e7a\u00bb, gerando mais um momento de confronto entre as concorrentes.<\/p>\n<p><strong>Esta semana, h\u00e1 cinco concorrentes em risco de abandonarem o Secret Story 9. Vote no seu concorrente preferido para salvar:<\/strong><\/p>\n<p>CARINA \u2013 761 20 20 06<br \/>F\u00c1BIO \u2013 761 20 20 08<br \/>IN\u00caS \u2013 761 20 20 10<br \/>LEANDRO \u2013 761 20 20 12<br \/>LILIANA \u2013 761 20 20 14<\/p>\n<p><a href=\"https:\/\/tvi.iol.pt\/secretstory\/aominuto\" wbo-id=\"46\" rel=\"nofollow noopener\" target=\"_blank\">Acompanhe aqui tudo o que se passa na casa mais vigiada do pa\u00eds<\/a><\/p>\n","protected":false},"excerpt":{"rendered":"No Secret Story 9, Ana Cristina e Marisa protagonizaram uma nova picardia, desta vez relacionada com a quest\u00e3o&hellip;\n","protected":false},"author":2,"featured_media":87034,"comment_status":"","ping_status":"","sticky":false,"template":"","format":"standard","meta":{"footnotes":""},"categories":[142],"tags":[19725,114,115,19033,19184,19034,32,33,151,19032],"class_list":{"0":"post-87033","1":"post","2":"type-post","3":"status-publish","4":"format-standard","5":"has-post-thumbnail","7":"category-tv","8":"tag-ana-cristina","9":"tag-entertainment","10":"tag-entretenimento","11":"tag-galas-em-video","12":"tag-marisa","13":"tag-melhores-momentos-casa-dos-segredos","14":"tag-portugal","15":"tag-pt","16":"tag-tv","17":"tag-videos-secret-story-tvi"},"share_on_mastodon":{"url":"","error":""},"_links":{"self":[{"href":"https:\/\/www.europesays.com\/pt\/wp-json\/wp\/v2\/posts\/87033","targetHints":{"allow":["GET"]}}],"collection":[{"href":"https:\/\/www.europesays.com\/pt\/wp-json\/wp\/v2\/posts"}],"about":[{"href":"https:\/\/www.europesays.com\/pt\/wp-json\/wp\/v2\/types\/post"}],"author":[{"embeddable":true,"href":"https:\/\/www.europesays.com\/pt\/wp-json\/wp\/v2\/users\/2"}],"replies":[{"embeddable":true,"href":"https:\/\/www.europesays.com\/pt\/wp-json\/wp\/v2\/comments?post=87033"}],"version-history":[{"count":0,"href":"https:\/\/www.europesays.com\/pt\/wp-json\/wp\/v2\/posts\/87033\/revisions"}],"wp:featuredmedia":[{"embeddable":true,"href":"https:\/\/www.europesays.com\/pt\/wp-json\/wp\/v2\/media\/87034"}],"wp:attachment":[{"href":"https:\/\/www.europesays.com\/pt\/wp-json\/wp\/v2\/media?parent=87033"}],"wp:term":[{"taxonomy":"category","embeddable":true,"href":"https:\/\/www.europesays.com\/pt\/wp-json\/wp\/v2\/categories?post=87033"},{"taxonomy":"post_tag","embeddable":true,"href":"https:\/\/www.europesays.com\/pt\/wp-json\/wp\/v2\/tags?post=87033"}],"curies":[{"name":"wp","href":"https:\/\/api.w.org\/{rel}","templated":true}]}}