{"id":87037,"date":"2025-09-26T03:30:19","date_gmt":"2025-09-26T03:30:19","guid":{"rendered":"https:\/\/www.europesays.com\/pt\/87037\/"},"modified":"2025-09-26T03:30:19","modified_gmt":"2025-09-26T03:30:19","slug":"eu-vou-fazer-de-tudo-para-ganhe","status":"publish","type":"post","link":"https:\/\/www.europesays.com\/pt\/87037\/","title":{"rendered":"Eu vou fazer de tudo para ganhe&#8230;"},"content":{"rendered":"<p>\t\t\t\t\t\t\t\t\t\t\t\t<a href=\"#\" onclick=\"window.open('http:\/\/www.facebook.com\/sharer.php?u=https:\/\/cusquices.com\/tino-de-rans-apoia-concorrente-do-secret-story-9-eu-vou-fazer-de-tudo-para-ganhe\/&amp;t=Tino de Rans apoia concorrente do Secret Story 9: \u201cEu vou fazer de tudo para ganhe\u2026\u201d', 'facebookShare', 'width=626,height=436'); return false;\" title=\"Share on Facebook\"><\/p>\n<p>Share<\/p>\n<p><\/a><br \/>\n\t\t\t\t\t\t\t\t\t\t\t\t<a href=\"#\" onclick=\"window.open('http:\/\/twitter.com\/share?text=Tino de Rans apoia concorrente do Secret Story 9: \u201cEu vou fazer de tudo para ganhe\u2026\u201d -&amp;url=https:\/\/cusquices.com\/tino-de-rans-apoia-concorrente-do-secret-story-9-eu-vou-fazer-de-tudo-para-ganhe\/', 'twitterShare', 'width=626,height=436'); return false;\" title=\"Tweet This Post\"><\/p>\n<p>Tweet<\/p>\n<p><\/a><br \/>\n\t\t\t\t\t\t\t\t\t\t\t\t<a href=\"whatsapp:\/\/send?text=Tino de Rans apoia concorrente do Secret Story 9: \u201cEu vou fazer de tudo para ganhe\u2026\u201d https:\/\/cusquices.com\/tino-de-rans-apoia-concorrente-do-secret-story-9-eu-vou-fazer-de-tudo-para-ganhe\/\" rel=\"nofollow\"><\/p>\n<p>Share<\/p>\n<p><\/a><br \/>\n\t\t\t\t\t\t\t\t\t\t\t\t<a href=\"#\" onclick=\"window.open('http:\/\/pinterest.com\/pin\/create\/button\/?url=https:\/\/cusquices.com\/tino-de-rans-apoia-concorrente-do-secret-story-9-eu-vou-fazer-de-tudo-para-ganhe\/&amp;media=https:\/\/cusquices.com\/wp-content\/uploads\/2025\/09\/tinorans-1000x600.jpg&amp;description=Tino de Rans apoia concorrente do Secret Story 9: \u201cEu vou fazer de tudo para ganhe\u2026\u201d', 'pinterestShare', 'width=750,height=350'); return false;\" title=\"Pin This Post\"><\/p>\n<p>Share<\/p>\n<p><\/a><br \/>\n\t\t\t\t\t\t\t\t\t\t\t\t<a href=\"mailto:?subject=Tino de Rans apoia concorrente do Secret Story 9: \u201cEu vou fazer de tudo para ganhe\u2026\u201d&amp;BODY=I found this article interesting and thought of sharing it with you. Check it out: https:\/\/cusquices.com\/tino-de-rans-apoia-concorrente-do-secret-story-9-eu-vou-fazer-de-tudo-para-ganhe\/\"><\/p>\n<p>Email<\/p>\n<p><\/a><br \/>\n\t\t\t\t\t\t\t\t\t\t\t\t\t\t\t\t\t\t\t\t\t\t\t\t\t\t\t\t\t\t\t\t\t\t\t\t\t\t\t\t\t\t\t\t\t\t\t\t\t\t\t\t\t<a href=\"https:\/\/cusquices.com\/tino-de-rans-apoia-concorrente-do-secret-story-9-eu-vou-fazer-de-tudo-para-ganhe\/#respond\" rel=\"nofollow noopener\" target=\"_blank\"><\/p>\n<p>Tino de Rans declarou apoio a concorrente do Secret Story 9 e revela liga\u00e7\u00e3o \u00e0 fam\u00edlia da concorrente.<\/p>\n<p>Vitorino Silva, mais conhecido como Tino de Rans, est\u00e1 a apoiar <strong>Ana, <\/strong>concorrente do <strong>Secret Story 9<\/strong>. O pol\u00edtico esteve \u00e0 conversa com a <strong>TV7 Dias <\/strong>e para al\u00e9m de revelar que \u00e9 candidato \u00e0 Presid\u00eancia da Rep\u00fablica, declarou o seu apoio a <strong>Ana<\/strong> e contou mais sobre a sua liga\u00e7\u00e3o \u00e0 fam\u00edlia da concorrente da \u2018Casa dos Segredos\u2019.<\/p>\n<p>O pol\u00edtico confessa que conhece a fam\u00edlia de Ana de longa data e que a fam\u00edlia da concorrente \u00e9 importante em Rans: <strong>\u201cO bisav\u00f4 da Ana foi o primeiro presidente de Junta de Freguesia eleito depois do 25 de abril, foi em 1976. Foi um homem que fez muito por Rans. Rans era uma terrinha um bocadinho paradinha. Foi ele que fez a Junta de Freguesia de Rans e rasgou e calcetou a rua principal, porque a estrada era de terra batida. Depois deixou de ser presidente de Junta, porque j\u00e1 era velhinho, mas estava sempre pronto para dar um conselho\u201d.<\/strong><\/p>\n<p>Tino desfaz-se em elogios \u00e0 fam\u00edlia da concorrente e confessa: \u201c<strong>Foi sempre gente que nos ajudou. Ele,  como era um grande contador de hist\u00f3rias, e eu, como sempre fui muito curioso, adorava estar ali a ouvir as hist\u00f3rias do bisav\u00f4 da Ana\u201d. <\/strong><\/p>\n<p>O pai de Ana tamb\u00e9m est\u00e1 ligado \u00e0 pol\u00edtica: <strong>\u201cO pai fez parte da Assembleia de Freguesia quando eu era presidente de Junta.  Eles s\u00e3o gente da comunidade\u201d.<\/strong><\/p>\n<p>Tino de Rans n\u00e3o esconde o seu apoio a Ana e promete ajudar em tudo que for poss\u00edvel para a levar \u00e0 vit\u00f3ria: <strong>\u201cEu vou fazer tudo por tudo para que ela ganhe, n\u00e3o s\u00f3 para ela, mas tamb\u00e9m para dar o pr\u00e9mio \u00e0quela fam\u00edlia que lutou muito. Tenho a certeza que tem Rans em peso com ela. O povo de Rans tem muito orgulho das pessoas da terra. Acho que vai ser muito bom Portugal conhecer esta gente, porque \u00e9 gente muito boa, muito simples, mas gente sempre pronta para ajudar\u201d.<\/strong><\/p>\n<p><strong>Leia tamb\u00e9m:<\/strong><\/p>\n<p>\t\t\t\t\t\t\t\t\t\t\t\t\t\t\t\t\t\t\t\t\t\t\t\t\t<img decoding=\"async\" src=\"https:\/\/www.europesays.com\/pt\/wp-content\/uploads\/2025\/09\/1758443114_763_cusquices-logo-52x.png\" class=\"webpexpress-processed\"\/><\/p>\n<p>\t\t\t\t\t\t\t\t\t\t\t\t\t\t\t\t\t\t\t\t\t            \t\t\t\t\t\t\t\t\t\t\t\t\t\t\t\t\t\t\t\t\t\t\t\t\t\t\t\t\t\t\t\t\t\t\t\t\t\t\t<script async src=\"https:\/\/platform.twitter.com\/widgets.js\" charset=\"utf-8\"><\/script><\/p>\n","protected":false},"excerpt":{"rendered":"Share Tweet Share Share Email Tino de Rans declarou apoio a concorrente do Secret Story 9 e revela&hellip;\n","protected":false},"author":2,"featured_media":87038,"comment_status":"","ping_status":"","sticky":false,"template":"","format":"standard","meta":{"footnotes":""},"categories":[85],"tags":[6340,2632,49,114,115,980,32,33],"class_list":{"0":"post-87037","1":"post","2":"type-post","3":"status-publish","4":"format-standard","5":"has-post-thumbnail","7":"category-entretenimento","8":"tag-ana","9":"tag-casa-dos-segredos","10":"tag-destaques","11":"tag-entertainment","12":"tag-entretenimento","13":"tag-famosos","14":"tag-portugal","15":"tag-pt"},"share_on_mastodon":{"url":"","error":""},"_links":{"self":[{"href":"https:\/\/www.europesays.com\/pt\/wp-json\/wp\/v2\/posts\/87037","targetHints":{"allow":["GET"]}}],"collection":[{"href":"https:\/\/www.europesays.com\/pt\/wp-json\/wp\/v2\/posts"}],"about":[{"href":"https:\/\/www.europesays.com\/pt\/wp-json\/wp\/v2\/types\/post"}],"author":[{"embeddable":true,"href":"https:\/\/www.europesays.com\/pt\/wp-json\/wp\/v2\/users\/2"}],"replies":[{"embeddable":true,"href":"https:\/\/www.europesays.com\/pt\/wp-json\/wp\/v2\/comments?post=87037"}],"version-history":[{"count":0,"href":"https:\/\/www.europesays.com\/pt\/wp-json\/wp\/v2\/posts\/87037\/revisions"}],"wp:featuredmedia":[{"embeddable":true,"href":"https:\/\/www.europesays.com\/pt\/wp-json\/wp\/v2\/media\/87038"}],"wp:attachment":[{"href":"https:\/\/www.europesays.com\/pt\/wp-json\/wp\/v2\/media?parent=87037"}],"wp:term":[{"taxonomy":"category","embeddable":true,"href":"https:\/\/www.europesays.com\/pt\/wp-json\/wp\/v2\/categories?post=87037"},{"taxonomy":"post_tag","embeddable":true,"href":"https:\/\/www.europesays.com\/pt\/wp-json\/wp\/v2\/tags?post=87037"}],"curies":[{"name":"wp","href":"https:\/\/api.w.org\/{rel}","templated":true}]}}